{"id":21587,"date":"2020-06-20T13:49:58","date_gmt":"2020-06-20T16:49:58","guid":{"rendered":"http:\/\/www.rtvnoticias.com.ar\/?p=21587"},"modified":"2020-06-20T13:50:03","modified_gmt":"2020-06-20T16:50:03","slug":"acto-por-el-200o-aniversario-del-fallecimiento-del-gral-manuel-belgrano","status":"publish","type":"post","link":"http:\/\/www.rtvnoticias.com.ar\/?p=21587","title":{"rendered":"Acto por el 200\u00ba aniversario del fallecimiento del Gral. Manuel Belgrano"},"content":{"rendered":"\n<p>Este s\u00e1bado 20 de junio tuvo lugar en la explanada del Palacio Municipal, la conmemoraci\u00f3n del 200\u00ba aniversario del fallecimiento del doctor Manuel Belgrano, creador de la Bandera Argentina.  <\/p>\n\n\n\n<p>Estuvieron presentes la intendenta municipal, Fernanda Alonso, el viceintendente, Daniel L\u00f3pez, concejales de la ciudad, el Presidente de la Asociaci\u00f3n Veteranos de Guerra de Malvinas \u201cAlberto Amesgaray\u201d, Diego Morano y autoridades de salud, policiales y castrenses. Cabe destacar que el acto tuvo una particular disposici\u00f3n por parte de las autoridades presentes, cumpliendo de esta manera estrictamente con las medidas preventivas que se aconseja guardar.<\/p>\n\n\n\n<p>Tras el izamiento del pabell\u00f3n nacional en el m\u00e1stil de la avenida San Mart\u00edn, los presentes entonaron las estrofas del himno nacional argentino<\/p>\n\n\n\n<p>PALABRAS ALUSIVAS<\/p>\n\n\n\n<p>Las palabras alusivas al General Manuel Belgrano estuvieron a cargo del secretario de Gobierno, Seguridad, Educaci\u00f3n y Cultura de la Municipalidad de General Pico, Pablo Pildain.<\/p>\n\n\n\n<p>\u201cEsta pandemia que nos toca enfrentar, impide la realizaci\u00f3n de un acto acorde al destacado hecho que hoy recordamos.  No es otro acto de homenaje, otro d\u00eda de la bandera m\u00e1s. En este, se cumplen 250 a\u00f1os del natalicio de Manuel Belgrano y 200 de su paso a la inmortalidad. El Gobierno de la Naci\u00f3n, determin\u00f3 al 2020 como el \u201cA\u00d1O DEL GENERAL MANUEL BELGRANO\u201d, resaltando su destacada  actuaci\u00f3n p\u00fablica en la independencia de nuestro pa\u00eds, en el marco de las luchas por la emancipaci\u00f3n sudamericana.  Por eso nos parece poco, este tan humilde acto, al que la pandemia nos obliga\u201d, asever\u00f3 el secretario de Gobierno.<\/p>\n\n\n\n<p>Pildain destac\u00f3 que la historia aprendida en nuestros primeros a\u00f1os de escuela primaria, nos pone siempre a Manuel Belgrano como el creador de nuestra ense\u00f1a patria y por ende, nuestra memoria tiende a relacionar su figura a nuestro s\u00edmbolo patrio: \u201cPero Manuel Jos\u00e9 Joaqu\u00edn del Sagrado Coraz\u00f3n de Jes\u00fas Belgrano,fue mucho, much\u00edsimo m\u00e1s que solo el creador de la bandera,  fue un hombre de probada austeridad y honradez, que sacrific\u00f3 sus propios intereses en pos de las necesidades de la Patria; siendo considerado por ello, como uno de los ejemplos m\u00e1s destacados de virtud c\u00edvica entre los hombres y mujeres que forjaron nuestra Naci\u00f3n\u201d, manifest\u00f3 Pildain.<\/p>\n\n\n\n<p>As\u00ed mismo, el funcionario municipal ahond\u00f3 en algunos aspectos de la figura del creador de nuestra ense\u00f1a patria, que no son tan conocidos: \u201cSus ideas de libertad, de reparto de tierra, de educaci\u00f3n femenina, algo completamente novedoso en la Am\u00e9rica colonial, de inclusi\u00f3n de la mujer en el ej\u00e9rcito, adelantado m\u00e1s de 150 a\u00f1os a su tiempo.  S\u00ed, pocas personas conocen el hecho de que Belgrano le otorg\u00f3 el cargo de Capitana del Ej\u00e9rcito del Norte, con paga y tropa de hombres a su mando a Mar\u00eda Remedios del Valle, que la historia que aprendimos, solo la nombra como una de las ni\u00f1as de Ayoh\u00fama. Varios proyectos fueron presentados en el Congreso de la Naci\u00f3n Argentina desde 1826 hasta 2010 para que a Mar\u00eda se le erija un monumento y fuera distinguida con el t\u00edtulo honor\u00edfico de Madre de La Patria. T\u00edtulo que hasta el d\u00eda de hoy, la Naci\u00f3n Argentina no otorg\u00f3, ni conmemora en acto oficial alguno, quiz\u00e1 por ser Mujer o por ser Negra, dos cosas que Belgrano ni siquiera consider\u00f3.<\/p>\n\n\n\n<p>Finalmente, Pablo Pildain solicit\u00f3 tener siempre presente a la figura del pr\u00f3cer,  a la hora de tomar decisiones importantes para nuestra comunidad:\u201cHoy,  como personas dignas de nuestra comunidad, que nos toca vivir un momento particular de la historia de nuestro pa\u00eds en medio de la pandemia  COVID-19, humildemente les pido, que en cada una de la decisiones que tenemos que tomar y cada acto que realicemos, nos tomemos el tiempo necesario para reflexionar teniendo como gu\u00eda la extraordinaria y dign\u00edsima vida del General Manuel Belgrano\u201d.<\/p>\n\n\n\n<p>COLOCACI\u00d3N DE \u00c1RBOLES<\/p>\n\n\n\n<p>Seguidamente y en homenaje a los 200 a\u00f1os de la creaci\u00f3n de nuestra ense\u00f1a patria, se procedi\u00f3 a colocar, en forma simb\u00f3lica, tres \u00e1rboles en la plaza Alsina, como parte de los 200  ejemplares que se plantaran  en diferentes espacios verdes y dem\u00e1s lugares designados de la ciudad.<\/p>\n\n\n\n<p>Por \u00faltimo, y  como cierre a del acto, se entonaron las estrofas de la canci\u00f3n \u201cMi Bandera\u201d.<\/p>\n<div class=\"sharedaddy sd-sharing-enabled\"><div class=\"robots-nocontent sd-block sd-social sd-social-icon sd-sharing\"><h3 class=\"sd-title\">Comparte esto:<\/h3><div class=\"sd-content\"><ul><li class=\"share-twitter\"><a rel=\"nofollow noopener noreferrer\" data-shared=\"sharing-twitter-21587\" class=\"share-twitter sd-button share-icon no-text\" href=\"http:\/\/www.rtvnoticias.com.ar\/?p=21587&amp;share=twitter\" target=\"_blank\" title=\"Haz clic para compartir en Twitter\"><span><\/span><span class=\"sharing-screen-reader-text\">Haz clic para compartir en Twitter (Se abre en una ventana nueva)<\/span><\/a><\/li><li class=\"share-facebook\"><a rel=\"nofollow noopener noreferrer\" data-shared=\"sharing-facebook-21587\" class=\"share-facebook sd-button share-icon no-text\" href=\"http:\/\/www.rtvnoticias.com.ar\/?p=21587&amp;share=facebook\" target=\"_blank\" title=\"Haz clic para compartir en Facebook\"><span><\/span><span class=\"sharing-screen-reader-text\">Haz clic para compartir en Facebook (Se abre en una ventana nueva)<\/span><\/a><\/li><li class=\"share-jetpack-whatsapp\"><a rel=\"nofollow noopener noreferrer\" data-shared=\"\" class=\"share-jetpack-whatsapp sd-button share-icon no-text\" href=\"http:\/\/www.rtvnoticias.com.ar\/?p=21587&amp;share=jetpack-whatsapp\" target=\"_blank\" title=\"Haz clic para compartir en WhatsApp\"><span><\/span><span class=\"sharing-screen-reader-text\">Haz clic para compartir en WhatsApp (Se abre en una ventana nueva)<\/span><\/a><\/li><li class=\"share-telegram\"><a rel=\"nofollow noopener noreferrer\" data-shared=\"\" class=\"share-telegram sd-button share-icon no-text\" href=\"http:\/\/www.rtvnoticias.com.ar\/?p=21587&amp;share=telegram\" target=\"_blank\" title=\"Haz clic para compartir en Telegram\"><span><\/span><span class=\"sharing-screen-reader-text\">Haz clic para compartir en Telegram (Se abre en una ventana nueva)<\/span><\/a><\/li><li class=\"share-end\"><\/li><\/ul><\/div><\/div><\/div>","protected":false},"excerpt":{"rendered":"<p>Este s\u00e1bado 20 de junio tuvo lugar en la explanada del Palacio Municipal, la conmemoraci\u00f3n del 200\u00ba aniversario del fallecimiento del doctor Manuel Belgrano, creador<\/p>\n<div class=\"sharedaddy sd-sharing-enabled\"><div class=\"robots-nocontent sd-block sd-social sd-social-icon sd-sharing\"><h3 class=\"sd-title\">Comparte esto:<\/h3><div class=\"sd-content\"><ul><li class=\"share-twitter\"><a rel=\"nofollow noopener noreferrer\" data-shared=\"sharing-twitter-21587\" class=\"share-twitter sd-button share-icon no-text\" href=\"http:\/\/www.rtvnoticias.com.ar\/?p=21587&amp;share=twitter\" target=\"_blank\" title=\"Haz clic para compartir en Twitter\"><span><\/span><span class=\"sharing-screen-reader-text\">Haz clic para compartir en Twitter (Se abre en una ventana nueva)<\/span><\/a><\/li><li class=\"share-facebook\"><a rel=\"nofollow noopener noreferrer\" data-shared=\"sharing-facebook-21587\" class=\"share-facebook sd-button share-icon no-text\" href=\"http:\/\/www.rtvnoticias.com.ar\/?p=21587&amp;share=facebook\" target=\"_blank\" title=\"Haz clic para compartir en Facebook\"><span><\/span><span class=\"sharing-screen-reader-text\">Haz clic para compartir en Facebook (Se abre en una ventana nueva)<\/span><\/a><\/li><li class=\"share-jetpack-whatsapp\"><a rel=\"nofollow noopener noreferrer\" data-shared=\"\" class=\"share-jetpack-whatsapp sd-button share-icon no-text\" href=\"http:\/\/www.rtvnoticias.com.ar\/?p=21587&amp;share=jetpack-whatsapp\" target=\"_blank\" title=\"Haz clic para compartir en WhatsApp\"><span><\/span><span class=\"sharing-screen-reader-text\">Haz clic para compartir en WhatsApp (Se abre en una ventana nueva)<\/span><\/a><\/li><li class=\"share-telegram\"><a rel=\"nofollow noopener noreferrer\" data-shared=\"\" class=\"share-telegram sd-button share-icon no-text\" href=\"http:\/\/www.rtvnoticias.com.ar\/?p=21587&amp;share=telegram\" target=\"_blank\" title=\"Haz clic para compartir en Telegram\"><span><\/span><span class=\"sharing-screen-reader-text\">Haz clic para compartir en Telegram (Se abre en una ventana nueva)<\/span><\/a><\/li><li class=\"share-end\"><\/li><\/ul><\/div><\/div><\/div>","protected":false},"author":7,"featured_media":21588,"comment_status":"closed","ping_status":"closed","sticky":false,"template":"","format":"standard","meta":{"spay_email":"","jetpack_publicize_message":"","jetpack_is_tweetstorm":false,"jetpack_publicize_feature_enabled":true},"categories":[3],"tags":[],"jetpack_featured_media_url":"http:\/\/www.rtvnoticias.com.ar\/wp-content\/uploads\/2020\/06\/Acto-20-junio.jpg","jetpack_publicize_connections":[],"jetpack_sharing_enabled":true,"_links":{"self":[{"href":"http:\/\/www.rtvnoticias.com.ar\/index.php?rest_route=\/wp\/v2\/posts\/21587"}],"collection":[{"href":"http:\/\/www.rtvnoticias.com.ar\/index.php?rest_route=\/wp\/v2\/posts"}],"about":[{"href":"http:\/\/www.rtvnoticias.com.ar\/index.php?rest_route=\/wp\/v2\/types\/post"}],"author":[{"embeddable":true,"href":"http:\/\/www.rtvnoticias.com.ar\/index.php?rest_route=\/wp\/v2\/users\/7"}],"replies":[{"embeddable":true,"href":"http:\/\/www.rtvnoticias.com.ar\/index.php?rest_route=%2Fwp%2Fv2%2Fcomments&post=21587"}],"version-history":[{"count":1,"href":"http:\/\/www.rtvnoticias.com.ar\/index.php?rest_route=\/wp\/v2\/posts\/21587\/revisions"}],"predecessor-version":[{"id":21589,"href":"http:\/\/www.rtvnoticias.com.ar\/index.php?rest_route=\/wp\/v2\/posts\/21587\/revisions\/21589"}],"wp:featuredmedia":[{"embeddable":true,"href":"http:\/\/www.rtvnoticias.com.ar\/index.php?rest_route=\/wp\/v2\/media\/21588"}],"wp:attachment":[{"href":"http:\/\/www.rtvnoticias.com.ar\/index.php?rest_route=%2Fwp%2Fv2%2Fmedia&parent=21587"}],"wp:term":[{"taxonomy":"category","embeddable":true,"href":"http:\/\/www.rtvnoticias.com.ar\/index.php?rest_route=%2Fwp%2Fv2%2Fcategories&post=21587"},{"taxonomy":"post_tag","embeddable":true,"href":"http:\/\/www.rtvnoticias.com.ar\/index.php?rest_route=%2Fwp%2Fv2%2Ftags&post=21587"}],"curies":[{"name":"wp","href":"https:\/\/api.w.org\/{rel}","templated":true}]}}