{"id":21603,"date":"2020-06-22T00:05:11","date_gmt":"2020-06-22T03:05:11","guid":{"rendered":"http:\/\/www.rtvnoticias.com.ar\/?p=21603"},"modified":"2020-06-21T20:28:05","modified_gmt":"2020-06-21T23:28:05","slug":"el-presidente-analizara-con-kicillof-y-rodriguez-larreta-la-situacion-en-el-amba","status":"publish","type":"post","link":"http:\/\/www.rtvnoticias.com.ar\/?p=21603","title":{"rendered":"El Presidente analizar\u00e1 con Kicillof y Rodr\u00edguez Larreta la situaci\u00f3n en el AMBA"},"content":{"rendered":"\n<p>Si bien la actual etapa de cuarentena vence reci\u00e9n el 28 de este mes, ante el vertiginoso incremento de los contagios Fern\u00e1ndez adelant\u00f3 que ese encuentro ser\u00e1 para \u00abtomar una decisi\u00f3n\u00bb con relaci\u00f3n al aislamiento social y obligatorio por la pandemia.<\/p>\n\n\n\n<p>El presidente Alberto Fern\u00e1ndez, el gobernador bonaerense, Axel Kicillof; y el jefe de Gobierno porte\u00f1o, Horacio Rodr\u00edguez Larreta, se reunir\u00e1n para analizar el avance de los contagios de coronavirus y el nivel de ocupaci\u00f3n de las camas de terapia intensiva en el \u00c1rea Metropolitana Buenos Aires (AMBA).<\/p>\n\n\n\n<p>En declaraciones a radio El Destape, Fern\u00e1ndez adelant\u00f3 que ese encuentro ser\u00e1 para \u00abtomar una decisi\u00f3n\u00bb con relaci\u00f3n al aislamiento social y obligatorio por la pandemia.<\/p>\n\n\n\n<p>Si bien la actual etapa de cuarentena vence reci\u00e9n el 28 de este mes, el vertiginoso incremento de los contagios en AMBA decidi\u00f3 al Presidente a convocar a Kicillof y Rodr\u00edguez Larreta a una reuni\u00f3n, de la que todav\u00eda se desconoce el horario.<\/p>\n\n\n\n<p>\u00abQuedamos en vernos el lunes los 3 para tomar una decisi\u00f3n. Estamos en una situaci\u00f3n muy complicada\u00bb, dijo el jefe de Estado, para quien los vecinos de la ciudad de Buenos Aires y del conurbano \u00abse han relajado\u00bb.<\/p>\n\n\n\n<blockquote class=\"wp-block-quote\"><p>Quedamos en vernos el lunes los 3 para tomar una decisi\u00f3n. Estamos en una situaci\u00f3n muy complicada\u201d<\/p><\/blockquote>\n\n\n\n<p>Fern\u00e1ndez est\u00e1 a favor de \u00abvolver a la disciplina del inicio\u00bb de la cuarentena, a partir del aumento significativo de casos de Covid-19 detectados en la \u00faltima semana y el porcentaje de ocupaci\u00f3n de las camas de los hospitales del AMBA, que en el conurbano alcanza al 60 por ciento.<\/p>\n\n\n\n<p>El viernes \u00faltimo Kicillof y Larreta conformaron una mesa t\u00e9cnica entre ambas jurisdicciones para analizar d\u00eda a d\u00eda las camas hospitalarias ocupadas, la velocidad de la curva de contagios, la circulaci\u00f3n social y la mortalidad.<\/p>\n\n\n\n<p>En la provincia de Buenos Aires, actualmente hay un total de 25.682 camas entre sector p\u00fablico y privado: 4946 de terapia intensiva (2239 en el conurbano), 3367 de cuidados intermedios y 17.549 de cuidados m\u00ednimos.<\/p>\n\n\n\n<p>La Ciudad, por su parte, cuenta con 1417 camas de terapia intensiva entre el sector p\u00fablico y privado y esta semana registr\u00f3 una ocupaci\u00f3n del 51 por ciento.<\/p>\n<div class=\"sharedaddy sd-sharing-enabled\"><div class=\"robots-nocontent sd-block sd-social sd-social-icon sd-sharing\"><h3 class=\"sd-title\">Comparte esto:<\/h3><div class=\"sd-content\"><ul><li class=\"share-twitter\"><a rel=\"nofollow noopener noreferrer\" data-shared=\"sharing-twitter-21603\" class=\"share-twitter sd-button share-icon no-text\" href=\"http:\/\/www.rtvnoticias.com.ar\/?p=21603&amp;share=twitter\" target=\"_blank\" title=\"Haz clic para compartir en Twitter\"><span><\/span><span class=\"sharing-screen-reader-text\">Haz clic para compartir en Twitter (Se abre en una ventana nueva)<\/span><\/a><\/li><li class=\"share-facebook\"><a rel=\"nofollow noopener noreferrer\" data-shared=\"sharing-facebook-21603\" class=\"share-facebook sd-button share-icon no-text\" href=\"http:\/\/www.rtvnoticias.com.ar\/?p=21603&amp;share=facebook\" target=\"_blank\" title=\"Haz clic para compartir en Facebook\"><span><\/span><span class=\"sharing-screen-reader-text\">Haz clic para compartir en Facebook (Se abre en una ventana nueva)<\/span><\/a><\/li><li class=\"share-jetpack-whatsapp\"><a rel=\"nofollow noopener noreferrer\" data-shared=\"\" class=\"share-jetpack-whatsapp sd-button share-icon no-text\" href=\"http:\/\/www.rtvnoticias.com.ar\/?p=21603&amp;share=jetpack-whatsapp\" target=\"_blank\" title=\"Haz clic para compartir en WhatsApp\"><span><\/span><span class=\"sharing-screen-reader-text\">Haz clic para compartir en WhatsApp (Se abre en una ventana nueva)<\/span><\/a><\/li><li class=\"share-telegram\"><a rel=\"nofollow noopener noreferrer\" data-shared=\"\" class=\"share-telegram sd-button share-icon no-text\" href=\"http:\/\/www.rtvnoticias.com.ar\/?p=21603&amp;share=telegram\" target=\"_blank\" title=\"Haz clic para compartir en Telegram\"><span><\/span><span class=\"sharing-screen-reader-text\">Haz clic para compartir en Telegram (Se abre en una ventana nueva)<\/span><\/a><\/li><li class=\"share-end\"><\/li><\/ul><\/div><\/div><\/div>","protected":false},"excerpt":{"rendered":"<p>Si bien la actual etapa de cuarentena vence reci\u00e9n el 28 de este mes, ante el vertiginoso incremento de los contagios Fern\u00e1ndez adelant\u00f3 que ese<\/p>\n<div class=\"sharedaddy sd-sharing-enabled\"><div class=\"robots-nocontent sd-block sd-social sd-social-icon sd-sharing\"><h3 class=\"sd-title\">Comparte esto:<\/h3><div class=\"sd-content\"><ul><li class=\"share-twitter\"><a rel=\"nofollow noopener noreferrer\" data-shared=\"sharing-twitter-21603\" class=\"share-twitter sd-button share-icon no-text\" href=\"http:\/\/www.rtvnoticias.com.ar\/?p=21603&amp;share=twitter\" target=\"_blank\" title=\"Haz clic para compartir en Twitter\"><span><\/span><span class=\"sharing-screen-reader-text\">Haz clic para compartir en Twitter (Se abre en una ventana nueva)<\/span><\/a><\/li><li class=\"share-facebook\"><a rel=\"nofollow noopener noreferrer\" data-shared=\"sharing-facebook-21603\" class=\"share-facebook sd-button share-icon no-text\" href=\"http:\/\/www.rtvnoticias.com.ar\/?p=21603&amp;share=facebook\" target=\"_blank\" title=\"Haz clic para compartir en Facebook\"><span><\/span><span class=\"sharing-screen-reader-text\">Haz clic para compartir en Facebook (Se abre en una ventana nueva)<\/span><\/a><\/li><li class=\"share-jetpack-whatsapp\"><a rel=\"nofollow noopener noreferrer\" data-shared=\"\" class=\"share-jetpack-whatsapp sd-button share-icon no-text\" href=\"http:\/\/www.rtvnoticias.com.ar\/?p=21603&amp;share=jetpack-whatsapp\" target=\"_blank\" title=\"Haz clic para compartir en WhatsApp\"><span><\/span><span class=\"sharing-screen-reader-text\">Haz clic para compartir en WhatsApp (Se abre en una ventana nueva)<\/span><\/a><\/li><li class=\"share-telegram\"><a rel=\"nofollow noopener noreferrer\" data-shared=\"\" class=\"share-telegram sd-button share-icon no-text\" href=\"http:\/\/www.rtvnoticias.com.ar\/?p=21603&amp;share=telegram\" target=\"_blank\" title=\"Haz clic para compartir en Telegram\"><span><\/span><span class=\"sharing-screen-reader-text\">Haz clic para compartir en Telegram (Se abre en una ventana nueva)<\/span><\/a><\/li><li class=\"share-end\"><\/li><\/ul><\/div><\/div><\/div>","protected":false},"author":7,"featured_media":21604,"comment_status":"closed","ping_status":"closed","sticky":false,"template":"","format":"standard","meta":{"spay_email":"","jetpack_publicize_message":"","jetpack_is_tweetstorm":false,"jetpack_publicize_feature_enabled":true},"categories":[5],"tags":[],"jetpack_featured_media_url":"http:\/\/www.rtvnoticias.com.ar\/wp-content\/uploads\/2020\/06\/af-kici-larreta.jpg","jetpack_publicize_connections":[],"jetpack_sharing_enabled":true,"_links":{"self":[{"href":"http:\/\/www.rtvnoticias.com.ar\/index.php?rest_route=\/wp\/v2\/posts\/21603"}],"collection":[{"href":"http:\/\/www.rtvnoticias.com.ar\/index.php?rest_route=\/wp\/v2\/posts"}],"about":[{"href":"http:\/\/www.rtvnoticias.com.ar\/index.php?rest_route=\/wp\/v2\/types\/post"}],"author":[{"embeddable":true,"href":"http:\/\/www.rtvnoticias.com.ar\/index.php?rest_route=\/wp\/v2\/users\/7"}],"replies":[{"embeddable":true,"href":"http:\/\/www.rtvnoticias.com.ar\/index.php?rest_route=%2Fwp%2Fv2%2Fcomments&post=21603"}],"version-history":[{"count":1,"href":"http:\/\/www.rtvnoticias.com.ar\/index.php?rest_route=\/wp\/v2\/posts\/21603\/revisions"}],"predecessor-version":[{"id":21605,"href":"http:\/\/www.rtvnoticias.com.ar\/index.php?rest_route=\/wp\/v2\/posts\/21603\/revisions\/21605"}],"wp:featuredmedia":[{"embeddable":true,"href":"http:\/\/www.rtvnoticias.com.ar\/index.php?rest_route=\/wp\/v2\/media\/21604"}],"wp:attachment":[{"href":"http:\/\/www.rtvnoticias.com.ar\/index.php?rest_route=%2Fwp%2Fv2%2Fmedia&parent=21603"}],"wp:term":[{"taxonomy":"category","embeddable":true,"href":"http:\/\/www.rtvnoticias.com.ar\/index.php?rest_route=%2Fwp%2Fv2%2Fcategories&post=21603"},{"taxonomy":"post_tag","embeddable":true,"href":"http:\/\/www.rtvnoticias.com.ar\/index.php?rest_route=%2Fwp%2Fv2%2Ftags&post=21603"}],"curies":[{"name":"wp","href":"https:\/\/api.w.org\/{rel}","templated":true}]}}