{"id":21606,"date":"2020-06-21T20:47:56","date_gmt":"2020-06-21T23:47:56","guid":{"rendered":"http:\/\/www.rtvnoticias.com.ar\/?p=21606"},"modified":"2020-06-21T20:48:01","modified_gmt":"2020-06-21T23:48:01","slug":"covid-19-argentina-19-muertes-en-las-ultimas-24-horas-y-1-581-nuevos-contagios","status":"publish","type":"post","link":"http:\/\/www.rtvnoticias.com.ar\/?p=21606","title":{"rendered":"Covid-19 Argentina: 19 muertes en las \u00faltimas 24 horas y 1.581 nuevos contagios"},"content":{"rendered":"\n<p>Esta ma\u00f1ana, tres meses y dos d\u00edas despu\u00e9s de que se decret\u00f3 el aislamiento \u201csocial, preventivo y obligatorio\u201d, el Ministerio de Salud de la Naci\u00f3n confirm\u00f3 que los muertos por COVID-19 ascendi\u00f3 a mil. Por la tarde, de acuerdo a los datos que arroj\u00f3 el segundo parte epidemiol\u00f3gico, la cifra de infectados y de fallecidos contin\u00faa en ascenso.<\/p>\n\n\n\n<p>Desde el \u00faltimo reporte emitido, se registraron 11 nuevas muertes. 9 hombres, cinco de 77, 56, 60, 56 y 90, residentes en la provincia de Buenos Aires; tres de 93, 72 y 45 a\u00f1os, residentes en la Ciudad de Buenos Aires (CABA); uno de 56 a\u00f1os, residente en la provincia de R\u00edo Negro; y una mujer de 64 a\u00f1os, residente en la provincia de Buenos Aires. Al momento la cantidad de personas fallecidas es 1.011.<\/p>\n\n\n\n<p>En total, al d\u00eda de la fecha, fueron confirmados 1.581 nuevos casos de COVID-19. Con estos registros, suman 42.785 positivos en el pa\u00eds. Del total de esos casos, 1.047 (2,4%) son importados, 16.101 (37,6%) son contactos estrechos de casos confirmados, 17.750 (41,5%) son casos de circulaci\u00f3n comunitaria y el resto se encuentra en investigaci\u00f3n epidemiol\u00f3gica.<\/p>\n\n\n\n<p>El primer caso positivo se identific\u00f3 el 3 de marzo y el 7 de ese mes se produjo el primer fallecimiento. Se trat\u00f3 de un hombre de 64 a\u00f1os que hab\u00eda viajado a Francia y se encontraba internado en el Hospital Argerich. La cifra de decesos anunciada hoy, equivale a un promedio de nueve muertos por d\u00eda.<\/p>\n\n\n\n<p>La cantidad de muertes diarias comenz\u00f3 a aumentar progresivamente en paralelo al crecimiento del n\u00famero de contagios. El 28 de abril, hubo 10 muertos en un solo d\u00eda. Desde esa fecha al 3 de junio, el promedio de muertes diarias se mantuvo en un decena. Pero al d\u00eda siguiente, el 4 de junio, se registraron 25 muertos en un solo d\u00eda y, desde esa fecha hasta hoy, el promedio ha sido de 23 muertos diarios. Ayer sin embargo, el n\u00famero descendi\u00f3 a 12 y esta ma\u00f1ana se anunciaron 8 nuevas muertes.<\/p>\n\n\n\n<p>Hasta el momento, la \u00fanica provincia libre de COVID-19 es Catamarca. Para alcanzar este logro, en el distrito gobernado por Ra\u00fal Jalil se combinaron las caracter\u00edsticas del territorio y una serie de estrategias y decisiones pol\u00edticas. De acuerdo con lo que cont\u00f3 Infobae, en un extenso art\u00edculo, la rapidez para adoptar medidas estrictas de contenci\u00f3n sanitaria, as\u00ed como tambi\u00e9n la suspensi\u00f3n de eventos masivos, el cierre de fronteras con Chile y la pronta incorporaci\u00f3n de los barbijos, fueron, aciertos de que, de alguna manera, lograron blindar a la provincia del virus.<\/p>\n\n\n\n<p>\u00bfPero por qu\u00e9 fueron tan estrictos? La ministra de Salud, Claudia Palladino, explic\u00f3 a este medio que el gobierno provincial ya ven\u00eda muy preocupado por el brote de dengue que afectaba al NOA y adem\u00e1s tuvo una mala experiencia con la epidemia de esa enfermedad en 2009.<\/p>\n\n\n\n<p>En cuanto al barbijo, la propuesta provino del mismo gobernador Jalil que vivi\u00f3 algunos a\u00f1os en Jap\u00f3n, un pa\u00eds en el cual el uso del tapabocas es mucho m\u00e1s habitual que en occidente. \u201cNo solo consideraban que era una buena medida preventiva sino que tambi\u00e9n funcionar\u00eda como un recordatorio f\u00edsico constante de que hay que cuidarse y mantenerse distanciado. Me hicieron la propuesta junto con la ex gobernadora Luc\u00eda Corpacci, que es infect\u00f3loga, y yo la acept\u00e9\u201d, record\u00f3 la doctora Palladino.<\/p>\n\n\n\n<p>La Organizaci\u00f3n Mundial de la Salud (OMS) alert\u00f3 que el mundo entr\u00f3 en una fase peligrosa de la pandemia de coronavirus, a medida que reabren los pa\u00edses que establecieron medidas de confinamiento o restricciones para frenar la propagaci\u00f3n de la enfermedad.<\/p>\n\n\n\n<p>\u201cMucha gente est\u00e1 evidentemente cansada de quedarse en casa. Los pa\u00edses est\u00e1n deseosos de reabrir su sociedad y su econom\u00eda. Pero el virus se sigue esparciendo con velocidad, todav\u00eda es mortal y mucha gente todav\u00eda es vulnerable\u201d, expres\u00f3 el jefe de la OMS, Tedros Adhanom Ghebreyesus, en una conferencia de prensa virtual.<\/p>\n\n\n\n<p>En el mundo se contagiaron 8.835.095 personas por el COVID-19. Del total, 465.051 pacientes fallecieron y 4.386.201 lograron recuperarse.<\/p>\n<div class=\"sharedaddy sd-sharing-enabled\"><div class=\"robots-nocontent sd-block sd-social sd-social-icon sd-sharing\"><h3 class=\"sd-title\">Comparte esto:<\/h3><div class=\"sd-content\"><ul><li class=\"share-twitter\"><a rel=\"nofollow noopener noreferrer\" data-shared=\"sharing-twitter-21606\" class=\"share-twitter sd-button share-icon no-text\" href=\"http:\/\/www.rtvnoticias.com.ar\/?p=21606&amp;share=twitter\" target=\"_blank\" title=\"Haz clic para compartir en Twitter\"><span><\/span><span class=\"sharing-screen-reader-text\">Haz clic para compartir en Twitter (Se abre en una ventana nueva)<\/span><\/a><\/li><li class=\"share-facebook\"><a rel=\"nofollow noopener noreferrer\" data-shared=\"sharing-facebook-21606\" class=\"share-facebook sd-button share-icon no-text\" href=\"http:\/\/www.rtvnoticias.com.ar\/?p=21606&amp;share=facebook\" target=\"_blank\" title=\"Haz clic para compartir en Facebook\"><span><\/span><span class=\"sharing-screen-reader-text\">Haz clic para compartir en Facebook (Se abre en una ventana nueva)<\/span><\/a><\/li><li class=\"share-jetpack-whatsapp\"><a rel=\"nofollow noopener noreferrer\" data-shared=\"\" class=\"share-jetpack-whatsapp sd-button share-icon no-text\" href=\"http:\/\/www.rtvnoticias.com.ar\/?p=21606&amp;share=jetpack-whatsapp\" target=\"_blank\" title=\"Haz clic para compartir en WhatsApp\"><span><\/span><span class=\"sharing-screen-reader-text\">Haz clic para compartir en WhatsApp (Se abre en una ventana nueva)<\/span><\/a><\/li><li class=\"share-telegram\"><a rel=\"nofollow noopener noreferrer\" data-shared=\"\" class=\"share-telegram sd-button share-icon no-text\" href=\"http:\/\/www.rtvnoticias.com.ar\/?p=21606&amp;share=telegram\" target=\"_blank\" title=\"Haz clic para compartir en Telegram\"><span><\/span><span class=\"sharing-screen-reader-text\">Haz clic para compartir en Telegram (Se abre en una ventana nueva)<\/span><\/a><\/li><li class=\"share-end\"><\/li><\/ul><\/div><\/div><\/div>","protected":false},"excerpt":{"rendered":"<p>Esta ma\u00f1ana, tres meses y dos d\u00edas despu\u00e9s de que se decret\u00f3 el aislamiento \u201csocial, preventivo y obligatorio\u201d, el Ministerio de Salud de la Naci\u00f3n<\/p>\n<div class=\"sharedaddy sd-sharing-enabled\"><div class=\"robots-nocontent sd-block sd-social sd-social-icon sd-sharing\"><h3 class=\"sd-title\">Comparte esto:<\/h3><div class=\"sd-content\"><ul><li class=\"share-twitter\"><a rel=\"nofollow noopener noreferrer\" data-shared=\"sharing-twitter-21606\" class=\"share-twitter sd-button share-icon no-text\" href=\"http:\/\/www.rtvnoticias.com.ar\/?p=21606&amp;share=twitter\" target=\"_blank\" title=\"Haz clic para compartir en Twitter\"><span><\/span><span class=\"sharing-screen-reader-text\">Haz clic para compartir en Twitter (Se abre en una ventana nueva)<\/span><\/a><\/li><li class=\"share-facebook\"><a rel=\"nofollow noopener noreferrer\" data-shared=\"sharing-facebook-21606\" class=\"share-facebook sd-button share-icon no-text\" href=\"http:\/\/www.rtvnoticias.com.ar\/?p=21606&amp;share=facebook\" target=\"_blank\" title=\"Haz clic para compartir en Facebook\"><span><\/span><span class=\"sharing-screen-reader-text\">Haz clic para compartir en Facebook (Se abre en una ventana nueva)<\/span><\/a><\/li><li class=\"share-jetpack-whatsapp\"><a rel=\"nofollow noopener noreferrer\" data-shared=\"\" class=\"share-jetpack-whatsapp sd-button share-icon no-text\" href=\"http:\/\/www.rtvnoticias.com.ar\/?p=21606&amp;share=jetpack-whatsapp\" target=\"_blank\" title=\"Haz clic para compartir en WhatsApp\"><span><\/span><span class=\"sharing-screen-reader-text\">Haz clic para compartir en WhatsApp (Se abre en una ventana nueva)<\/span><\/a><\/li><li class=\"share-telegram\"><a rel=\"nofollow noopener noreferrer\" data-shared=\"\" class=\"share-telegram sd-button share-icon no-text\" href=\"http:\/\/www.rtvnoticias.com.ar\/?p=21606&amp;share=telegram\" target=\"_blank\" title=\"Haz clic para compartir en Telegram\"><span><\/span><span class=\"sharing-screen-reader-text\">Haz clic para compartir en Telegram (Se abre en una ventana nueva)<\/span><\/a><\/li><li class=\"share-end\"><\/li><\/ul><\/div><\/div><\/div>","protected":false},"author":7,"featured_media":20742,"comment_status":"closed","ping_status":"closed","sticky":false,"template":"","format":"standard","meta":{"spay_email":"","jetpack_publicize_message":"","jetpack_is_tweetstorm":false,"jetpack_publicize_feature_enabled":true},"categories":[5],"tags":[],"jetpack_featured_media_url":"http:\/\/www.rtvnoticias.com.ar\/wp-content\/uploads\/2020\/05\/corona-rtv.png","jetpack_publicize_connections":[],"jetpack_sharing_enabled":true,"_links":{"self":[{"href":"http:\/\/www.rtvnoticias.com.ar\/index.php?rest_route=\/wp\/v2\/posts\/21606"}],"collection":[{"href":"http:\/\/www.rtvnoticias.com.ar\/index.php?rest_route=\/wp\/v2\/posts"}],"about":[{"href":"http:\/\/www.rtvnoticias.com.ar\/index.php?rest_route=\/wp\/v2\/types\/post"}],"author":[{"embeddable":true,"href":"http:\/\/www.rtvnoticias.com.ar\/index.php?rest_route=\/wp\/v2\/users\/7"}],"replies":[{"embeddable":true,"href":"http:\/\/www.rtvnoticias.com.ar\/index.php?rest_route=%2Fwp%2Fv2%2Fcomments&post=21606"}],"version-history":[{"count":1,"href":"http:\/\/www.rtvnoticias.com.ar\/index.php?rest_route=\/wp\/v2\/posts\/21606\/revisions"}],"predecessor-version":[{"id":21607,"href":"http:\/\/www.rtvnoticias.com.ar\/index.php?rest_route=\/wp\/v2\/posts\/21606\/revisions\/21607"}],"wp:featuredmedia":[{"embeddable":true,"href":"http:\/\/www.rtvnoticias.com.ar\/index.php?rest_route=\/wp\/v2\/media\/20742"}],"wp:attachment":[{"href":"http:\/\/www.rtvnoticias.com.ar\/index.php?rest_route=%2Fwp%2Fv2%2Fmedia&parent=21606"}],"wp:term":[{"taxonomy":"category","embeddable":true,"href":"http:\/\/www.rtvnoticias.com.ar\/index.php?rest_route=%2Fwp%2Fv2%2Fcategories&post=21606"},{"taxonomy":"post_tag","embeddable":true,"href":"http:\/\/www.rtvnoticias.com.ar\/index.php?rest_route=%2Fwp%2Fv2%2Ftags&post=21606"}],"curies":[{"name":"wp","href":"https:\/\/api.w.org\/{rel}","templated":true}]}}