{"id":21652,"date":"2020-06-24T00:44:48","date_gmt":"2020-06-24T03:44:48","guid":{"rendered":"http:\/\/www.rtvnoticias.com.ar\/?p=21652"},"modified":"2020-06-23T22:37:36","modified_gmt":"2020-06-24T01:37:36","slug":"marino-propone-declarar-a-internet-como-derecho-humano","status":"publish","type":"post","link":"http:\/\/www.rtvnoticias.com.ar\/?p=21652","title":{"rendered":"Marino propone declarar a internet como derecho humano"},"content":{"rendered":"\n<p>El senador nacional Juan Carlos Marino, designado vicepresidente  <br>de la Comisi\u00f3n de Sistemas, Medios de Comunicaci\u00f3n y Libertad de Expresi\u00f3n, propuso declarar a internet como derecho humano. <\/p>\n\n\n\n<p>Mediante una sesi\u00f3n remota de acuerdo a la metodolog\u00eda que se viene utilizando en ambas c\u00e1maras del Congreso de la Naci\u00f3n, la Comisi\u00f3n de Sistemas, Medios de Comunicaci\u00f3n y Libertad\u00a0 de Expresi\u00f3n mantuvo una reuni\u00f3n para definir sus autoridades y la agenda de trabajo para el a\u00f1o en curso.<\/p>\n\n\n\n<p>En la misma, adem\u00e1s de establecer algunas de las tem\u00e1ticas que ser\u00e1n abordadas pr\u00f3ximamente como trabajo a distancia o teletrabajo, fueron elegidos los senadores que dirigir\u00e1n dicha comisi\u00f3n. En consecuencia, el Presidente de la Comisi\u00f3n de Sistemas, Medios de Comunicaci\u00f3n y Libertad de Expresi\u00f3n ser\u00e1 el senador Alfredo Luenzo (Chubut \u2013 Frente de Todos), su Vicepresidente Juan Carlos Marino (La Pampa \u2013 Cambiemos) y el Secretario Guillermo Snopek (Jujuy \u2013 Frente de Todos).<\/p>\n\n\n\n<p>Al respecto, el legislador pampeano manifest\u00f3 que \u201ces un verdadero orgullo continuar trabajando en esta comisi\u00f3n y, a\u00fan m\u00e1s, que mis pares me hayan elegido para el cargo de Vicepresidente. Es un reconocimiento a la labor que hemos desarrollado y a los pampeanos. Ya hemos delineado junto a mi equipo algunos de los temas m\u00e1s relevantes a estudiar. Entre los primeros, est\u00e1 la propuesta de declarar el acceso a Internet como derecho humano, que conf\u00edo ser\u00e1 tratada con celeridad.\u201d<\/p>\n\n\n\n<p>La iniciativa presentada por Marino declara el acceso a Internet como derecho humano de car\u00e1cter universal, por lo que la provisi\u00f3n de dicho servicio deber\u00e1 ser gratuita para los usuarios en condiciones de vulnerabilidad social o econ\u00f3mica. Asimismo, reconoce el car\u00e1cter de servicio p\u00fablico esencial y estrat\u00e9gico de las Tecnolog\u00edas de la Informaci\u00f3n y las Comunicaciones (TIC) en relaci\u00f3n al uso y acceso a las redes de telecomunicaciones, para as\u00ed garantizar el derecho humano de acceso a Internet.<\/p>\n\n\n\n<p>En cuanto a la fijaci\u00f3n de precios y tarifas del servicio de Internet, estar\u00e1n a cargo de los licenciatarios de servicios de TIC, pero siempre velando porque sean justos y razonables, de modo tal que permitan cubrir los costos de explotaci\u00f3n de una prestaci\u00f3n eficiente y sostenible y, a la vez, obtener un margen razonable sobre la operaci\u00f3n.<\/p>\n\n\n\n<p>Marino explic\u00f3 que \u201ces un proyecto que venimos trabajando y consultando hace tiempo y la situaci\u00f3n actual de cuarentena lo hace m\u00e1s relevante que nunca. Hoy todo pasa por lo digital: las comunicaciones interpersonales, la consulta con el m\u00e9dico, gran parte de las actividades laborales, el comercio, las transacciones bancarias o incluso las reuniones y sesiones que venimos desarrollando en el Senado. Lo que antes ve\u00edamos como algo que facilitaba o hac\u00eda m\u00e1s \u00e1gil nuestra vida cotidiana hoy se volvi\u00f3 imprescindible y en algunos casos vital\u201d.<\/p>\n\n\n\n<p>\u201cQuien no tenga acceso a Internet claramente queda en desventaja o al margen de muchos aspectos de la vida en sociedad. Buscamos que esa importancia que posee en la pr\u00e1ctica tenga una legislaci\u00f3n actualizada que la respalde. No estamos refiri\u00e9ndonos a un lujo, sino a un derecho humano contemplado por diversos tratados internacionales como, por ejemplo, el llamado Pacto de San Jos\u00e9 de Costa Rica. Debemos velar porque todos los argentinos puedan tener acceso a este servicio sin importar su condici\u00f3n econ\u00f3mico-social, poniendo especial foco en los sectores m\u00e1s vulnerables. La falta de acceso a Internet redunda en una situaci\u00f3n de falta de oportunidades que perpet\u00faa y acent\u00faa las situaciones m\u00e1s desfavorables\u201d finaliz\u00f3 el senador por La Pampa.<br><\/p>\n<div class=\"sharedaddy sd-sharing-enabled\"><div class=\"robots-nocontent sd-block sd-social sd-social-icon sd-sharing\"><h3 class=\"sd-title\">Comparte esto:<\/h3><div class=\"sd-content\"><ul><li class=\"share-twitter\"><a rel=\"nofollow noopener noreferrer\" data-shared=\"sharing-twitter-21652\" class=\"share-twitter sd-button share-icon no-text\" href=\"http:\/\/www.rtvnoticias.com.ar\/?p=21652&amp;share=twitter\" target=\"_blank\" title=\"Haz clic para compartir en Twitter\"><span><\/span><span class=\"sharing-screen-reader-text\">Haz clic para compartir en Twitter (Se abre en una ventana nueva)<\/span><\/a><\/li><li class=\"share-facebook\"><a rel=\"nofollow noopener noreferrer\" data-shared=\"sharing-facebook-21652\" class=\"share-facebook sd-button share-icon no-text\" href=\"http:\/\/www.rtvnoticias.com.ar\/?p=21652&amp;share=facebook\" target=\"_blank\" title=\"Haz clic para compartir en Facebook\"><span><\/span><span class=\"sharing-screen-reader-text\">Haz clic para compartir en Facebook (Se abre en una ventana nueva)<\/span><\/a><\/li><li class=\"share-jetpack-whatsapp\"><a rel=\"nofollow noopener noreferrer\" data-shared=\"\" class=\"share-jetpack-whatsapp sd-button share-icon no-text\" href=\"http:\/\/www.rtvnoticias.com.ar\/?p=21652&amp;share=jetpack-whatsapp\" target=\"_blank\" title=\"Haz clic para compartir en WhatsApp\"><span><\/span><span class=\"sharing-screen-reader-text\">Haz clic para compartir en WhatsApp (Se abre en una ventana nueva)<\/span><\/a><\/li><li class=\"share-telegram\"><a rel=\"nofollow noopener noreferrer\" data-shared=\"\" class=\"share-telegram sd-button share-icon no-text\" href=\"http:\/\/www.rtvnoticias.com.ar\/?p=21652&amp;share=telegram\" target=\"_blank\" title=\"Haz clic para compartir en Telegram\"><span><\/span><span class=\"sharing-screen-reader-text\">Haz clic para compartir en Telegram (Se abre en una ventana nueva)<\/span><\/a><\/li><li class=\"share-end\"><\/li><\/ul><\/div><\/div><\/div>","protected":false},"excerpt":{"rendered":"<p>El senador nacional Juan Carlos Marino, designado vicepresidente de la Comisi\u00f3n de Sistemas, Medios de Comunicaci\u00f3n y Libertad de Expresi\u00f3n, propuso declarar a internet como<\/p>\n<div class=\"sharedaddy sd-sharing-enabled\"><div class=\"robots-nocontent sd-block sd-social sd-social-icon sd-sharing\"><h3 class=\"sd-title\">Comparte esto:<\/h3><div class=\"sd-content\"><ul><li class=\"share-twitter\"><a rel=\"nofollow noopener noreferrer\" data-shared=\"sharing-twitter-21652\" class=\"share-twitter sd-button share-icon no-text\" href=\"http:\/\/www.rtvnoticias.com.ar\/?p=21652&amp;share=twitter\" target=\"_blank\" title=\"Haz clic para compartir en Twitter\"><span><\/span><span class=\"sharing-screen-reader-text\">Haz clic para compartir en Twitter (Se abre en una ventana nueva)<\/span><\/a><\/li><li class=\"share-facebook\"><a rel=\"nofollow noopener noreferrer\" data-shared=\"sharing-facebook-21652\" class=\"share-facebook sd-button share-icon no-text\" href=\"http:\/\/www.rtvnoticias.com.ar\/?p=21652&amp;share=facebook\" target=\"_blank\" title=\"Haz clic para compartir en Facebook\"><span><\/span><span class=\"sharing-screen-reader-text\">Haz clic para compartir en Facebook (Se abre en una ventana nueva)<\/span><\/a><\/li><li class=\"share-jetpack-whatsapp\"><a rel=\"nofollow noopener noreferrer\" data-shared=\"\" class=\"share-jetpack-whatsapp sd-button share-icon no-text\" href=\"http:\/\/www.rtvnoticias.com.ar\/?p=21652&amp;share=jetpack-whatsapp\" target=\"_blank\" title=\"Haz clic para compartir en WhatsApp\"><span><\/span><span class=\"sharing-screen-reader-text\">Haz clic para compartir en WhatsApp (Se abre en una ventana nueva)<\/span><\/a><\/li><li class=\"share-telegram\"><a rel=\"nofollow noopener noreferrer\" data-shared=\"\" class=\"share-telegram sd-button share-icon no-text\" href=\"http:\/\/www.rtvnoticias.com.ar\/?p=21652&amp;share=telegram\" target=\"_blank\" title=\"Haz clic para compartir en Telegram\"><span><\/span><span class=\"sharing-screen-reader-text\">Haz clic para compartir en Telegram (Se abre en una ventana nueva)<\/span><\/a><\/li><li class=\"share-end\"><\/li><\/ul><\/div><\/div><\/div>","protected":false},"author":5,"featured_media":15717,"comment_status":"closed","ping_status":"closed","sticky":false,"template":"","format":"standard","meta":{"spay_email":"","jetpack_publicize_message":"","jetpack_is_tweetstorm":false,"jetpack_publicize_feature_enabled":true},"categories":[4],"tags":[3351],"jetpack_featured_media_url":"http:\/\/www.rtvnoticias.com.ar\/wp-content\/uploads\/2019\/10\/marino-juancarlos-2-1.jpg","jetpack_publicize_connections":[],"jetpack_sharing_enabled":true,"_links":{"self":[{"href":"http:\/\/www.rtvnoticias.com.ar\/index.php?rest_route=\/wp\/v2\/posts\/21652"}],"collection":[{"href":"http:\/\/www.rtvnoticias.com.ar\/index.php?rest_route=\/wp\/v2\/posts"}],"about":[{"href":"http:\/\/www.rtvnoticias.com.ar\/index.php?rest_route=\/wp\/v2\/types\/post"}],"author":[{"embeddable":true,"href":"http:\/\/www.rtvnoticias.com.ar\/index.php?rest_route=\/wp\/v2\/users\/5"}],"replies":[{"embeddable":true,"href":"http:\/\/www.rtvnoticias.com.ar\/index.php?rest_route=%2Fwp%2Fv2%2Fcomments&post=21652"}],"version-history":[{"count":1,"href":"http:\/\/www.rtvnoticias.com.ar\/index.php?rest_route=\/wp\/v2\/posts\/21652\/revisions"}],"predecessor-version":[{"id":21653,"href":"http:\/\/www.rtvnoticias.com.ar\/index.php?rest_route=\/wp\/v2\/posts\/21652\/revisions\/21653"}],"wp:featuredmedia":[{"embeddable":true,"href":"http:\/\/www.rtvnoticias.com.ar\/index.php?rest_route=\/wp\/v2\/media\/15717"}],"wp:attachment":[{"href":"http:\/\/www.rtvnoticias.com.ar\/index.php?rest_route=%2Fwp%2Fv2%2Fmedia&parent=21652"}],"wp:term":[{"taxonomy":"category","embeddable":true,"href":"http:\/\/www.rtvnoticias.com.ar\/index.php?rest_route=%2Fwp%2Fv2%2Fcategories&post=21652"},{"taxonomy":"post_tag","embeddable":true,"href":"http:\/\/www.rtvnoticias.com.ar\/index.php?rest_route=%2Fwp%2Fv2%2Ftags&post=21652"}],"curies":[{"name":"wp","href":"https:\/\/api.w.org\/{rel}","templated":true}]}}