{"id":21663,"date":"2020-06-24T17:55:41","date_gmt":"2020-06-24T20:55:41","guid":{"rendered":"http:\/\/www.rtvnoticias.com.ar\/?p=21663"},"modified":"2020-06-24T17:55:46","modified_gmt":"2020-06-24T20:55:46","slug":"la-tercera-etapa-de-atp-sera-por-segmentacion-de-zonas","status":"publish","type":"post","link":"http:\/\/www.rtvnoticias.com.ar\/?p=21663","title":{"rendered":"La tercera etapa de ATP ser\u00e1 por segmentaci\u00f3n de zonas"},"content":{"rendered":"\n<p>El Gabinete Econ\u00f3mico del gobierno nacional resolvi\u00f3 dividir el subsidio para empresas registradas en el programa de Asistencia de Emergencia al Trabajo y la Producci\u00f3n -ATP- de acuerdo a los sectores y las zonas territoriales para bajar el gasto que le genera al Estado dicha ayuda.<\/p>\n\n\n\n<p>La tercera versi\u00f3n de la ATP ser\u00e1 distinta a las dos anteriores: diferenciar\u00e1 entre sectores cr\u00edticos de la econom\u00eda, como hoteler\u00eda y turismo, y entre zonas que est\u00e1n en fase de distanciamiento o aislamiento social, es decir, DISPO o ASPO.<\/p>\n\n\n\n<p>En una reuni\u00f3n encabezada por Santiago Cafiero<a href=\"https:\/\/static.cdn.cadena3.com\/pagina\/tag\/?q=Santiago%20Cafiero\">o<\/a>, los funcionarios de las \u00e1reas econ\u00f3micas del Gobierno\u00a0definieron que en las zonas donde ya se realizaron aperturas econ\u00f3micas haya un recorte de la ATP.<\/p>\n\n\n\n<p>En concreto, en estas regiones, que contemplan el 85% del territorio,&nbsp;la ATP seguir\u00e1 cubriendo el 50% del salario, pero s\u00f3lo hasta uno m\u00ednimo, es decir, la mitad que lo que dictaban la primera y segunda versi\u00f3n del subsidio.<\/p>\n\n\n\n<p>Adem\u00e1s, se resolvi\u00f3 que s\u00f3lo estar\u00e1n alcanzadas por la ATP las empresas que tengan menos de 800 trabajadores, por lo que las grandes empresas no podr\u00e1n acceder m\u00e1s al subsidio.<\/p>\n\n\n\n<p>En el caso de las zonas m\u00e1s afectadas por la pandemia, como el AMBA, Resistencia (Chaco) y distintas localidades de C\u00f3rdoba y R\u00edo Negro, la ATP continuar\u00e1 igual: cubrir\u00e1 el 50% de sueldo hasta dos salarios m\u00ednimos.<\/p>\n\n\n\n<figure class=\"wp-block-image\"><img decoding=\"async\" src=\"https:\/\/www.cadena3.com\/admin\/playerswf\/fotos\/ARCHI_767267.jpg\" alt=\"\"\/><\/figure>\n\n\n\n<p>Lo mismo suceder\u00e1 en el caso de los sectores que no est\u00e1n funcionando o tienen muy reducida su facturaci\u00f3n por la pandemia, como es el caso de la Hoteler\u00eda y el Turismo, independientemente de la zona territorial en el que se encuentren.<\/p>\n\n\n\n<p>En efecto, el Gobierno plantea una doble divisi\u00f3n: una territorial y otra epidemiol\u00f3gica, para focalizar la llegada del subsidio en los sectores que m\u00e1s lo demandan, planteando una reducci\u00f3n del gasto en un contexto de necesidad de reducir las erogaciones estatales.<\/p>\n\n\n\n<p>La vicejefa de Gabinete,\u00a0Cecilia Todesca, dijo a\u00a0Cadena 3\u00a0que decidieron segmentar el pa\u00eds, ya que algunos sectores se encuentran en un nivel de recuperaci\u00f3n de la actividad \u00abbien alto\u00bb.<\/p>\n\n\n\n<p>\u00abLa ayuda contin\u00faa a todos, pero se reduce el importe en sectores con mejor situaci\u00f3n epidemiol\u00f3gica. Los cr\u00edticos, est\u00e9n donde est\u00e9n, ser\u00e1 hasta dos salarios m\u00ednimos, vital y m\u00f3vil\u00bb, subray\u00f3.<\/p>\n\n\n\n<p>Fuente: Cadena 3<\/p>\n<div class=\"sharedaddy sd-sharing-enabled\"><div class=\"robots-nocontent sd-block sd-social sd-social-icon sd-sharing\"><h3 class=\"sd-title\">Comparte esto:<\/h3><div class=\"sd-content\"><ul><li class=\"share-twitter\"><a rel=\"nofollow noopener noreferrer\" data-shared=\"sharing-twitter-21663\" class=\"share-twitter sd-button share-icon no-text\" href=\"http:\/\/www.rtvnoticias.com.ar\/?p=21663&amp;share=twitter\" target=\"_blank\" title=\"Haz clic para compartir en Twitter\"><span><\/span><span class=\"sharing-screen-reader-text\">Haz clic para compartir en Twitter (Se abre en una ventana nueva)<\/span><\/a><\/li><li class=\"share-facebook\"><a rel=\"nofollow noopener noreferrer\" data-shared=\"sharing-facebook-21663\" class=\"share-facebook sd-button share-icon no-text\" href=\"http:\/\/www.rtvnoticias.com.ar\/?p=21663&amp;share=facebook\" target=\"_blank\" title=\"Haz clic para compartir en Facebook\"><span><\/span><span class=\"sharing-screen-reader-text\">Haz clic para compartir en Facebook (Se abre en una ventana nueva)<\/span><\/a><\/li><li class=\"share-jetpack-whatsapp\"><a rel=\"nofollow noopener noreferrer\" data-shared=\"\" class=\"share-jetpack-whatsapp sd-button share-icon no-text\" href=\"http:\/\/www.rtvnoticias.com.ar\/?p=21663&amp;share=jetpack-whatsapp\" target=\"_blank\" title=\"Haz clic para compartir en WhatsApp\"><span><\/span><span class=\"sharing-screen-reader-text\">Haz clic para compartir en WhatsApp (Se abre en una ventana nueva)<\/span><\/a><\/li><li class=\"share-telegram\"><a rel=\"nofollow noopener noreferrer\" data-shared=\"\" class=\"share-telegram sd-button share-icon no-text\" href=\"http:\/\/www.rtvnoticias.com.ar\/?p=21663&amp;share=telegram\" target=\"_blank\" title=\"Haz clic para compartir en Telegram\"><span><\/span><span class=\"sharing-screen-reader-text\">Haz clic para compartir en Telegram (Se abre en una ventana nueva)<\/span><\/a><\/li><li class=\"share-end\"><\/li><\/ul><\/div><\/div><\/div>","protected":false},"excerpt":{"rendered":"<p>El Gabinete Econ\u00f3mico del gobierno nacional resolvi\u00f3 dividir el subsidio para empresas registradas en el programa de Asistencia de Emergencia al Trabajo y la Producci\u00f3n<\/p>\n<div class=\"sharedaddy sd-sharing-enabled\"><div class=\"robots-nocontent sd-block sd-social sd-social-icon sd-sharing\"><h3 class=\"sd-title\">Comparte esto:<\/h3><div class=\"sd-content\"><ul><li class=\"share-twitter\"><a rel=\"nofollow noopener noreferrer\" data-shared=\"sharing-twitter-21663\" class=\"share-twitter sd-button share-icon no-text\" href=\"http:\/\/www.rtvnoticias.com.ar\/?p=21663&amp;share=twitter\" target=\"_blank\" title=\"Haz clic para compartir en Twitter\"><span><\/span><span class=\"sharing-screen-reader-text\">Haz clic para compartir en Twitter (Se abre en una ventana nueva)<\/span><\/a><\/li><li class=\"share-facebook\"><a rel=\"nofollow noopener noreferrer\" data-shared=\"sharing-facebook-21663\" class=\"share-facebook sd-button share-icon no-text\" href=\"http:\/\/www.rtvnoticias.com.ar\/?p=21663&amp;share=facebook\" target=\"_blank\" title=\"Haz clic para compartir en Facebook\"><span><\/span><span class=\"sharing-screen-reader-text\">Haz clic para compartir en Facebook (Se abre en una ventana nueva)<\/span><\/a><\/li><li class=\"share-jetpack-whatsapp\"><a rel=\"nofollow noopener noreferrer\" data-shared=\"\" class=\"share-jetpack-whatsapp sd-button share-icon no-text\" href=\"http:\/\/www.rtvnoticias.com.ar\/?p=21663&amp;share=jetpack-whatsapp\" target=\"_blank\" title=\"Haz clic para compartir en WhatsApp\"><span><\/span><span class=\"sharing-screen-reader-text\">Haz clic para compartir en WhatsApp (Se abre en una ventana nueva)<\/span><\/a><\/li><li class=\"share-telegram\"><a rel=\"nofollow noopener noreferrer\" data-shared=\"\" class=\"share-telegram sd-button share-icon no-text\" href=\"http:\/\/www.rtvnoticias.com.ar\/?p=21663&amp;share=telegram\" target=\"_blank\" title=\"Haz clic para compartir en Telegram\"><span><\/span><span class=\"sharing-screen-reader-text\">Haz clic para compartir en Telegram (Se abre en una ventana nueva)<\/span><\/a><\/li><li class=\"share-end\"><\/li><\/ul><\/div><\/div><\/div>","protected":false},"author":5,"featured_media":21666,"comment_status":"closed","ping_status":"closed","sticky":false,"template":"","format":"standard","meta":{"spay_email":"","jetpack_publicize_message":"","jetpack_is_tweetstorm":false,"jetpack_publicize_feature_enabled":true},"categories":[5,1],"tags":[3352],"jetpack_featured_media_url":"http:\/\/www.rtvnoticias.com.ar\/wp-content\/uploads\/2020\/06\/gabinete-econ\u00f3mico.jpg","jetpack_publicize_connections":[],"jetpack_sharing_enabled":true,"_links":{"self":[{"href":"http:\/\/www.rtvnoticias.com.ar\/index.php?rest_route=\/wp\/v2\/posts\/21663"}],"collection":[{"href":"http:\/\/www.rtvnoticias.com.ar\/index.php?rest_route=\/wp\/v2\/posts"}],"about":[{"href":"http:\/\/www.rtvnoticias.com.ar\/index.php?rest_route=\/wp\/v2\/types\/post"}],"author":[{"embeddable":true,"href":"http:\/\/www.rtvnoticias.com.ar\/index.php?rest_route=\/wp\/v2\/users\/5"}],"replies":[{"embeddable":true,"href":"http:\/\/www.rtvnoticias.com.ar\/index.php?rest_route=%2Fwp%2Fv2%2Fcomments&post=21663"}],"version-history":[{"count":1,"href":"http:\/\/www.rtvnoticias.com.ar\/index.php?rest_route=\/wp\/v2\/posts\/21663\/revisions"}],"predecessor-version":[{"id":21667,"href":"http:\/\/www.rtvnoticias.com.ar\/index.php?rest_route=\/wp\/v2\/posts\/21663\/revisions\/21667"}],"wp:featuredmedia":[{"embeddable":true,"href":"http:\/\/www.rtvnoticias.com.ar\/index.php?rest_route=\/wp\/v2\/media\/21666"}],"wp:attachment":[{"href":"http:\/\/www.rtvnoticias.com.ar\/index.php?rest_route=%2Fwp%2Fv2%2Fmedia&parent=21663"}],"wp:term":[{"taxonomy":"category","embeddable":true,"href":"http:\/\/www.rtvnoticias.com.ar\/index.php?rest_route=%2Fwp%2Fv2%2Fcategories&post=21663"},{"taxonomy":"post_tag","embeddable":true,"href":"http:\/\/www.rtvnoticias.com.ar\/index.php?rest_route=%2Fwp%2Fv2%2Ftags&post=21663"}],"curies":[{"name":"wp","href":"https:\/\/api.w.org\/{rel}","templated":true}]}}