{"id":21704,"date":"2020-06-25T18:22:21","date_gmt":"2020-06-25T21:22:21","guid":{"rendered":"http:\/\/www.rtvnoticias.com.ar\/?p=21704"},"modified":"2020-06-25T18:22:26","modified_gmt":"2020-06-25T21:22:26","slug":"ziliotto-viaja-a-reunion-de-coirco-al-regreso-cumplira-cuarentena-de-14-dias","status":"publish","type":"post","link":"http:\/\/www.rtvnoticias.com.ar\/?p=21704","title":{"rendered":"Ziliotto viaja a reuni\u00f3n de COIRCO. Al regreso cumplir\u00e1 cuarentena de 14 d\u00edas"},"content":{"rendered":"\n<p>El gobernador Sergio Ziliotto luego de la reuni\u00f3n en Buenos Aires del COIRCO-Consejo de Gobierno del Comit\u00e9 Interjurisdiccional del R\u00edo Colorado-, que tiene lugar este viernes, regresar\u00e1 a la provincia y cumplir\u00e1 14 d\u00edas de cuarentena en la residencia oficial.<\/p>\n\n\n\n<p>\u00abAntes de ser gobernador soy un ciudadano pampeano y cuando regrese har\u00e9 el aislamiento como corresponde con mi familia para no exponer absolutamente a nadie\u00bb, confirm\u00f3 en la rueda de prensa ofrecida este medio d\u00eda en Casa de Gobierno.<\/p>\n\n\n\n<p>Se\u00f1al\u00f3 que se le dio licencia al personal que presta servicio en la residencia y que seguir\u00e1 en funciones, pero haci\u00e9ndolo desde la residencia.<\/p>\n\n\n\n<p>Este viernes el gobernador Sergio Ziliotto participar\u00e1 de la reuni\u00f3n del COIRCO, junto a todos los gobernadores que integran el Consejo.<\/p>\n\n\n\n<p>Sobre las expectativas de la reuni\u00f3n indic\u00f3 que mantiene di\u00e1logo con todos los gobernadores y remarc\u00f3 que el estudio ambiental que hizo Mendoza es inv\u00e1lido.<\/p>\n\n\n\n<p>\u00abHe hablado con todos los gobernadores, inclusive con el de Mendoza. Siempre dijimos desde La Pampa que no cortamos el di\u00e1logo con nadie y siempre buscamos los acuerdos en el marco de nuestros derechos\u00bb, indic\u00f3 Ziliotto.<\/p>\n\n\n\n<p>Record\u00f3 que el pedido de una evaluaci\u00f3n de un estudio de impacto ambiental en todo la cuenca del r\u00edo Colorado fue solicitado por las provincias de Neuqu\u00e9n, R\u00edo Negro, Buenos Aires y La Pampa el 12 de septiembre a Rogelio Figerio y fue reiterado por las mismas provincias el 23 de diciembre a Wado de Pedro.<\/p>\n\n\n\n<p>Adem\u00e1s indic\u00f3 que la reuni\u00f3n que se realiza este viernes fue solicitada por La Pampa en conjunto en conjunto con las otras provincias.<\/p>\n<div class=\"sharedaddy sd-sharing-enabled\"><div class=\"robots-nocontent sd-block sd-social sd-social-icon sd-sharing\"><h3 class=\"sd-title\">Comparte esto:<\/h3><div class=\"sd-content\"><ul><li class=\"share-twitter\"><a rel=\"nofollow noopener noreferrer\" data-shared=\"sharing-twitter-21704\" class=\"share-twitter sd-button share-icon no-text\" href=\"http:\/\/www.rtvnoticias.com.ar\/?p=21704&amp;share=twitter\" target=\"_blank\" title=\"Haz clic para compartir en Twitter\"><span><\/span><span class=\"sharing-screen-reader-text\">Haz clic para compartir en Twitter (Se abre en una ventana nueva)<\/span><\/a><\/li><li class=\"share-facebook\"><a rel=\"nofollow noopener noreferrer\" data-shared=\"sharing-facebook-21704\" class=\"share-facebook sd-button share-icon no-text\" href=\"http:\/\/www.rtvnoticias.com.ar\/?p=21704&amp;share=facebook\" target=\"_blank\" title=\"Haz clic para compartir en Facebook\"><span><\/span><span class=\"sharing-screen-reader-text\">Haz clic para compartir en Facebook (Se abre en una ventana nueva)<\/span><\/a><\/li><li class=\"share-jetpack-whatsapp\"><a rel=\"nofollow noopener noreferrer\" data-shared=\"\" class=\"share-jetpack-whatsapp sd-button share-icon no-text\" href=\"http:\/\/www.rtvnoticias.com.ar\/?p=21704&amp;share=jetpack-whatsapp\" target=\"_blank\" title=\"Haz clic para compartir en WhatsApp\"><span><\/span><span class=\"sharing-screen-reader-text\">Haz clic para compartir en WhatsApp (Se abre en una ventana nueva)<\/span><\/a><\/li><li class=\"share-telegram\"><a rel=\"nofollow noopener noreferrer\" data-shared=\"\" class=\"share-telegram sd-button share-icon no-text\" href=\"http:\/\/www.rtvnoticias.com.ar\/?p=21704&amp;share=telegram\" target=\"_blank\" title=\"Haz clic para compartir en Telegram\"><span><\/span><span class=\"sharing-screen-reader-text\">Haz clic para compartir en Telegram (Se abre en una ventana nueva)<\/span><\/a><\/li><li class=\"share-end\"><\/li><\/ul><\/div><\/div><\/div>","protected":false},"excerpt":{"rendered":"<p>El gobernador Sergio Ziliotto luego de la reuni\u00f3n en Buenos Aires del COIRCO-Consejo de Gobierno del Comit\u00e9 Interjurisdiccional del R\u00edo Colorado-, que tiene lugar este<\/p>\n<div class=\"sharedaddy sd-sharing-enabled\"><div class=\"robots-nocontent sd-block sd-social sd-social-icon sd-sharing\"><h3 class=\"sd-title\">Comparte esto:<\/h3><div class=\"sd-content\"><ul><li class=\"share-twitter\"><a rel=\"nofollow noopener noreferrer\" data-shared=\"sharing-twitter-21704\" class=\"share-twitter sd-button share-icon no-text\" href=\"http:\/\/www.rtvnoticias.com.ar\/?p=21704&amp;share=twitter\" target=\"_blank\" title=\"Haz clic para compartir en Twitter\"><span><\/span><span class=\"sharing-screen-reader-text\">Haz clic para compartir en Twitter (Se abre en una ventana nueva)<\/span><\/a><\/li><li class=\"share-facebook\"><a rel=\"nofollow noopener noreferrer\" data-shared=\"sharing-facebook-21704\" class=\"share-facebook sd-button share-icon no-text\" href=\"http:\/\/www.rtvnoticias.com.ar\/?p=21704&amp;share=facebook\" target=\"_blank\" title=\"Haz clic para compartir en Facebook\"><span><\/span><span class=\"sharing-screen-reader-text\">Haz clic para compartir en Facebook (Se abre en una ventana nueva)<\/span><\/a><\/li><li class=\"share-jetpack-whatsapp\"><a rel=\"nofollow noopener noreferrer\" data-shared=\"\" class=\"share-jetpack-whatsapp sd-button share-icon no-text\" href=\"http:\/\/www.rtvnoticias.com.ar\/?p=21704&amp;share=jetpack-whatsapp\" target=\"_blank\" title=\"Haz clic para compartir en WhatsApp\"><span><\/span><span class=\"sharing-screen-reader-text\">Haz clic para compartir en WhatsApp (Se abre en una ventana nueva)<\/span><\/a><\/li><li class=\"share-telegram\"><a rel=\"nofollow noopener noreferrer\" data-shared=\"\" class=\"share-telegram sd-button share-icon no-text\" href=\"http:\/\/www.rtvnoticias.com.ar\/?p=21704&amp;share=telegram\" target=\"_blank\" title=\"Haz clic para compartir en Telegram\"><span><\/span><span class=\"sharing-screen-reader-text\">Haz clic para compartir en Telegram (Se abre en una ventana nueva)<\/span><\/a><\/li><li class=\"share-end\"><\/li><\/ul><\/div><\/div><\/div>","protected":false},"author":5,"featured_media":21705,"comment_status":"closed","ping_status":"closed","sticky":false,"template":"","format":"standard","meta":{"spay_email":"","jetpack_publicize_message":"","jetpack_is_tweetstorm":false,"jetpack_publicize_feature_enabled":true},"categories":[4],"tags":[3233],"jetpack_featured_media_url":"http:\/\/www.rtvnoticias.com.ar\/wp-content\/uploads\/2020\/06\/ziliotto-manos.jpg","jetpack_publicize_connections":[],"jetpack_sharing_enabled":true,"_links":{"self":[{"href":"http:\/\/www.rtvnoticias.com.ar\/index.php?rest_route=\/wp\/v2\/posts\/21704"}],"collection":[{"href":"http:\/\/www.rtvnoticias.com.ar\/index.php?rest_route=\/wp\/v2\/posts"}],"about":[{"href":"http:\/\/www.rtvnoticias.com.ar\/index.php?rest_route=\/wp\/v2\/types\/post"}],"author":[{"embeddable":true,"href":"http:\/\/www.rtvnoticias.com.ar\/index.php?rest_route=\/wp\/v2\/users\/5"}],"replies":[{"embeddable":true,"href":"http:\/\/www.rtvnoticias.com.ar\/index.php?rest_route=%2Fwp%2Fv2%2Fcomments&post=21704"}],"version-history":[{"count":1,"href":"http:\/\/www.rtvnoticias.com.ar\/index.php?rest_route=\/wp\/v2\/posts\/21704\/revisions"}],"predecessor-version":[{"id":21706,"href":"http:\/\/www.rtvnoticias.com.ar\/index.php?rest_route=\/wp\/v2\/posts\/21704\/revisions\/21706"}],"wp:featuredmedia":[{"embeddable":true,"href":"http:\/\/www.rtvnoticias.com.ar\/index.php?rest_route=\/wp\/v2\/media\/21705"}],"wp:attachment":[{"href":"http:\/\/www.rtvnoticias.com.ar\/index.php?rest_route=%2Fwp%2Fv2%2Fmedia&parent=21704"}],"wp:term":[{"taxonomy":"category","embeddable":true,"href":"http:\/\/www.rtvnoticias.com.ar\/index.php?rest_route=%2Fwp%2Fv2%2Fcategories&post=21704"},{"taxonomy":"post_tag","embeddable":true,"href":"http:\/\/www.rtvnoticias.com.ar\/index.php?rest_route=%2Fwp%2Fv2%2Ftags&post=21704"}],"curies":[{"name":"wp","href":"https:\/\/api.w.org\/{rel}","templated":true}]}}