{"id":21715,"date":"2020-06-25T19:17:07","date_gmt":"2020-06-25T22:17:07","guid":{"rendered":"http:\/\/www.rtvnoticias.com.ar\/?p=21715"},"modified":"2020-06-25T19:17:11","modified_gmt":"2020-06-25T22:17:11","slug":"aprobaron-la-designacion-de-pichetto-en-la-auditoria-general","status":"publish","type":"post","link":"http:\/\/www.rtvnoticias.com.ar\/?p=21715","title":{"rendered":"Aprobaron la designaci\u00f3n de Pichetto en la Auditor\u00eda General"},"content":{"rendered":"\n<p>Fue con apoyo de Juntos por el Cambio, la abstenci\u00f3n del Frente de Todos y el rechazo de la izquierda. Integrar\u00e1 el organismo hasta 2021, en representaci\u00f3n de la oposici\u00f3n, para concluir el mandato del radical Jes\u00fas Rodr\u00edguez. <\/p>\n\n\n\n<p>La C\u00e1mara de Diputados aprob\u00f3 este jueves la incorporaci\u00f3n del ex senador Miguel \u00c1ngel Pichetto como integrante por la segunda minor\u00eda de la Auditor\u00eda General de la Naci\u00f3n (AGN).<\/p>\n\n\n\n<p>La moci\u00f3n fue planteada por el jefe del bloque del PRO, Cristian Ritondo, quien afirm\u00f3 que el ex candidato presidencial de Juntos por el Cambio \u00abre\u00fane la calidad t\u00e9cnica y personal\u00bb para desempe\u00f1arse como miembro de la AGN hasta completar el mandato de Jes\u00fas Luis Rodr\u00edguez, quien asumi\u00f3 como presidente del organismo en marzo pasado.<\/p>\n\n\n\n<p>Luego, tom\u00f3 la palabra la diputada Cecilia Moreau, del Frente de Todos, quien anunci\u00f3 que dicha bancada se abstendr\u00eda en la votaci\u00f3n a mano alzada producto de las expresiones \u00abxen\u00f3fobas\u00bb contra inmigrantes y la \u00abestigmatizaci\u00f3n continua y pertinaz\u00bb que el rionegrino viene realizando sobre \u00ablos sectores m\u00e1s vulnerables\u00bb de la poblaci\u00f3n, sobre grupos juveniles y religiosos.<\/p>\n\n\n\n<p>\u00abEl 24 de octubre cumple 70 a\u00f1os. Dicen que con los a\u00f1os se hace m\u00e1s sabio. Me da la sensaci\u00f3n de que \u00e9ste no es el caso\u00bb, sentenci\u00f3.<\/p>\n\n\n\n<p>A su turno, el diputado del Frente de Izquierda, Nicol\u00e1s del Ca\u00f1o, anticip\u00f3 que votar\u00eda en contra, al igual que su compa\u00f1era Romina del Pl\u00e1.<\/p>\n\n\n\n<p>En la votaci\u00f3n a mano alzada, la moci\u00f3n fue aprobada, por lo que Massa anunci\u00f3 que le tomar\u00eda juramento a Pichetto \u00aben fecha a determinar\u00bb.<\/p>\n<div class=\"sharedaddy sd-sharing-enabled\"><div class=\"robots-nocontent sd-block sd-social sd-social-icon sd-sharing\"><h3 class=\"sd-title\">Comparte esto:<\/h3><div class=\"sd-content\"><ul><li class=\"share-twitter\"><a rel=\"nofollow noopener noreferrer\" data-shared=\"sharing-twitter-21715\" class=\"share-twitter sd-button share-icon no-text\" href=\"http:\/\/www.rtvnoticias.com.ar\/?p=21715&amp;share=twitter\" target=\"_blank\" title=\"Haz clic para compartir en Twitter\"><span><\/span><span class=\"sharing-screen-reader-text\">Haz clic para compartir en Twitter (Se abre en una ventana nueva)<\/span><\/a><\/li><li class=\"share-facebook\"><a rel=\"nofollow noopener noreferrer\" data-shared=\"sharing-facebook-21715\" class=\"share-facebook sd-button share-icon no-text\" href=\"http:\/\/www.rtvnoticias.com.ar\/?p=21715&amp;share=facebook\" target=\"_blank\" title=\"Haz clic para compartir en Facebook\"><span><\/span><span class=\"sharing-screen-reader-text\">Haz clic para compartir en Facebook (Se abre en una ventana nueva)<\/span><\/a><\/li><li class=\"share-jetpack-whatsapp\"><a rel=\"nofollow noopener noreferrer\" data-shared=\"\" class=\"share-jetpack-whatsapp sd-button share-icon no-text\" href=\"http:\/\/www.rtvnoticias.com.ar\/?p=21715&amp;share=jetpack-whatsapp\" target=\"_blank\" title=\"Haz clic para compartir en WhatsApp\"><span><\/span><span class=\"sharing-screen-reader-text\">Haz clic para compartir en WhatsApp (Se abre en una ventana nueva)<\/span><\/a><\/li><li class=\"share-telegram\"><a rel=\"nofollow noopener noreferrer\" data-shared=\"\" class=\"share-telegram sd-button share-icon no-text\" href=\"http:\/\/www.rtvnoticias.com.ar\/?p=21715&amp;share=telegram\" target=\"_blank\" title=\"Haz clic para compartir en Telegram\"><span><\/span><span class=\"sharing-screen-reader-text\">Haz clic para compartir en Telegram (Se abre en una ventana nueva)<\/span><\/a><\/li><li class=\"share-end\"><\/li><\/ul><\/div><\/div><\/div>","protected":false},"excerpt":{"rendered":"<p>Fue con apoyo de Juntos por el Cambio, la abstenci\u00f3n del Frente de Todos y el rechazo de la izquierda. Integrar\u00e1 el organismo hasta 2021,<\/p>\n<div class=\"sharedaddy sd-sharing-enabled\"><div class=\"robots-nocontent sd-block sd-social sd-social-icon sd-sharing\"><h3 class=\"sd-title\">Comparte esto:<\/h3><div class=\"sd-content\"><ul><li class=\"share-twitter\"><a rel=\"nofollow noopener noreferrer\" data-shared=\"sharing-twitter-21715\" class=\"share-twitter sd-button share-icon no-text\" href=\"http:\/\/www.rtvnoticias.com.ar\/?p=21715&amp;share=twitter\" target=\"_blank\" title=\"Haz clic para compartir en Twitter\"><span><\/span><span class=\"sharing-screen-reader-text\">Haz clic para compartir en Twitter (Se abre en una ventana nueva)<\/span><\/a><\/li><li class=\"share-facebook\"><a rel=\"nofollow noopener noreferrer\" data-shared=\"sharing-facebook-21715\" class=\"share-facebook sd-button share-icon no-text\" href=\"http:\/\/www.rtvnoticias.com.ar\/?p=21715&amp;share=facebook\" target=\"_blank\" title=\"Haz clic para compartir en Facebook\"><span><\/span><span class=\"sharing-screen-reader-text\">Haz clic para compartir en Facebook (Se abre en una ventana nueva)<\/span><\/a><\/li><li class=\"share-jetpack-whatsapp\"><a rel=\"nofollow noopener noreferrer\" data-shared=\"\" class=\"share-jetpack-whatsapp sd-button share-icon no-text\" href=\"http:\/\/www.rtvnoticias.com.ar\/?p=21715&amp;share=jetpack-whatsapp\" target=\"_blank\" title=\"Haz clic para compartir en WhatsApp\"><span><\/span><span class=\"sharing-screen-reader-text\">Haz clic para compartir en WhatsApp (Se abre en una ventana nueva)<\/span><\/a><\/li><li class=\"share-telegram\"><a rel=\"nofollow noopener noreferrer\" data-shared=\"\" class=\"share-telegram sd-button share-icon no-text\" href=\"http:\/\/www.rtvnoticias.com.ar\/?p=21715&amp;share=telegram\" target=\"_blank\" title=\"Haz clic para compartir en Telegram\"><span><\/span><span class=\"sharing-screen-reader-text\">Haz clic para compartir en Telegram (Se abre en una ventana nueva)<\/span><\/a><\/li><li class=\"share-end\"><\/li><\/ul><\/div><\/div><\/div>","protected":false},"author":7,"featured_media":21716,"comment_status":"closed","ping_status":"closed","sticky":false,"template":"","format":"standard","meta":{"spay_email":"","jetpack_publicize_message":"","jetpack_is_tweetstorm":false,"jetpack_publicize_feature_enabled":true},"categories":[5],"tags":[953],"jetpack_featured_media_url":"http:\/\/www.rtvnoticias.com.ar\/wp-content\/uploads\/2020\/06\/Pichetto-2.jpg","jetpack_publicize_connections":[],"jetpack_sharing_enabled":true,"_links":{"self":[{"href":"http:\/\/www.rtvnoticias.com.ar\/index.php?rest_route=\/wp\/v2\/posts\/21715"}],"collection":[{"href":"http:\/\/www.rtvnoticias.com.ar\/index.php?rest_route=\/wp\/v2\/posts"}],"about":[{"href":"http:\/\/www.rtvnoticias.com.ar\/index.php?rest_route=\/wp\/v2\/types\/post"}],"author":[{"embeddable":true,"href":"http:\/\/www.rtvnoticias.com.ar\/index.php?rest_route=\/wp\/v2\/users\/7"}],"replies":[{"embeddable":true,"href":"http:\/\/www.rtvnoticias.com.ar\/index.php?rest_route=%2Fwp%2Fv2%2Fcomments&post=21715"}],"version-history":[{"count":1,"href":"http:\/\/www.rtvnoticias.com.ar\/index.php?rest_route=\/wp\/v2\/posts\/21715\/revisions"}],"predecessor-version":[{"id":21717,"href":"http:\/\/www.rtvnoticias.com.ar\/index.php?rest_route=\/wp\/v2\/posts\/21715\/revisions\/21717"}],"wp:featuredmedia":[{"embeddable":true,"href":"http:\/\/www.rtvnoticias.com.ar\/index.php?rest_route=\/wp\/v2\/media\/21716"}],"wp:attachment":[{"href":"http:\/\/www.rtvnoticias.com.ar\/index.php?rest_route=%2Fwp%2Fv2%2Fmedia&parent=21715"}],"wp:term":[{"taxonomy":"category","embeddable":true,"href":"http:\/\/www.rtvnoticias.com.ar\/index.php?rest_route=%2Fwp%2Fv2%2Fcategories&post=21715"},{"taxonomy":"post_tag","embeddable":true,"href":"http:\/\/www.rtvnoticias.com.ar\/index.php?rest_route=%2Fwp%2Fv2%2Ftags&post=21715"}],"curies":[{"name":"wp","href":"https:\/\/api.w.org\/{rel}","templated":true}]}}