{"id":21719,"date":"2020-06-25T19:36:26","date_gmt":"2020-06-25T22:36:26","guid":{"rendered":"http:\/\/www.rtvnoticias.com.ar\/?p=21719"},"modified":"2020-06-25T19:36:30","modified_gmt":"2020-06-25T22:36:30","slug":"reunion-coirco-el-gobierno-apuesta-al-consenso-entre-las-provincias-por-portezuelo-senalo-wado-de-pedro","status":"publish","type":"post","link":"http:\/\/www.rtvnoticias.com.ar\/?p=21719","title":{"rendered":"Reuni\u00f3n COIRCO: \u00abEl gobierno apuesta al consenso entre las provincias por Portezuelo\u00bb, se\u00f1al\u00f3 Wado de Pedro"},"content":{"rendered":"\n<p>El ministro del Interior, Wado de Pedro, destac\u00f3 que el gobierno nacional \u00abapuesta al consenso entre las provincias\u00bb, de cara al encuentro que ma\u00f1ana encabezar\u00e1 junto a los gobernadores de R\u00edo Negro, Neuqu\u00e9n, Mendoza, La Pampa y Buenos Aires, en el marco de la primera reuni\u00f3n del Consejo de Gobierno del Comit\u00e9 Interjurisdiccional del R\u00edo Colorado (COIRCO), donde se tratar\u00e1 la construcci\u00f3n de la represa el\u00e9ctrica Portezuelo del Viento, al sur de Mendoza.<\/p>\n\n\n\n<p>La reuni\u00f3n se realizar\u00e1 a las 16 en el Sal\u00f3n de los Escudos del Ministerio del Interior, donde de Pedro recibir\u00e1 a los gobernadores de Mendoza, Rodolfo Su\u00e1rez, y al de La Pampa, Sergio Ziliotto, mientras que la gobernadora de R\u00edo Negro, Arabela Carreras; y los mandatarios de Neuqu\u00e9n, Omar Guti\u00e9rrez, y de Buenos Aires, Axel Kicillof, participar\u00e1n mediante videoconferencia.<\/p>\n\n\n\n<p>\u00abLa intenci\u00f3n del gobierno nacional es garantizar el \u00e1mbito de di\u00e1logo para que alcancen un acuerdo. Entendemos que son las propias provincias las que tienen que consensuar lo que tiene que ver con sus recursos compartidos\u00bb, explic\u00f3 de Pedro.<\/p>\n\n\n\n<p>La decisi\u00f3n de convocar al Consejo de Gobierno, fue adoptada por el ministro tras los pedidos de los gobernadores Ziliotto, Kicillof, Guti\u00e9rrez y la gobernadora Carreras, que solicitaron tratar el impacto ambiental de la obra de Portezuelo en el \u00e1mbito del organismo de gobierno de COIRCO, que integran los mandatarios de las provincias que integran la cuenca del Colorado.  <\/p>\n\n\n\n<p>A la vez, la semana pasada Wado de Pedro se reuni\u00f3 en Casa Rosada con el gobernador de Mendoza, quien le present\u00f3 una propuesta sobre el funcionamiento de Portezuelo del Viento, que tambi\u00e9n hizo extensiva a los gobernadores de las otras cuatro provincias.<\/p>\n\n\n\n<p>Al respecto, el ministro destac\u00f3 \u00abla predisposici\u00f3n de Mendoza para acercar una posici\u00f3n para esta primera reuni\u00f3n. Es un gesto positivo que muestra voluntad para acercar posiciones\u00bb.<\/p>\n<div class=\"sharedaddy sd-sharing-enabled\"><div class=\"robots-nocontent sd-block sd-social sd-social-icon sd-sharing\"><h3 class=\"sd-title\">Comparte esto:<\/h3><div class=\"sd-content\"><ul><li class=\"share-twitter\"><a rel=\"nofollow noopener noreferrer\" data-shared=\"sharing-twitter-21719\" class=\"share-twitter sd-button share-icon no-text\" href=\"http:\/\/www.rtvnoticias.com.ar\/?p=21719&amp;share=twitter\" target=\"_blank\" title=\"Haz clic para compartir en Twitter\"><span><\/span><span class=\"sharing-screen-reader-text\">Haz clic para compartir en Twitter (Se abre en una ventana nueva)<\/span><\/a><\/li><li class=\"share-facebook\"><a rel=\"nofollow noopener noreferrer\" data-shared=\"sharing-facebook-21719\" class=\"share-facebook sd-button share-icon no-text\" href=\"http:\/\/www.rtvnoticias.com.ar\/?p=21719&amp;share=facebook\" target=\"_blank\" title=\"Haz clic para compartir en Facebook\"><span><\/span><span class=\"sharing-screen-reader-text\">Haz clic para compartir en Facebook (Se abre en una ventana nueva)<\/span><\/a><\/li><li class=\"share-jetpack-whatsapp\"><a rel=\"nofollow noopener noreferrer\" data-shared=\"\" class=\"share-jetpack-whatsapp sd-button share-icon no-text\" href=\"http:\/\/www.rtvnoticias.com.ar\/?p=21719&amp;share=jetpack-whatsapp\" target=\"_blank\" title=\"Haz clic para compartir en WhatsApp\"><span><\/span><span class=\"sharing-screen-reader-text\">Haz clic para compartir en WhatsApp (Se abre en una ventana nueva)<\/span><\/a><\/li><li class=\"share-telegram\"><a rel=\"nofollow noopener noreferrer\" data-shared=\"\" class=\"share-telegram sd-button share-icon no-text\" href=\"http:\/\/www.rtvnoticias.com.ar\/?p=21719&amp;share=telegram\" target=\"_blank\" title=\"Haz clic para compartir en Telegram\"><span><\/span><span class=\"sharing-screen-reader-text\">Haz clic para compartir en Telegram (Se abre en una ventana nueva)<\/span><\/a><\/li><li class=\"share-end\"><\/li><\/ul><\/div><\/div><\/div>","protected":false},"excerpt":{"rendered":"<p>El ministro del Interior, Wado de Pedro, destac\u00f3 que el gobierno nacional \u00abapuesta al consenso entre las provincias\u00bb, de cara al encuentro que ma\u00f1ana encabezar\u00e1<\/p>\n<div class=\"sharedaddy sd-sharing-enabled\"><div class=\"robots-nocontent sd-block sd-social sd-social-icon sd-sharing\"><h3 class=\"sd-title\">Comparte esto:<\/h3><div class=\"sd-content\"><ul><li class=\"share-twitter\"><a rel=\"nofollow noopener noreferrer\" data-shared=\"sharing-twitter-21719\" class=\"share-twitter sd-button share-icon no-text\" href=\"http:\/\/www.rtvnoticias.com.ar\/?p=21719&amp;share=twitter\" target=\"_blank\" title=\"Haz clic para compartir en Twitter\"><span><\/span><span class=\"sharing-screen-reader-text\">Haz clic para compartir en Twitter (Se abre en una ventana nueva)<\/span><\/a><\/li><li class=\"share-facebook\"><a rel=\"nofollow noopener noreferrer\" data-shared=\"sharing-facebook-21719\" class=\"share-facebook sd-button share-icon no-text\" href=\"http:\/\/www.rtvnoticias.com.ar\/?p=21719&amp;share=facebook\" target=\"_blank\" title=\"Haz clic para compartir en Facebook\"><span><\/span><span class=\"sharing-screen-reader-text\">Haz clic para compartir en Facebook (Se abre en una ventana nueva)<\/span><\/a><\/li><li class=\"share-jetpack-whatsapp\"><a rel=\"nofollow noopener noreferrer\" data-shared=\"\" class=\"share-jetpack-whatsapp sd-button share-icon no-text\" href=\"http:\/\/www.rtvnoticias.com.ar\/?p=21719&amp;share=jetpack-whatsapp\" target=\"_blank\" title=\"Haz clic para compartir en WhatsApp\"><span><\/span><span class=\"sharing-screen-reader-text\">Haz clic para compartir en WhatsApp (Se abre en una ventana nueva)<\/span><\/a><\/li><li class=\"share-telegram\"><a rel=\"nofollow noopener noreferrer\" data-shared=\"\" class=\"share-telegram sd-button share-icon no-text\" href=\"http:\/\/www.rtvnoticias.com.ar\/?p=21719&amp;share=telegram\" target=\"_blank\" title=\"Haz clic para compartir en Telegram\"><span><\/span><span class=\"sharing-screen-reader-text\">Haz clic para compartir en Telegram (Se abre en una ventana nueva)<\/span><\/a><\/li><li class=\"share-end\"><\/li><\/ul><\/div><\/div><\/div>","protected":false},"author":5,"featured_media":21726,"comment_status":"closed","ping_status":"closed","sticky":false,"template":"","format":"standard","meta":{"spay_email":"","jetpack_publicize_message":"","jetpack_is_tweetstorm":false,"jetpack_publicize_feature_enabled":true},"categories":[1],"tags":[3312],"jetpack_featured_media_url":"http:\/\/www.rtvnoticias.com.ar\/wp-content\/uploads\/2020\/06\/wado.jpg","jetpack_publicize_connections":[],"jetpack_sharing_enabled":true,"_links":{"self":[{"href":"http:\/\/www.rtvnoticias.com.ar\/index.php?rest_route=\/wp\/v2\/posts\/21719"}],"collection":[{"href":"http:\/\/www.rtvnoticias.com.ar\/index.php?rest_route=\/wp\/v2\/posts"}],"about":[{"href":"http:\/\/www.rtvnoticias.com.ar\/index.php?rest_route=\/wp\/v2\/types\/post"}],"author":[{"embeddable":true,"href":"http:\/\/www.rtvnoticias.com.ar\/index.php?rest_route=\/wp\/v2\/users\/5"}],"replies":[{"embeddable":true,"href":"http:\/\/www.rtvnoticias.com.ar\/index.php?rest_route=%2Fwp%2Fv2%2Fcomments&post=21719"}],"version-history":[{"count":1,"href":"http:\/\/www.rtvnoticias.com.ar\/index.php?rest_route=\/wp\/v2\/posts\/21719\/revisions"}],"predecessor-version":[{"id":21727,"href":"http:\/\/www.rtvnoticias.com.ar\/index.php?rest_route=\/wp\/v2\/posts\/21719\/revisions\/21727"}],"wp:featuredmedia":[{"embeddable":true,"href":"http:\/\/www.rtvnoticias.com.ar\/index.php?rest_route=\/wp\/v2\/media\/21726"}],"wp:attachment":[{"href":"http:\/\/www.rtvnoticias.com.ar\/index.php?rest_route=%2Fwp%2Fv2%2Fmedia&parent=21719"}],"wp:term":[{"taxonomy":"category","embeddable":true,"href":"http:\/\/www.rtvnoticias.com.ar\/index.php?rest_route=%2Fwp%2Fv2%2Fcategories&post=21719"},{"taxonomy":"post_tag","embeddable":true,"href":"http:\/\/www.rtvnoticias.com.ar\/index.php?rest_route=%2Fwp%2Fv2%2Ftags&post=21719"}],"curies":[{"name":"wp","href":"https:\/\/api.w.org\/{rel}","templated":true}]}}