{"id":23849,"date":"2020-10-12T10:04:34","date_gmt":"2020-10-12T13:04:34","guid":{"rendered":"http:\/\/www.rtvnoticias.com.ar\/?p=23849"},"modified":"2020-10-12T10:04:37","modified_gmt":"2020-10-12T13:04:37","slug":"el-gobierno-nacional-dio-a-conocer-las-localidades-que-deberan-cumplir-con-el-aislamiento-por-coronavirus","status":"publish","type":"post","link":"http:\/\/www.rtvnoticias.com.ar\/?p=23849","title":{"rendered":"El Gobierno nacional dio a conocer las localidades que deber\u00e1n cumplir con el aislamiento por coronavirus"},"content":{"rendered":"\n<p style=\"text-align:center\"><strong>La medida preventiva fue publicada en el Bolet\u00edn Oficial y se extender\u00e1 hasta el 25 de octubre.<\/strong><br><\/p>\n\n\n\n<p>El Gobierno Nacional prorrog\u00f3 el Distanciamiento Social Preventivo y Obligatorio (DISPO) y el Aislamiento Social Preventivo y Obligatorio (ADPO) hasta el 25 de octubre, en el marco de la emergencia sanitaria establecida ante la pandemia de coronavirus COVID-19.<\/p>\n\n\n\n<p>El DISPO se sigue aplicando a aquellas jurisdicciones en las que el sistema de salud cuenta \u201ccon capacidad suficiente y adecuada para dar respuesta a la demanda sanitaria\u201d, y que no est\u00e1n definidas \u201cpor la autoridad sanitaria nacional como aquellas que poseen \u2018transmisi\u00f3n comunitaria\u2019 sostenida del virus SARS-CoV-2.2\u201d y en las que la evoluci\u00f3n de la cantidad de casos en las \u00faltimas dos semanas haya manifestado un descenso.<\/p>\n\n\n\n<p>El aislamiento social, preventivo y obligatorio (ASPO) se aplicar\u00e1 con la misma modalidad que hasta ahora en los siguientes lugares:<\/p>\n\n\n\n<p>\u2013 El AMBA, es decir la Ciudad de Buenos Aires y 35 municipios de la Provincia de Buenos Aires: Almirante Brown, Avellaneda, Berazategui, Berisso, Ensenada, Escobar, Esteban Echeverr\u00eda, Ezeiza, Florencio Varela, General Las Heras, General Rodr\u00edguez, General San Mart\u00edn, Hurlingham, Ituzaing\u00f3, Jos\u00e9 C. Paz, La Matanza, Lan\u00fas, La Plata, Lomas de Zamora, Luj\u00e1n, Marcos Paz, Malvinas Argentinas, Moreno, Merlo, Mor\u00f3n, Pilar, Presidente Per\u00f3n, Quilmes, San Fernando, San Isidro, San Miguel, San Vicente, Tigre, Tres de Febrero y Vicente L\u00f3pez. Tambi\u00e9n se suman los departamentos de General Pueyrred\u00f3n, Bah\u00eda Blanca, San Nicol\u00e1s y Tandil, de Buenos Aires.<\/p>\n\n\n\n<p>\u2013 Chaco: San Fernando, Comandante Fern\u00e1ndez, Mayor Luis Jorge Fontana y Chacabuco.<\/p>\n\n\n\n<p>\u2013 Chubut: Biedma y Escalante.<\/p>\n\n\n\n<p>\u2013 C\u00f3rdoba: Capital, Santa Mar\u00eda, Punilla, Col\u00f3n, Tercero Arriba y General San Mart\u00edn.<\/p>\n\n\n\n<p>\u2013 La Rioja: Capital y Chilecito Mendoza: Capital, Luj\u00e1n de Cuyo, Las Heras, Maip\u00fa, Guaymall\u00e9n, Godoy Cruz, Tunuy\u00e1n y Tupungato Neuqu\u00e9n: Neuqu\u00e9n capital , Plottier, Centenario, Senillosa, Cutral C\u00f3, Plaza Huincul y Zapala.<\/p>\n\n\n\n<p>\u2013 R\u00edo Negro: ciudades de Bariloche y Dina Huapi y el departamento de General Roca .<\/p>\n\n\n\n<p>\u2013 Salta: Cerrillos, Rosario de Lerma, General G\u00fcemes, La Caldera y Capital.<\/p>\n\n\n\n<p>\u2013 San Juan: Rawson y Capital.<\/p>\n\n\n\n<p>\u2013 San Luis: General Pedernera Santa Cruz: R\u00edo Gallegos, El Calafate y Caleta Olivia.<\/p>\n\n\n\n<p>-Santa Fe: Rosario, La Capital, General L\u00f3pez, Caseros, Constituci\u00f3n, San Lorenzo, Las Colonias y Castellanos.<\/p>\n\n\n\n<p>\u2013 Santiago del Estero: Capital y Banda.<\/p>\n\n\n\n<p>\u2013 Tierra del Fuego: R\u00edo Grande Tucum\u00e1n: Capital.<\/p>\n<div class=\"sharedaddy sd-sharing-enabled\"><div class=\"robots-nocontent sd-block sd-social sd-social-icon sd-sharing\"><h3 class=\"sd-title\">Comparte esto:<\/h3><div class=\"sd-content\"><ul><li class=\"share-twitter\"><a rel=\"nofollow noopener noreferrer\" data-shared=\"sharing-twitter-23849\" class=\"share-twitter sd-button share-icon no-text\" href=\"http:\/\/www.rtvnoticias.com.ar\/?p=23849&amp;share=twitter\" target=\"_blank\" title=\"Haz clic para compartir en Twitter\"><span><\/span><span class=\"sharing-screen-reader-text\">Haz clic para compartir en Twitter (Se abre en una ventana nueva)<\/span><\/a><\/li><li class=\"share-facebook\"><a rel=\"nofollow noopener noreferrer\" data-shared=\"sharing-facebook-23849\" class=\"share-facebook sd-button share-icon no-text\" href=\"http:\/\/www.rtvnoticias.com.ar\/?p=23849&amp;share=facebook\" target=\"_blank\" title=\"Haz clic para compartir en Facebook\"><span><\/span><span class=\"sharing-screen-reader-text\">Haz clic para compartir en Facebook (Se abre en una ventana nueva)<\/span><\/a><\/li><li class=\"share-jetpack-whatsapp\"><a rel=\"nofollow noopener noreferrer\" data-shared=\"\" class=\"share-jetpack-whatsapp sd-button share-icon no-text\" href=\"http:\/\/www.rtvnoticias.com.ar\/?p=23849&amp;share=jetpack-whatsapp\" target=\"_blank\" title=\"Haz clic para compartir en WhatsApp\"><span><\/span><span class=\"sharing-screen-reader-text\">Haz clic para compartir en WhatsApp (Se abre en una ventana nueva)<\/span><\/a><\/li><li class=\"share-telegram\"><a rel=\"nofollow noopener noreferrer\" data-shared=\"\" class=\"share-telegram sd-button share-icon no-text\" href=\"http:\/\/www.rtvnoticias.com.ar\/?p=23849&amp;share=telegram\" target=\"_blank\" title=\"Haz clic para compartir en Telegram\"><span><\/span><span class=\"sharing-screen-reader-text\">Haz clic para compartir en Telegram (Se abre en una ventana nueva)<\/span><\/a><\/li><li class=\"share-end\"><\/li><\/ul><\/div><\/div><\/div>","protected":false},"excerpt":{"rendered":"<p>La medida preventiva fue publicada en el Bolet\u00edn Oficial y se extender\u00e1 hasta el 25 de octubre. El Gobierno Nacional prorrog\u00f3 el Distanciamiento Social Preventivo<\/p>\n<div class=\"sharedaddy sd-sharing-enabled\"><div class=\"robots-nocontent sd-block sd-social sd-social-icon sd-sharing\"><h3 class=\"sd-title\">Comparte esto:<\/h3><div class=\"sd-content\"><ul><li class=\"share-twitter\"><a rel=\"nofollow noopener noreferrer\" data-shared=\"sharing-twitter-23849\" class=\"share-twitter sd-button share-icon no-text\" href=\"http:\/\/www.rtvnoticias.com.ar\/?p=23849&amp;share=twitter\" target=\"_blank\" title=\"Haz clic para compartir en Twitter\"><span><\/span><span class=\"sharing-screen-reader-text\">Haz clic para compartir en Twitter (Se abre en una ventana nueva)<\/span><\/a><\/li><li class=\"share-facebook\"><a rel=\"nofollow noopener noreferrer\" data-shared=\"sharing-facebook-23849\" class=\"share-facebook sd-button share-icon no-text\" href=\"http:\/\/www.rtvnoticias.com.ar\/?p=23849&amp;share=facebook\" target=\"_blank\" title=\"Haz clic para compartir en Facebook\"><span><\/span><span class=\"sharing-screen-reader-text\">Haz clic para compartir en Facebook (Se abre en una ventana nueva)<\/span><\/a><\/li><li class=\"share-jetpack-whatsapp\"><a rel=\"nofollow noopener noreferrer\" data-shared=\"\" class=\"share-jetpack-whatsapp sd-button share-icon no-text\" href=\"http:\/\/www.rtvnoticias.com.ar\/?p=23849&amp;share=jetpack-whatsapp\" target=\"_blank\" title=\"Haz clic para compartir en WhatsApp\"><span><\/span><span class=\"sharing-screen-reader-text\">Haz clic para compartir en WhatsApp (Se abre en una ventana nueva)<\/span><\/a><\/li><li class=\"share-telegram\"><a rel=\"nofollow noopener noreferrer\" data-shared=\"\" class=\"share-telegram sd-button share-icon no-text\" href=\"http:\/\/www.rtvnoticias.com.ar\/?p=23849&amp;share=telegram\" target=\"_blank\" title=\"Haz clic para compartir en Telegram\"><span><\/span><span class=\"sharing-screen-reader-text\">Haz clic para compartir en Telegram (Se abre en una ventana nueva)<\/span><\/a><\/li><li class=\"share-end\"><\/li><\/ul><\/div><\/div><\/div>","protected":false},"author":7,"featured_media":0,"comment_status":"closed","ping_status":"closed","sticky":false,"template":"","format":"standard","meta":{"spay_email":"","jetpack_publicize_message":"","jetpack_is_tweetstorm":false,"jetpack_publicize_feature_enabled":true},"categories":[1],"tags":[],"jetpack_featured_media_url":"","jetpack_publicize_connections":[],"jetpack_sharing_enabled":true,"_links":{"self":[{"href":"http:\/\/www.rtvnoticias.com.ar\/index.php?rest_route=\/wp\/v2\/posts\/23849"}],"collection":[{"href":"http:\/\/www.rtvnoticias.com.ar\/index.php?rest_route=\/wp\/v2\/posts"}],"about":[{"href":"http:\/\/www.rtvnoticias.com.ar\/index.php?rest_route=\/wp\/v2\/types\/post"}],"author":[{"embeddable":true,"href":"http:\/\/www.rtvnoticias.com.ar\/index.php?rest_route=\/wp\/v2\/users\/7"}],"replies":[{"embeddable":true,"href":"http:\/\/www.rtvnoticias.com.ar\/index.php?rest_route=%2Fwp%2Fv2%2Fcomments&post=23849"}],"version-history":[{"count":1,"href":"http:\/\/www.rtvnoticias.com.ar\/index.php?rest_route=\/wp\/v2\/posts\/23849\/revisions"}],"predecessor-version":[{"id":23850,"href":"http:\/\/www.rtvnoticias.com.ar\/index.php?rest_route=\/wp\/v2\/posts\/23849\/revisions\/23850"}],"wp:attachment":[{"href":"http:\/\/www.rtvnoticias.com.ar\/index.php?rest_route=%2Fwp%2Fv2%2Fmedia&parent=23849"}],"wp:term":[{"taxonomy":"category","embeddable":true,"href":"http:\/\/www.rtvnoticias.com.ar\/index.php?rest_route=%2Fwp%2Fv2%2Fcategories&post=23849"},{"taxonomy":"post_tag","embeddable":true,"href":"http:\/\/www.rtvnoticias.com.ar\/index.php?rest_route=%2Fwp%2Fv2%2Ftags&post=23849"}],"curies":[{"name":"wp","href":"https:\/\/api.w.org\/{rel}","templated":true}]}}