{"id":23854,"date":"2020-10-12T21:31:06","date_gmt":"2020-10-13T00:31:06","guid":{"rendered":"http:\/\/www.rtvnoticias.com.ar\/?p=23854"},"modified":"2020-10-12T21:31:12","modified_gmt":"2020-10-13T00:31:12","slug":"coronavirus-91-casos-activos-en-general-pico","status":"publish","type":"post","link":"http:\/\/www.rtvnoticias.com.ar\/?p=23854","title":{"rendered":"Coronavirus: 91 casos activos en General Pico"},"content":{"rendered":"\n<p>El ministerio de Salud de La Pampa confirm\u00f3 que hubo 31 casos positivos, los que hab\u00edan sido determinados como contactos estrechos y 6 casos contin\u00faan en investigaci\u00f3n. Al d\u00eda de hoy en la Provincia hay 5.293 personas aisladas. General Pico ahora los activos son 91.<\/p>\n\n\n\n<p>El Gobierno de la Provincia de La Pampa, a trav\u00e9s del Ministerio de Salud, comunic\u00f3 que en horas de la tarde del d\u00eda 12 de octubre se finaliz\u00f3 con el procesamiento de 172 muestras en los laboratorios de la Direcci\u00f3n de Epidemiolog\u00eda y del Establecimiento Asistencial Gobernador Centeno y Lucio Molas, de las cuales 37 resultaron positivas para COVID-19. De ellas 14 personas residen en la ciudad de Santa Rosa, 16 en General Pico, 1 en Trenel, 4 en Toay, 1 en Ingeniero Luiggi y 1 en Guatrach\u00e9. De los 37 casos confirmados en el d\u00eda de hoy, 31 se encontraban aislados por ser considerados contactos estrechos, mientras que 6 casos contin\u00faan en investigaci\u00f3n epidemiol\u00f3gica.<\/p>\n\n\n\n<figure class=\"wp-block-image\"><img data-attachment-id=\"23855\" data-permalink=\"http:\/\/www.rtvnoticias.com.ar\/?attachment_id=23855\" data-orig-file=\"http:\/\/www.rtvnoticias.com.ar\/wp-content\/uploads\/2020\/10\/covid-oct12.jpg\" data-orig-size=\"600,480\" data-comments-opened=\"0\" data-image-meta=\"{&quot;aperture&quot;:&quot;0&quot;,&quot;credit&quot;:&quot;&quot;,&quot;camera&quot;:&quot;&quot;,&quot;caption&quot;:&quot;&quot;,&quot;created_timestamp&quot;:&quot;0&quot;,&quot;copyright&quot;:&quot;&quot;,&quot;focal_length&quot;:&quot;0&quot;,&quot;iso&quot;:&quot;0&quot;,&quot;shutter_speed&quot;:&quot;0&quot;,&quot;title&quot;:&quot;&quot;,&quot;orientation&quot;:&quot;1&quot;}\" data-image-title=\"covid-oct12\" data-image-description=\"\" data-image-caption=\"\" data-medium-file=\"http:\/\/www.rtvnoticias.com.ar\/wp-content\/uploads\/2020\/10\/covid-oct12-300x240.jpg\" data-large-file=\"http:\/\/www.rtvnoticias.com.ar\/wp-content\/uploads\/2020\/10\/covid-oct12.jpg\" decoding=\"async\" loading=\"lazy\" width=\"600\" height=\"480\" src=\"http:\/\/www.rtvnoticias.com.ar\/wp-content\/uploads\/2020\/10\/covid-oct12.jpg\" alt=\"\" class=\"wp-image-23855\" srcset=\"http:\/\/www.rtvnoticias.com.ar\/wp-content\/uploads\/2020\/10\/covid-oct12.jpg 600w, http:\/\/www.rtvnoticias.com.ar\/wp-content\/uploads\/2020\/10\/covid-oct12-300x240.jpg 300w\" sizes=\"(max-width: 600px) 100vw, 600px\" \/><\/figure>\n\n\n\n<p><br><strong>Situaci\u00f3n provincial<\/strong><\/p>\n\n\n\n<p>Desde el inicio de la pandemia, en La Pampa, se registraron un total de 1.116\u00a0 casos positivos para COVID-19, de los cuales 358 permanecen activos, 14 han fallecido y 744 se han recuperado, entre estos \u00faltimos se encuentran 3 personas de Realic\u00f3, 6 de Santa Rosa, 2 de Winifreda, 1 en Bernardo Larroud\u00e9, 2 de Embajador Martini, 6 de 25 de Mayo, 2 de Toay, 2 de General Pico y 1 de Intendente Alvear. <\/p>\n\n\n\n<p>Los casos confirmados activos est\u00e1n distribuidos de la siguiente manera: 147 en Santa Rosa, 91 en General Pico, 24 en 25 de Mayo, 21 en Toay, 7 en Intendente Alvear, 1 en Bernardo Larroud\u00e9, 29 en Winifreda, 7 en Realic\u00f3, 1 en Bernasconi, 1 en Embajador Martini, 2 en Macach\u00edn, 10 en Quem\u00fa Quem\u00fa, 4 en Ingeniero Luiggi, 1 Colonia Bar\u00f3n, 5 en Maisonnave, 1 en Guatrach\u00e9 y 6 en Trenel.<br><br>Al d\u00eda de la fecha se encuentran aisladas un total de 5.293 personas en toda la Provincia.<\/p>\n\n\n\n<p>Se encuentran internadas 25 personas confirmadas para COVID-19. En General Pico 9 pacientes, de ellos 2 en sala de terapia intensiva y 7 en modulares. En el Centro Emergente de Asistencia Respiratoria (CEAR) de Santa Rosa se encuentran internadas 16 personas, de ellas 12 en cl\u00ednica m\u00e9dica y 4 en sala de terapia intensiva.<br><\/p>\n<div class=\"sharedaddy sd-sharing-enabled\"><div class=\"robots-nocontent sd-block sd-social sd-social-icon sd-sharing\"><h3 class=\"sd-title\">Comparte esto:<\/h3><div class=\"sd-content\"><ul><li class=\"share-twitter\"><a rel=\"nofollow noopener noreferrer\" data-shared=\"sharing-twitter-23854\" class=\"share-twitter sd-button share-icon no-text\" href=\"http:\/\/www.rtvnoticias.com.ar\/?p=23854&amp;share=twitter\" target=\"_blank\" title=\"Haz clic para compartir en Twitter\"><span><\/span><span class=\"sharing-screen-reader-text\">Haz clic para compartir en Twitter (Se abre en una ventana nueva)<\/span><\/a><\/li><li class=\"share-facebook\"><a rel=\"nofollow noopener noreferrer\" data-shared=\"sharing-facebook-23854\" class=\"share-facebook sd-button share-icon no-text\" href=\"http:\/\/www.rtvnoticias.com.ar\/?p=23854&amp;share=facebook\" target=\"_blank\" title=\"Haz clic para compartir en Facebook\"><span><\/span><span class=\"sharing-screen-reader-text\">Haz clic para compartir en Facebook (Se abre en una ventana nueva)<\/span><\/a><\/li><li class=\"share-jetpack-whatsapp\"><a rel=\"nofollow noopener noreferrer\" data-shared=\"\" class=\"share-jetpack-whatsapp sd-button share-icon no-text\" href=\"http:\/\/www.rtvnoticias.com.ar\/?p=23854&amp;share=jetpack-whatsapp\" target=\"_blank\" title=\"Haz clic para compartir en WhatsApp\"><span><\/span><span class=\"sharing-screen-reader-text\">Haz clic para compartir en WhatsApp (Se abre en una ventana nueva)<\/span><\/a><\/li><li class=\"share-telegram\"><a rel=\"nofollow noopener noreferrer\" data-shared=\"\" class=\"share-telegram sd-button share-icon no-text\" href=\"http:\/\/www.rtvnoticias.com.ar\/?p=23854&amp;share=telegram\" target=\"_blank\" title=\"Haz clic para compartir en Telegram\"><span><\/span><span class=\"sharing-screen-reader-text\">Haz clic para compartir en Telegram (Se abre en una ventana nueva)<\/span><\/a><\/li><li class=\"share-end\"><\/li><\/ul><\/div><\/div><\/div>","protected":false},"excerpt":{"rendered":"<p>El ministerio de Salud de La Pampa confirm\u00f3 que hubo 31 casos positivos, los que hab\u00edan sido determinados como contactos estrechos y 6 casos contin\u00faan<\/p>\n<div class=\"sharedaddy sd-sharing-enabled\"><div class=\"robots-nocontent sd-block sd-social sd-social-icon sd-sharing\"><h3 class=\"sd-title\">Comparte esto:<\/h3><div class=\"sd-content\"><ul><li class=\"share-twitter\"><a rel=\"nofollow noopener noreferrer\" data-shared=\"sharing-twitter-23854\" class=\"share-twitter sd-button share-icon no-text\" href=\"http:\/\/www.rtvnoticias.com.ar\/?p=23854&amp;share=twitter\" target=\"_blank\" title=\"Haz clic para compartir en Twitter\"><span><\/span><span class=\"sharing-screen-reader-text\">Haz clic para compartir en Twitter (Se abre en una ventana nueva)<\/span><\/a><\/li><li class=\"share-facebook\"><a rel=\"nofollow noopener noreferrer\" data-shared=\"sharing-facebook-23854\" class=\"share-facebook sd-button share-icon no-text\" href=\"http:\/\/www.rtvnoticias.com.ar\/?p=23854&amp;share=facebook\" target=\"_blank\" title=\"Haz clic para compartir en Facebook\"><span><\/span><span class=\"sharing-screen-reader-text\">Haz clic para compartir en Facebook (Se abre en una ventana nueva)<\/span><\/a><\/li><li class=\"share-jetpack-whatsapp\"><a rel=\"nofollow noopener noreferrer\" data-shared=\"\" class=\"share-jetpack-whatsapp sd-button share-icon no-text\" href=\"http:\/\/www.rtvnoticias.com.ar\/?p=23854&amp;share=jetpack-whatsapp\" target=\"_blank\" title=\"Haz clic para compartir en WhatsApp\"><span><\/span><span class=\"sharing-screen-reader-text\">Haz clic para compartir en WhatsApp (Se abre en una ventana nueva)<\/span><\/a><\/li><li class=\"share-telegram\"><a rel=\"nofollow noopener noreferrer\" data-shared=\"\" class=\"share-telegram sd-button share-icon no-text\" href=\"http:\/\/www.rtvnoticias.com.ar\/?p=23854&amp;share=telegram\" target=\"_blank\" title=\"Haz clic para compartir en Telegram\"><span><\/span><span class=\"sharing-screen-reader-text\">Haz clic para compartir en Telegram (Se abre en una ventana nueva)<\/span><\/a><\/li><li class=\"share-end\"><\/li><\/ul><\/div><\/div><\/div>","protected":false},"author":5,"featured_media":23691,"comment_status":"closed","ping_status":"closed","sticky":false,"template":"","format":"standard","meta":{"spay_email":"","jetpack_publicize_message":"","jetpack_is_tweetstorm":false,"jetpack_publicize_feature_enabled":true},"categories":[4],"tags":[3546],"jetpack_featured_media_url":"http:\/\/www.rtvnoticias.com.ar\/wp-content\/uploads\/2020\/10\/6A343A1E-2197-495E-8F4B-0E1763E7D7BC.jpeg","jetpack_publicize_connections":[],"jetpack_sharing_enabled":true,"_links":{"self":[{"href":"http:\/\/www.rtvnoticias.com.ar\/index.php?rest_route=\/wp\/v2\/posts\/23854"}],"collection":[{"href":"http:\/\/www.rtvnoticias.com.ar\/index.php?rest_route=\/wp\/v2\/posts"}],"about":[{"href":"http:\/\/www.rtvnoticias.com.ar\/index.php?rest_route=\/wp\/v2\/types\/post"}],"author":[{"embeddable":true,"href":"http:\/\/www.rtvnoticias.com.ar\/index.php?rest_route=\/wp\/v2\/users\/5"}],"replies":[{"embeddable":true,"href":"http:\/\/www.rtvnoticias.com.ar\/index.php?rest_route=%2Fwp%2Fv2%2Fcomments&post=23854"}],"version-history":[{"count":2,"href":"http:\/\/www.rtvnoticias.com.ar\/index.php?rest_route=\/wp\/v2\/posts\/23854\/revisions"}],"predecessor-version":[{"id":23857,"href":"http:\/\/www.rtvnoticias.com.ar\/index.php?rest_route=\/wp\/v2\/posts\/23854\/revisions\/23857"}],"wp:featuredmedia":[{"embeddable":true,"href":"http:\/\/www.rtvnoticias.com.ar\/index.php?rest_route=\/wp\/v2\/media\/23691"}],"wp:attachment":[{"href":"http:\/\/www.rtvnoticias.com.ar\/index.php?rest_route=%2Fwp%2Fv2%2Fmedia&parent=23854"}],"wp:term":[{"taxonomy":"category","embeddable":true,"href":"http:\/\/www.rtvnoticias.com.ar\/index.php?rest_route=%2Fwp%2Fv2%2Fcategories&post=23854"},{"taxonomy":"post_tag","embeddable":true,"href":"http:\/\/www.rtvnoticias.com.ar\/index.php?rest_route=%2Fwp%2Fv2%2Ftags&post=23854"}],"curies":[{"name":"wp","href":"https:\/\/api.w.org\/{rel}","templated":true}]}}