{"id":23858,"date":"2020-10-13T10:09:56","date_gmt":"2020-10-13T13:09:56","guid":{"rendered":"http:\/\/www.rtvnoticias.com.ar\/?p=23858"},"modified":"2020-10-13T10:10:01","modified_gmt":"2020-10-13T13:10:01","slug":"vuelven-los-vuelos-de-cabotaje","status":"publish","type":"post","link":"http:\/\/www.rtvnoticias.com.ar\/?p=23858","title":{"rendered":"Vuelven los vuelos de cabotaje"},"content":{"rendered":"\n<p>Con limitaciones y regulaciones, el Gobierno emiti\u00f3 un decreto que habilita la reapertura de los vuelos de cabotaje, por lo que a partir de la semana pr\u00f3xima podr\u00edan despegar los primeros aviones con destino a unas 18 provincias. En La Pampa volver\u00eda a Santa Rosa a partir de noviembre.<\/p>\n\n\n\n<p>Las compa\u00f1\u00edas que realizan viajes de cabotaje hab\u00edan reprogramado este fin de semana los vuelos a partir del pr\u00f3ximo lunes.<\/p>\n\n\n\n<p>De acuerdo con el decreto&nbsp;los vuelos no ser\u00e1n para turismo y s\u00f3lo estar\u00e1n habilitados a realizarlos aquellos trabajadores considerados esenciales y quienes tengan que efectuar alg\u00fan tipo de tratamiento m\u00e9dico, aunque tambi\u00e9n faculta a la Jefatura de Gabinete a aplicar excepciones.<\/p>\n\n\n\n<p>Incluso, la normativa permite a los gobernadores efectuar alg\u00fan tipo de objeciones para evitar la llegada de aviones, lo cual tambi\u00e9n ser\u00e1 tenido en cuenta a la hora de autorizar los vuelos.PUBLICIDAD<\/p>\n\n\n\n<p>El decreto&nbsp;publicado este lunes, aunque con restricciones,&nbsp;da luz verde al regreso de una actividad que estuvo sumamente afectada por la pandemia del coronavirus.<\/p>\n\n\n\n<p>Seg\u00fan la disposici\u00f3n, que lleva el n\u00famero 792, se extiende la habilitaci\u00f3n del \u00abtransporte p\u00fablico interurbano e interjurisdiccional\u00bb a los trabajadores esenciales y a aquellos pasajeros que deban ser trasladados por motivos sanitarios, junto con sus acompa\u00f1antes.<\/p>\n\n\n\n<p>De este modo,&nbsp;el titular del Ministerio de Transporte, Mario Meoni, iniciar\u00e1 consultas con los gobernadores para determinar qu\u00e9 destinos estar\u00e1n habilitados para los viajes.<\/p>\n\n\n\n<p>Adem\u00e1s de esas consultas, est\u00e1 pendiente la firma de otras resoluciones t\u00e9cnicas y administrativas no s\u00f3lo del Ministerio sino tambi\u00e9n de la Administraci\u00f3n Nacional de Aviaci\u00f3n Civil (ANAC), aunque se descarta que ser\u00e1n tomadas en lo inmediato.<\/p>\n\n\n\n<p>A nivel local, antes de que se desatara la pandemia, las empresas habilitadas para realizar vuelos de cabotaje eran Aerol\u00edneas, Austral, LATAM, Andes, Flybondi, Norwegian y JetSmart, pero ya en junio LATAM decidi\u00f3 cancelar definitivamente su operatoria en el pa\u00eds.<\/p>\n\n\n\n<p>Por ahora, los \u00fanicos vuelos que se efect\u00faan son los denominados especiales, que requieren autorizaci\u00f3n de autoridades nacionales y no integran la programaci\u00f3n habitual de las aerol\u00edneas.<\/p>\n\n\n\n<p>Los vuelos de cabotaje no podr\u00e1n realizarse por lo que resta del a\u00f1o desde el Aeroparque Metropolitano Jorge Newbery, cuya pista est\u00e1 siendo refaccionada, por lo que en principio operar\u00edan con el aeropuerto de Ezeiza como cabecera.<br><\/p>\n<div class=\"sharedaddy sd-sharing-enabled\"><div class=\"robots-nocontent sd-block sd-social sd-social-icon sd-sharing\"><h3 class=\"sd-title\">Comparte esto:<\/h3><div class=\"sd-content\"><ul><li class=\"share-twitter\"><a rel=\"nofollow noopener noreferrer\" data-shared=\"sharing-twitter-23858\" class=\"share-twitter sd-button share-icon no-text\" href=\"http:\/\/www.rtvnoticias.com.ar\/?p=23858&amp;share=twitter\" target=\"_blank\" title=\"Haz clic para compartir en Twitter\"><span><\/span><span class=\"sharing-screen-reader-text\">Haz clic para compartir en Twitter (Se abre en una ventana nueva)<\/span><\/a><\/li><li class=\"share-facebook\"><a rel=\"nofollow noopener noreferrer\" data-shared=\"sharing-facebook-23858\" class=\"share-facebook sd-button share-icon no-text\" href=\"http:\/\/www.rtvnoticias.com.ar\/?p=23858&amp;share=facebook\" target=\"_blank\" title=\"Haz clic para compartir en Facebook\"><span><\/span><span class=\"sharing-screen-reader-text\">Haz clic para compartir en Facebook (Se abre en una ventana nueva)<\/span><\/a><\/li><li class=\"share-jetpack-whatsapp\"><a rel=\"nofollow noopener noreferrer\" data-shared=\"\" class=\"share-jetpack-whatsapp sd-button share-icon no-text\" href=\"http:\/\/www.rtvnoticias.com.ar\/?p=23858&amp;share=jetpack-whatsapp\" target=\"_blank\" title=\"Haz clic para compartir en WhatsApp\"><span><\/span><span class=\"sharing-screen-reader-text\">Haz clic para compartir en WhatsApp (Se abre en una ventana nueva)<\/span><\/a><\/li><li class=\"share-telegram\"><a rel=\"nofollow noopener noreferrer\" data-shared=\"\" class=\"share-telegram sd-button share-icon no-text\" href=\"http:\/\/www.rtvnoticias.com.ar\/?p=23858&amp;share=telegram\" target=\"_blank\" title=\"Haz clic para compartir en Telegram\"><span><\/span><span class=\"sharing-screen-reader-text\">Haz clic para compartir en Telegram (Se abre en una ventana nueva)<\/span><\/a><\/li><li class=\"share-end\"><\/li><\/ul><\/div><\/div><\/div>","protected":false},"excerpt":{"rendered":"<p>Con limitaciones y regulaciones, el Gobierno emiti\u00f3 un decreto que habilita la reapertura de los vuelos de cabotaje, por lo que a partir de la<\/p>\n<div class=\"sharedaddy sd-sharing-enabled\"><div class=\"robots-nocontent sd-block sd-social sd-social-icon sd-sharing\"><h3 class=\"sd-title\">Comparte esto:<\/h3><div class=\"sd-content\"><ul><li class=\"share-twitter\"><a rel=\"nofollow noopener noreferrer\" data-shared=\"sharing-twitter-23858\" class=\"share-twitter sd-button share-icon no-text\" href=\"http:\/\/www.rtvnoticias.com.ar\/?p=23858&amp;share=twitter\" target=\"_blank\" title=\"Haz clic para compartir en Twitter\"><span><\/span><span class=\"sharing-screen-reader-text\">Haz clic para compartir en Twitter (Se abre en una ventana nueva)<\/span><\/a><\/li><li class=\"share-facebook\"><a rel=\"nofollow noopener noreferrer\" data-shared=\"sharing-facebook-23858\" class=\"share-facebook sd-button share-icon no-text\" href=\"http:\/\/www.rtvnoticias.com.ar\/?p=23858&amp;share=facebook\" target=\"_blank\" title=\"Haz clic para compartir en Facebook\"><span><\/span><span class=\"sharing-screen-reader-text\">Haz clic para compartir en Facebook (Se abre en una ventana nueva)<\/span><\/a><\/li><li class=\"share-jetpack-whatsapp\"><a rel=\"nofollow noopener noreferrer\" data-shared=\"\" class=\"share-jetpack-whatsapp sd-button share-icon no-text\" href=\"http:\/\/www.rtvnoticias.com.ar\/?p=23858&amp;share=jetpack-whatsapp\" target=\"_blank\" title=\"Haz clic para compartir en WhatsApp\"><span><\/span><span class=\"sharing-screen-reader-text\">Haz clic para compartir en WhatsApp (Se abre en una ventana nueva)<\/span><\/a><\/li><li class=\"share-telegram\"><a rel=\"nofollow noopener noreferrer\" data-shared=\"\" class=\"share-telegram sd-button share-icon no-text\" href=\"http:\/\/www.rtvnoticias.com.ar\/?p=23858&amp;share=telegram\" target=\"_blank\" title=\"Haz clic para compartir en Telegram\"><span><\/span><span class=\"sharing-screen-reader-text\">Haz clic para compartir en Telegram (Se abre en una ventana nueva)<\/span><\/a><\/li><li class=\"share-end\"><\/li><\/ul><\/div><\/div><\/div>","protected":false},"author":5,"featured_media":23859,"comment_status":"closed","ping_status":"closed","sticky":false,"template":"","format":"standard","meta":{"spay_email":"","jetpack_publicize_message":"","jetpack_is_tweetstorm":false,"jetpack_publicize_feature_enabled":true},"categories":[5],"tags":[3547],"jetpack_featured_media_url":"http:\/\/www.rtvnoticias.com.ar\/wp-content\/uploads\/2020\/10\/avi\u00f3n.jpg","jetpack_publicize_connections":[],"jetpack_sharing_enabled":true,"_links":{"self":[{"href":"http:\/\/www.rtvnoticias.com.ar\/index.php?rest_route=\/wp\/v2\/posts\/23858"}],"collection":[{"href":"http:\/\/www.rtvnoticias.com.ar\/index.php?rest_route=\/wp\/v2\/posts"}],"about":[{"href":"http:\/\/www.rtvnoticias.com.ar\/index.php?rest_route=\/wp\/v2\/types\/post"}],"author":[{"embeddable":true,"href":"http:\/\/www.rtvnoticias.com.ar\/index.php?rest_route=\/wp\/v2\/users\/5"}],"replies":[{"embeddable":true,"href":"http:\/\/www.rtvnoticias.com.ar\/index.php?rest_route=%2Fwp%2Fv2%2Fcomments&post=23858"}],"version-history":[{"count":1,"href":"http:\/\/www.rtvnoticias.com.ar\/index.php?rest_route=\/wp\/v2\/posts\/23858\/revisions"}],"predecessor-version":[{"id":23860,"href":"http:\/\/www.rtvnoticias.com.ar\/index.php?rest_route=\/wp\/v2\/posts\/23858\/revisions\/23860"}],"wp:featuredmedia":[{"embeddable":true,"href":"http:\/\/www.rtvnoticias.com.ar\/index.php?rest_route=\/wp\/v2\/media\/23859"}],"wp:attachment":[{"href":"http:\/\/www.rtvnoticias.com.ar\/index.php?rest_route=%2Fwp%2Fv2%2Fmedia&parent=23858"}],"wp:term":[{"taxonomy":"category","embeddable":true,"href":"http:\/\/www.rtvnoticias.com.ar\/index.php?rest_route=%2Fwp%2Fv2%2Fcategories&post=23858"},{"taxonomy":"post_tag","embeddable":true,"href":"http:\/\/www.rtvnoticias.com.ar\/index.php?rest_route=%2Fwp%2Fv2%2Ftags&post=23858"}],"curies":[{"name":"wp","href":"https:\/\/api.w.org\/{rel}","templated":true}]}}