{"id":23861,"date":"2020-10-13T11:58:50","date_gmt":"2020-10-13T14:58:50","guid":{"rendered":"http:\/\/www.rtvnoticias.com.ar\/?p=23861"},"modified":"2020-10-13T11:58:55","modified_gmt":"2020-10-13T14:58:55","slug":"fallecio-el-presidente-del-cfi-juan-jose-ciacera","status":"publish","type":"post","link":"http:\/\/www.rtvnoticias.com.ar\/?p=23861","title":{"rendered":"Falleci\u00f3 el presidente del CFI, Juan Jos\u00e9 Ci\u00e1cera"},"content":{"rendered":"\n<p>El ingeniero qu\u00edmico Juan Jos\u00e9 Ci\u00e1cera, presidente del Consejo Federal de Inversiones (CFI), falleci\u00f3 este martes, seg\u00fan confirmaron desde su entorno familiar. Ci\u00e1cera visit\u00f3 en reiteradas veces la provincia de La Pampa, con cuyas autoridades siempre tuvo un contacto estrecho.  El CFI realiz\u00f3 numerosas muestras en La Pampa financiadas y apoyadas por el CFI.\u00a0  <\/p>\n\n\n\n<p>Fue titular de la entidad por m\u00e1s de 30 a\u00f1os, siendo nombrado en dicho cargo en el gobierno de Ra\u00fal Ricardo Alfons\u00edn.  Atraves\u00f3 todos los gobiernos democr\u00e1ticos desde Alfons\u00edn hasta ahora.<\/p>\n\n\n\n<p>Ci\u00e1cera lleg\u00f3 al CFI en 1987 de la mano de un acuerdo entre el alfonsinismo y el peronismo. Era ingeniero qu\u00edmico y hab\u00eda nacido en Mendoza, aunque se consideraba sanjuanino por adopci\u00f3n.<\/p>\n\n\n\n<p>De perfil estrictamente t\u00e9cnico pero alineado al peronismo ortodoxo, Ci\u00e1cera presidi\u00f3 la entidad que entrega cr\u00e9ditos a las provincias de modo interrumpido por m\u00e1s de tres d\u00e9cadas, a pesar de que en reiteradas oportunidades se habl\u00f3 de su posible separaci\u00f3n del cargo.<\/p>\n\n\n\n<p>Fue un hombre relevante en la relaci\u00f3n con las provincias por el importante presupuesto que manejaba el organismo.&nbsp;<\/p>\n\n\n\n<p><strong>Ziliotto expres\u00f3 sus condolencias.<\/strong><\/p>\n\n\n\n<p>\u00abEl fallecimiento de Juan Jos\u00e9 Ciacera nos entristece sobremanera. Por su calidez humana y por el gran apoyo que siempre di\u00f3 a La Pampa desde el Consejo Federal de Inversiones. Acompa\u00f1amos el dolor de su familia ante este dif\u00edcil momento\u00bb. expres\u00f3 Ziliotto.<\/p>\n<div class=\"sharedaddy sd-sharing-enabled\"><div class=\"robots-nocontent sd-block sd-social sd-social-icon sd-sharing\"><h3 class=\"sd-title\">Comparte esto:<\/h3><div class=\"sd-content\"><ul><li class=\"share-twitter\"><a rel=\"nofollow noopener noreferrer\" data-shared=\"sharing-twitter-23861\" class=\"share-twitter sd-button share-icon no-text\" href=\"http:\/\/www.rtvnoticias.com.ar\/?p=23861&amp;share=twitter\" target=\"_blank\" title=\"Haz clic para compartir en Twitter\"><span><\/span><span class=\"sharing-screen-reader-text\">Haz clic para compartir en Twitter (Se abre en una ventana nueva)<\/span><\/a><\/li><li class=\"share-facebook\"><a rel=\"nofollow noopener noreferrer\" data-shared=\"sharing-facebook-23861\" class=\"share-facebook sd-button share-icon no-text\" href=\"http:\/\/www.rtvnoticias.com.ar\/?p=23861&amp;share=facebook\" target=\"_blank\" title=\"Haz clic para compartir en Facebook\"><span><\/span><span class=\"sharing-screen-reader-text\">Haz clic para compartir en Facebook (Se abre en una ventana nueva)<\/span><\/a><\/li><li class=\"share-jetpack-whatsapp\"><a rel=\"nofollow noopener noreferrer\" data-shared=\"\" class=\"share-jetpack-whatsapp sd-button share-icon no-text\" href=\"http:\/\/www.rtvnoticias.com.ar\/?p=23861&amp;share=jetpack-whatsapp\" target=\"_blank\" title=\"Haz clic para compartir en WhatsApp\"><span><\/span><span class=\"sharing-screen-reader-text\">Haz clic para compartir en WhatsApp (Se abre en una ventana nueva)<\/span><\/a><\/li><li class=\"share-telegram\"><a rel=\"nofollow noopener noreferrer\" data-shared=\"\" class=\"share-telegram sd-button share-icon no-text\" href=\"http:\/\/www.rtvnoticias.com.ar\/?p=23861&amp;share=telegram\" target=\"_blank\" title=\"Haz clic para compartir en Telegram\"><span><\/span><span class=\"sharing-screen-reader-text\">Haz clic para compartir en Telegram (Se abre en una ventana nueva)<\/span><\/a><\/li><li class=\"share-end\"><\/li><\/ul><\/div><\/div><\/div>","protected":false},"excerpt":{"rendered":"<p>El ingeniero qu\u00edmico Juan Jos\u00e9 Ci\u00e1cera, presidente del Consejo Federal de Inversiones (CFI), falleci\u00f3 este martes, seg\u00fan confirmaron desde su entorno familiar. Ci\u00e1cera visit\u00f3 en<\/p>\n<div class=\"sharedaddy sd-sharing-enabled\"><div class=\"robots-nocontent sd-block sd-social sd-social-icon sd-sharing\"><h3 class=\"sd-title\">Comparte esto:<\/h3><div class=\"sd-content\"><ul><li class=\"share-twitter\"><a rel=\"nofollow noopener noreferrer\" data-shared=\"sharing-twitter-23861\" class=\"share-twitter sd-button share-icon no-text\" href=\"http:\/\/www.rtvnoticias.com.ar\/?p=23861&amp;share=twitter\" target=\"_blank\" title=\"Haz clic para compartir en Twitter\"><span><\/span><span class=\"sharing-screen-reader-text\">Haz clic para compartir en Twitter (Se abre en una ventana nueva)<\/span><\/a><\/li><li class=\"share-facebook\"><a rel=\"nofollow noopener noreferrer\" data-shared=\"sharing-facebook-23861\" class=\"share-facebook sd-button share-icon no-text\" href=\"http:\/\/www.rtvnoticias.com.ar\/?p=23861&amp;share=facebook\" target=\"_blank\" title=\"Haz clic para compartir en Facebook\"><span><\/span><span class=\"sharing-screen-reader-text\">Haz clic para compartir en Facebook (Se abre en una ventana nueva)<\/span><\/a><\/li><li class=\"share-jetpack-whatsapp\"><a rel=\"nofollow noopener noreferrer\" data-shared=\"\" class=\"share-jetpack-whatsapp sd-button share-icon no-text\" href=\"http:\/\/www.rtvnoticias.com.ar\/?p=23861&amp;share=jetpack-whatsapp\" target=\"_blank\" title=\"Haz clic para compartir en WhatsApp\"><span><\/span><span class=\"sharing-screen-reader-text\">Haz clic para compartir en WhatsApp (Se abre en una ventana nueva)<\/span><\/a><\/li><li class=\"share-telegram\"><a rel=\"nofollow noopener noreferrer\" data-shared=\"\" class=\"share-telegram sd-button share-icon no-text\" href=\"http:\/\/www.rtvnoticias.com.ar\/?p=23861&amp;share=telegram\" target=\"_blank\" title=\"Haz clic para compartir en Telegram\"><span><\/span><span class=\"sharing-screen-reader-text\">Haz clic para compartir en Telegram (Se abre en una ventana nueva)<\/span><\/a><\/li><li class=\"share-end\"><\/li><\/ul><\/div><\/div><\/div>","protected":false},"author":5,"featured_media":23862,"comment_status":"closed","ping_status":"closed","sticky":false,"template":"","format":"standard","meta":{"spay_email":"","jetpack_publicize_message":"","jetpack_is_tweetstorm":false,"jetpack_publicize_feature_enabled":true},"categories":[5],"tags":[3548],"jetpack_featured_media_url":"http:\/\/www.rtvnoticias.com.ar\/wp-content\/uploads\/2020\/10\/ciacera-juan-jose.jpg","jetpack_publicize_connections":[],"jetpack_sharing_enabled":true,"_links":{"self":[{"href":"http:\/\/www.rtvnoticias.com.ar\/index.php?rest_route=\/wp\/v2\/posts\/23861"}],"collection":[{"href":"http:\/\/www.rtvnoticias.com.ar\/index.php?rest_route=\/wp\/v2\/posts"}],"about":[{"href":"http:\/\/www.rtvnoticias.com.ar\/index.php?rest_route=\/wp\/v2\/types\/post"}],"author":[{"embeddable":true,"href":"http:\/\/www.rtvnoticias.com.ar\/index.php?rest_route=\/wp\/v2\/users\/5"}],"replies":[{"embeddable":true,"href":"http:\/\/www.rtvnoticias.com.ar\/index.php?rest_route=%2Fwp%2Fv2%2Fcomments&post=23861"}],"version-history":[{"count":1,"href":"http:\/\/www.rtvnoticias.com.ar\/index.php?rest_route=\/wp\/v2\/posts\/23861\/revisions"}],"predecessor-version":[{"id":23863,"href":"http:\/\/www.rtvnoticias.com.ar\/index.php?rest_route=\/wp\/v2\/posts\/23861\/revisions\/23863"}],"wp:featuredmedia":[{"embeddable":true,"href":"http:\/\/www.rtvnoticias.com.ar\/index.php?rest_route=\/wp\/v2\/media\/23862"}],"wp:attachment":[{"href":"http:\/\/www.rtvnoticias.com.ar\/index.php?rest_route=%2Fwp%2Fv2%2Fmedia&parent=23861"}],"wp:term":[{"taxonomy":"category","embeddable":true,"href":"http:\/\/www.rtvnoticias.com.ar\/index.php?rest_route=%2Fwp%2Fv2%2Fcategories&post=23861"},{"taxonomy":"post_tag","embeddable":true,"href":"http:\/\/www.rtvnoticias.com.ar\/index.php?rest_route=%2Fwp%2Fv2%2Ftags&post=23861"}],"curies":[{"name":"wp","href":"https:\/\/api.w.org\/{rel}","templated":true}]}}