{"id":23869,"date":"2020-10-13T23:57:24","date_gmt":"2020-10-14T02:57:24","guid":{"rendered":"http:\/\/www.rtvnoticias.com.ar\/?p=23869"},"modified":"2020-10-13T23:57:28","modified_gmt":"2020-10-14T02:57:28","slug":"fonseca-pide-que-un-director-de-empatel-sea-especialista-en-telecomunicaciones","status":"publish","type":"post","link":"http:\/\/www.rtvnoticias.com.ar\/?p=23869","title":{"rendered":"Fonseca pide que un director de Empatel sea especialista en telecomunicaciones"},"content":{"rendered":"\n<p><br>La Diputada Fonseca por Comunidad Organizada present\u00f3 un Proyecto de Ley para garantizar que al menos un\/a integrante del Directorio de la empresa Empatel sea especialista en Telecomunicaciones.\u00a0<\/p>\n\n\n\n<figure class=\"wp-block-image\"><img data-attachment-id=\"23870\" data-permalink=\"http:\/\/www.rtvnoticias.com.ar\/?attachment_id=23870\" data-orig-file=\"http:\/\/www.rtvnoticias.com.ar\/wp-content\/uploads\/2020\/10\/648E66F4-166F-4099-BAAE-F80167667646.jpeg\" data-orig-size=\"640,424\" data-comments-opened=\"0\" data-image-meta=\"{&quot;aperture&quot;:&quot;0&quot;,&quot;credit&quot;:&quot;&quot;,&quot;camera&quot;:&quot;&quot;,&quot;caption&quot;:&quot;&quot;,&quot;created_timestamp&quot;:&quot;0&quot;,&quot;copyright&quot;:&quot;&quot;,&quot;focal_length&quot;:&quot;0&quot;,&quot;iso&quot;:&quot;0&quot;,&quot;shutter_speed&quot;:&quot;0&quot;,&quot;title&quot;:&quot;&quot;,&quot;orientation&quot;:&quot;1&quot;}\" data-image-title=\"648E66F4-166F-4099-BAAE-F80167667646\" data-image-description=\"\" data-image-caption=\"\" data-medium-file=\"http:\/\/www.rtvnoticias.com.ar\/wp-content\/uploads\/2020\/10\/648E66F4-166F-4099-BAAE-F80167667646-300x199.jpeg\" data-large-file=\"http:\/\/www.rtvnoticias.com.ar\/wp-content\/uploads\/2020\/10\/648E66F4-166F-4099-BAAE-F80167667646.jpeg\" decoding=\"async\" loading=\"lazy\" width=\"640\" height=\"424\" src=\"http:\/\/www.rtvnoticias.com.ar\/wp-content\/uploads\/2020\/10\/648E66F4-166F-4099-BAAE-F80167667646.jpeg\" alt=\"\" class=\"wp-image-23870\" srcset=\"http:\/\/www.rtvnoticias.com.ar\/wp-content\/uploads\/2020\/10\/648E66F4-166F-4099-BAAE-F80167667646.jpeg 640w, http:\/\/www.rtvnoticias.com.ar\/wp-content\/uploads\/2020\/10\/648E66F4-166F-4099-BAAE-F80167667646-300x199.jpeg 300w\" sizes=\"(max-width: 640px) 100vw, 640px\" \/><\/figure>\n\n\n\n<p>\u201cResulta fundamental prever este nuevo requisito en una empresa donde actualmente y a futuro estar\u00e1 totalmente involucrada en el desarrollo y producci\u00f3n de las tecnolog\u00edas para llevar adelante la comunicaci\u00f3n en nuestra Provincia.\u00a0Por ello, resulta necesario que uno\/a de sus Directores\/as titulares propuestos\/as en relaci\u00f3n a sus antecedentes, posea los saberes profesionales espec\u00edficos en telecomunicaciones\u201d\u00a0, dijo Fonseca. <\/p>\n\n\n\n<p>Puntualiz\u00f3 que es imprescindible acreditar experiencia te\u00f3rica y pr\u00e1ctica de diversas disciplinas que convergen en \u00e9sta tem\u00e1tica, siendo fundamental para promover la actualizaci\u00f3n y as\u00ed profundizar y promever la industria de la telecomunicaci\u00f3n en nuestra provincia a trav\u00e9s de nuestra empresa de Telecomunicaciones.\u00a0<\/p>\n\n\n\n<p>Las nuevas tecnolog\u00edas, requieren planificaci\u00f3n, gesti\u00f3n, dise\u00f1o y distintas operaciones que, si bien ya se vienen implementando, se requiere la evaluaci\u00f3n de procesos y resultados&nbsp;de participaci\u00f3n y comunicaci\u00f3n a la ciudadan\u00eda, que aporte informaci\u00f3n de su calidad. Ello en atenci\u00f3n al mismo mensaje del Gobernador de modernizaci\u00f3n y gesti\u00f3n de resultados que muestren la eficiencia de la gesti\u00f3n. S\u00f3lo as\u00ed se demostrar\u00e1 como se viabiliza el desaf\u00edo de promover telecomunicaciones m\u00f3viles, como as\u00ed tambi\u00e9n fijas y redes de transmisi\u00f3n, entre otras.&nbsp;&nbsp;<\/p>\n\n\n\n<p>Asimismo, surgir\u00e1n nuevos proyectos de innovaci\u00f3n y gesti\u00f3n, en donde ya el conocimiento tecnol\u00f3gico es infinito, por lo que para adecuar a nuestra industria local no solo en la actividad, sino en la decisi\u00f3n de las acciones a tomar, es necesario contar con un director especialista en esta tem\u00e1tica, ello as\u00ed para lograr la eficiencia tecnol\u00f3gica en nuestra provincia.\u201d Concluyo Fonseca.&nbsp;<\/p>\n\n\n\n<p><\/p>\n<div class=\"sharedaddy sd-sharing-enabled\"><div class=\"robots-nocontent sd-block sd-social sd-social-icon sd-sharing\"><h3 class=\"sd-title\">Comparte esto:<\/h3><div class=\"sd-content\"><ul><li class=\"share-twitter\"><a rel=\"nofollow noopener noreferrer\" data-shared=\"sharing-twitter-23869\" class=\"share-twitter sd-button share-icon no-text\" href=\"http:\/\/www.rtvnoticias.com.ar\/?p=23869&amp;share=twitter\" target=\"_blank\" title=\"Haz clic para compartir en Twitter\"><span><\/span><span class=\"sharing-screen-reader-text\">Haz clic para compartir en Twitter (Se abre en una ventana nueva)<\/span><\/a><\/li><li class=\"share-facebook\"><a rel=\"nofollow noopener noreferrer\" data-shared=\"sharing-facebook-23869\" class=\"share-facebook sd-button share-icon no-text\" href=\"http:\/\/www.rtvnoticias.com.ar\/?p=23869&amp;share=facebook\" target=\"_blank\" title=\"Haz clic para compartir en Facebook\"><span><\/span><span class=\"sharing-screen-reader-text\">Haz clic para compartir en Facebook (Se abre en una ventana nueva)<\/span><\/a><\/li><li class=\"share-jetpack-whatsapp\"><a rel=\"nofollow noopener noreferrer\" data-shared=\"\" class=\"share-jetpack-whatsapp sd-button share-icon no-text\" href=\"http:\/\/www.rtvnoticias.com.ar\/?p=23869&amp;share=jetpack-whatsapp\" target=\"_blank\" title=\"Haz clic para compartir en WhatsApp\"><span><\/span><span class=\"sharing-screen-reader-text\">Haz clic para compartir en WhatsApp (Se abre en una ventana nueva)<\/span><\/a><\/li><li class=\"share-telegram\"><a rel=\"nofollow noopener noreferrer\" data-shared=\"\" class=\"share-telegram sd-button share-icon no-text\" href=\"http:\/\/www.rtvnoticias.com.ar\/?p=23869&amp;share=telegram\" target=\"_blank\" title=\"Haz clic para compartir en Telegram\"><span><\/span><span class=\"sharing-screen-reader-text\">Haz clic para compartir en Telegram (Se abre en una ventana nueva)<\/span><\/a><\/li><li class=\"share-end\"><\/li><\/ul><\/div><\/div><\/div>","protected":false},"excerpt":{"rendered":"<p>La Diputada Fonseca por Comunidad Organizada present\u00f3 un Proyecto de Ley para garantizar que al menos un\/a integrante del Directorio de la empresa Empatel sea<\/p>\n<div class=\"sharedaddy sd-sharing-enabled\"><div class=\"robots-nocontent sd-block sd-social sd-social-icon sd-sharing\"><h3 class=\"sd-title\">Comparte esto:<\/h3><div class=\"sd-content\"><ul><li class=\"share-twitter\"><a rel=\"nofollow noopener noreferrer\" data-shared=\"sharing-twitter-23869\" class=\"share-twitter sd-button share-icon no-text\" href=\"http:\/\/www.rtvnoticias.com.ar\/?p=23869&amp;share=twitter\" target=\"_blank\" title=\"Haz clic para compartir en Twitter\"><span><\/span><span class=\"sharing-screen-reader-text\">Haz clic para compartir en Twitter (Se abre en una ventana nueva)<\/span><\/a><\/li><li class=\"share-facebook\"><a rel=\"nofollow noopener noreferrer\" data-shared=\"sharing-facebook-23869\" class=\"share-facebook sd-button share-icon no-text\" href=\"http:\/\/www.rtvnoticias.com.ar\/?p=23869&amp;share=facebook\" target=\"_blank\" title=\"Haz clic para compartir en Facebook\"><span><\/span><span class=\"sharing-screen-reader-text\">Haz clic para compartir en Facebook (Se abre en una ventana nueva)<\/span><\/a><\/li><li class=\"share-jetpack-whatsapp\"><a rel=\"nofollow noopener noreferrer\" data-shared=\"\" class=\"share-jetpack-whatsapp sd-button share-icon no-text\" href=\"http:\/\/www.rtvnoticias.com.ar\/?p=23869&amp;share=jetpack-whatsapp\" target=\"_blank\" title=\"Haz clic para compartir en WhatsApp\"><span><\/span><span class=\"sharing-screen-reader-text\">Haz clic para compartir en WhatsApp (Se abre en una ventana nueva)<\/span><\/a><\/li><li class=\"share-telegram\"><a rel=\"nofollow noopener noreferrer\" data-shared=\"\" class=\"share-telegram sd-button share-icon no-text\" href=\"http:\/\/www.rtvnoticias.com.ar\/?p=23869&amp;share=telegram\" target=\"_blank\" title=\"Haz clic para compartir en Telegram\"><span><\/span><span class=\"sharing-screen-reader-text\">Haz clic para compartir en Telegram (Se abre en una ventana nueva)<\/span><\/a><\/li><li class=\"share-end\"><\/li><\/ul><\/div><\/div><\/div>","protected":false},"author":5,"featured_media":0,"comment_status":"closed","ping_status":"closed","sticky":false,"template":"","format":"standard","meta":{"spay_email":"","jetpack_publicize_message":"","jetpack_is_tweetstorm":false,"jetpack_publicize_feature_enabled":true},"categories":[1],"tags":[],"jetpack_featured_media_url":"","jetpack_publicize_connections":[],"jetpack_sharing_enabled":true,"_links":{"self":[{"href":"http:\/\/www.rtvnoticias.com.ar\/index.php?rest_route=\/wp\/v2\/posts\/23869"}],"collection":[{"href":"http:\/\/www.rtvnoticias.com.ar\/index.php?rest_route=\/wp\/v2\/posts"}],"about":[{"href":"http:\/\/www.rtvnoticias.com.ar\/index.php?rest_route=\/wp\/v2\/types\/post"}],"author":[{"embeddable":true,"href":"http:\/\/www.rtvnoticias.com.ar\/index.php?rest_route=\/wp\/v2\/users\/5"}],"replies":[{"embeddable":true,"href":"http:\/\/www.rtvnoticias.com.ar\/index.php?rest_route=%2Fwp%2Fv2%2Fcomments&post=23869"}],"version-history":[{"count":1,"href":"http:\/\/www.rtvnoticias.com.ar\/index.php?rest_route=\/wp\/v2\/posts\/23869\/revisions"}],"predecessor-version":[{"id":23871,"href":"http:\/\/www.rtvnoticias.com.ar\/index.php?rest_route=\/wp\/v2\/posts\/23869\/revisions\/23871"}],"wp:attachment":[{"href":"http:\/\/www.rtvnoticias.com.ar\/index.php?rest_route=%2Fwp%2Fv2%2Fmedia&parent=23869"}],"wp:term":[{"taxonomy":"category","embeddable":true,"href":"http:\/\/www.rtvnoticias.com.ar\/index.php?rest_route=%2Fwp%2Fv2%2Fcategories&post=23869"},{"taxonomy":"post_tag","embeddable":true,"href":"http:\/\/www.rtvnoticias.com.ar\/index.php?rest_route=%2Fwp%2Fv2%2Ftags&post=23869"}],"curies":[{"name":"wp","href":"https:\/\/api.w.org\/{rel}","templated":true}]}}