{"id":23884,"date":"2020-10-15T01:29:08","date_gmt":"2020-10-15T04:29:08","guid":{"rendered":"http:\/\/www.rtvnoticias.com.ar\/?p=23884"},"modified":"2020-10-15T01:29:12","modified_gmt":"2020-10-15T04:29:12","slug":"charla-virtual-sobre-rabia","status":"publish","type":"post","link":"http:\/\/www.rtvnoticias.com.ar\/?p=23884","title":{"rendered":"Charla virtual sobre rabia"},"content":{"rendered":"\n<p style=\"text-align:justify\">La Municipalidad de General Pico, junto a la Direcci\u00f3n de Epidemiolog\u00eda del Ministerio de Salud, y la Facultad de Ciencias Veterinarias, dictar\u00e1 una charla abierta al p\u00fablico en general este viernes, abordando aspectos relacionados con la captura y conservaci\u00f3n de ejemplares que pudieran estar afectados por la rabia.<\/p>\n\n\n\n<p>En el marco del \u201cMes de la Rabia\u201d, la Direcci\u00f3n de Zoonosis de la Municipalidad de General Pico, en forma conjunta con la Direcci\u00f3n de Epidemiolog\u00eda del Ministerio de Salud de La Pampa, y la Facultad de Ciencias Veterinarias de la UNLPam, dictar\u00e1 una charla abierta al p\u00fablico en general este viernes, desde la 14.00 hrs, por las plataformas digitales la Municipalidad, donde se abordar\u00e1n aspectos relacionados de c\u00f3mo proceder ante la aparici\u00f3n de un murci\u00e9lago, captura y conservaci\u00f3n de ejemplares, para la posterior remisi\u00f3n de la muestra.<\/p>\n\n\n\n<p>Al respecto, el director de Zoonosis de la comuna, Mat\u00edas Calmels se\u00f1al\u00f3 que: \u201cLa idea es brindar una charla sobre rabia, dirigida al p\u00fablico en general, y que los vecinos y vecinas tengan un n\u00famero de referencia, donde llamar, en caso de que tengan alguna consulta o de que aparezca alg\u00fan murci\u00e9lago, en un domicilio o en un comercio\u201d<\/p>\n\n\n\n<p>Calmels indic\u00f3 que durante la misma se brindar\u00e1n algunas recomendaciones para conocer m\u00e9todos de captura, cuando hacerlo y cuando no, y formas de conservaci\u00f3n del ejemplar, para que posteriormente pueda ser enviado al Instituto Pasteur, que es d\u00f3nde se realiza el diagn\u00f3stico final. As\u00ed como tambi\u00e9n cuestiones relacionadas a la importancia biol\u00f3gica del murci\u00e9lago.<\/p>\n\n\n\n<p>La charla tendr\u00e1 lugar por Plataforma Zoom, el pr\u00f3ximo viernes, desde las 14 horas y expondr\u00e1n Milton Gorra Vega, de la Direcci\u00f3n de Zoonosis y Tamara Cornejo de la Direcci\u00f3n de Epidemiologia, quienes tambi\u00e9n son docentes de la Facultad de Ciencias Veterinarias y que ya han dictado anteriormente charlas sobre esta misma tem\u00e1tica para Bomberos y a trabajadores de la Educaci\u00f3n. Esta vez el p\u00fablico destinatario es general y podr\u00e1 verla a trav\u00e9s de Facebook de la Municipalidad de General Pico, o trav\u00e9s de la plataforma Zoom.<\/p>\n\n\n\n<p>Calmels inform\u00f3 que para participar a trav\u00e9s de zoom, los interesados deber\u00e1n &nbsp; escribir a <a href=\"mailto:direcciondezoonosisyvectores@generalpico.gov.ar\">direcciondezoonosisyvectores@generalpico.gov.ar<\/a> \u201cDesde ah\u00ed le vamos a mandar el link, ID, y contrase\u00f1a para participar\u201d.<\/p>\n<div class=\"sharedaddy sd-sharing-enabled\"><div class=\"robots-nocontent sd-block sd-social sd-social-icon sd-sharing\"><h3 class=\"sd-title\">Comparte esto:<\/h3><div class=\"sd-content\"><ul><li class=\"share-twitter\"><a rel=\"nofollow noopener noreferrer\" data-shared=\"sharing-twitter-23884\" class=\"share-twitter sd-button share-icon no-text\" href=\"http:\/\/www.rtvnoticias.com.ar\/?p=23884&amp;share=twitter\" target=\"_blank\" title=\"Haz clic para compartir en Twitter\"><span><\/span><span class=\"sharing-screen-reader-text\">Haz clic para compartir en Twitter (Se abre en una ventana nueva)<\/span><\/a><\/li><li class=\"share-facebook\"><a rel=\"nofollow noopener noreferrer\" data-shared=\"sharing-facebook-23884\" class=\"share-facebook sd-button share-icon no-text\" href=\"http:\/\/www.rtvnoticias.com.ar\/?p=23884&amp;share=facebook\" target=\"_blank\" title=\"Haz clic para compartir en Facebook\"><span><\/span><span class=\"sharing-screen-reader-text\">Haz clic para compartir en Facebook (Se abre en una ventana nueva)<\/span><\/a><\/li><li class=\"share-jetpack-whatsapp\"><a rel=\"nofollow noopener noreferrer\" data-shared=\"\" class=\"share-jetpack-whatsapp sd-button share-icon no-text\" href=\"http:\/\/www.rtvnoticias.com.ar\/?p=23884&amp;share=jetpack-whatsapp\" target=\"_blank\" title=\"Haz clic para compartir en WhatsApp\"><span><\/span><span class=\"sharing-screen-reader-text\">Haz clic para compartir en WhatsApp (Se abre en una ventana nueva)<\/span><\/a><\/li><li class=\"share-telegram\"><a rel=\"nofollow noopener noreferrer\" data-shared=\"\" class=\"share-telegram sd-button share-icon no-text\" href=\"http:\/\/www.rtvnoticias.com.ar\/?p=23884&amp;share=telegram\" target=\"_blank\" title=\"Haz clic para compartir en Telegram\"><span><\/span><span class=\"sharing-screen-reader-text\">Haz clic para compartir en Telegram (Se abre en una ventana nueva)<\/span><\/a><\/li><li class=\"share-end\"><\/li><\/ul><\/div><\/div><\/div>","protected":false},"excerpt":{"rendered":"<p>La Municipalidad de General Pico, junto a la Direcci\u00f3n de Epidemiolog\u00eda del Ministerio de Salud, y la Facultad de Ciencias Veterinarias, dictar\u00e1 una charla abierta<\/p>\n<div class=\"sharedaddy sd-sharing-enabled\"><div class=\"robots-nocontent sd-block sd-social sd-social-icon sd-sharing\"><h3 class=\"sd-title\">Comparte esto:<\/h3><div class=\"sd-content\"><ul><li class=\"share-twitter\"><a rel=\"nofollow noopener noreferrer\" data-shared=\"sharing-twitter-23884\" class=\"share-twitter sd-button share-icon no-text\" href=\"http:\/\/www.rtvnoticias.com.ar\/?p=23884&amp;share=twitter\" target=\"_blank\" title=\"Haz clic para compartir en Twitter\"><span><\/span><span class=\"sharing-screen-reader-text\">Haz clic para compartir en Twitter (Se abre en una ventana nueva)<\/span><\/a><\/li><li class=\"share-facebook\"><a rel=\"nofollow noopener noreferrer\" data-shared=\"sharing-facebook-23884\" class=\"share-facebook sd-button share-icon no-text\" href=\"http:\/\/www.rtvnoticias.com.ar\/?p=23884&amp;share=facebook\" target=\"_blank\" title=\"Haz clic para compartir en Facebook\"><span><\/span><span class=\"sharing-screen-reader-text\">Haz clic para compartir en Facebook (Se abre en una ventana nueva)<\/span><\/a><\/li><li class=\"share-jetpack-whatsapp\"><a rel=\"nofollow noopener noreferrer\" data-shared=\"\" class=\"share-jetpack-whatsapp sd-button share-icon no-text\" href=\"http:\/\/www.rtvnoticias.com.ar\/?p=23884&amp;share=jetpack-whatsapp\" target=\"_blank\" title=\"Haz clic para compartir en WhatsApp\"><span><\/span><span class=\"sharing-screen-reader-text\">Haz clic para compartir en WhatsApp (Se abre en una ventana nueva)<\/span><\/a><\/li><li class=\"share-telegram\"><a rel=\"nofollow noopener noreferrer\" data-shared=\"\" class=\"share-telegram sd-button share-icon no-text\" href=\"http:\/\/www.rtvnoticias.com.ar\/?p=23884&amp;share=telegram\" target=\"_blank\" title=\"Haz clic para compartir en Telegram\"><span><\/span><span class=\"sharing-screen-reader-text\">Haz clic para compartir en Telegram (Se abre en una ventana nueva)<\/span><\/a><\/li><li class=\"share-end\"><\/li><\/ul><\/div><\/div><\/div>","protected":false},"author":5,"featured_media":0,"comment_status":"closed","ping_status":"closed","sticky":false,"template":"","format":"standard","meta":{"spay_email":"","jetpack_publicize_message":"","jetpack_is_tweetstorm":false,"jetpack_publicize_feature_enabled":true},"categories":[1],"tags":[],"jetpack_featured_media_url":"","jetpack_publicize_connections":[],"jetpack_sharing_enabled":true,"_links":{"self":[{"href":"http:\/\/www.rtvnoticias.com.ar\/index.php?rest_route=\/wp\/v2\/posts\/23884"}],"collection":[{"href":"http:\/\/www.rtvnoticias.com.ar\/index.php?rest_route=\/wp\/v2\/posts"}],"about":[{"href":"http:\/\/www.rtvnoticias.com.ar\/index.php?rest_route=\/wp\/v2\/types\/post"}],"author":[{"embeddable":true,"href":"http:\/\/www.rtvnoticias.com.ar\/index.php?rest_route=\/wp\/v2\/users\/5"}],"replies":[{"embeddable":true,"href":"http:\/\/www.rtvnoticias.com.ar\/index.php?rest_route=%2Fwp%2Fv2%2Fcomments&post=23884"}],"version-history":[{"count":1,"href":"http:\/\/www.rtvnoticias.com.ar\/index.php?rest_route=\/wp\/v2\/posts\/23884\/revisions"}],"predecessor-version":[{"id":23885,"href":"http:\/\/www.rtvnoticias.com.ar\/index.php?rest_route=\/wp\/v2\/posts\/23884\/revisions\/23885"}],"wp:attachment":[{"href":"http:\/\/www.rtvnoticias.com.ar\/index.php?rest_route=%2Fwp%2Fv2%2Fmedia&parent=23884"}],"wp:term":[{"taxonomy":"category","embeddable":true,"href":"http:\/\/www.rtvnoticias.com.ar\/index.php?rest_route=%2Fwp%2Fv2%2Fcategories&post=23884"},{"taxonomy":"post_tag","embeddable":true,"href":"http:\/\/www.rtvnoticias.com.ar\/index.php?rest_route=%2Fwp%2Fv2%2Ftags&post=23884"}],"curies":[{"name":"wp","href":"https:\/\/api.w.org\/{rel}","templated":true}]}}