{"id":23908,"date":"2020-10-16T17:24:46","date_gmt":"2020-10-16T20:24:46","guid":{"rendered":"http:\/\/www.rtvnoticias.com.ar\/?p=23908"},"modified":"2020-10-16T17:24:52","modified_gmt":"2020-10-16T20:24:52","slug":"en-la-pampa-hay-5-820-personas-aisladas-general-pico-ahora-tiene-127-casos-positivos","status":"publish","type":"post","link":"http:\/\/www.rtvnoticias.com.ar\/?p=23908","title":{"rendered":"En La Pampa hay 5.820 personas aisladas. General Pico ahora tiene 127 casos positivos"},"content":{"rendered":"\n<p>El Gobierno de la provincia de La Pampa a trav\u00e9s del Ministerio de Salud comunica que en horas de la ma\u00f1ana del d\u00eda 16 de octubre, se finaliz\u00f3 con el procesamiento de\u00a0 234\u00a0 muestras analizadas en los laboratorios de la Direcci\u00f3n de Epidemiolog\u00eda y del hospital Gobernador Centeno y Lucio Molas, de las cuales 48 resultaron positivas\u00a0 para COVID-19.<\/p>\n\n\n\n<p>De estas, 20 personas residen en Santa Rosa,\u00a0 17 en General Pico, 6\u00a0 en Toay, 2 en La Adela , 2 en Castex, 1 en Trenel. De los 48 casos confirmados en la ma\u00f1ana de hoy,\u00a0 38 se encontraban aislados por ser considerados contactos estrechos, mientras que 10 casos contin\u00faan en investigaci\u00f3n epidemiol\u00f3gica.<\/p>\n\n\n\n<p>Una persona que en el d\u00eda de ayer fue informada como un caso positivo de la localidad de Realic\u00f3, en el curso de la investigaci\u00f3n se confirm\u00f3 que resid\u00eda en la localidad de Maisonave.<\/p>\n\n\n\n<figure class=\"wp-block-image\"><img data-attachment-id=\"23909\" data-permalink=\"http:\/\/www.rtvnoticias.com.ar\/?attachment_id=23909\" data-orig-file=\"http:\/\/www.rtvnoticias.com.ar\/wp-content\/uploads\/2020\/10\/covid-octubre16.jpg\" data-orig-size=\"600,480\" data-comments-opened=\"0\" data-image-meta=\"{&quot;aperture&quot;:&quot;0&quot;,&quot;credit&quot;:&quot;&quot;,&quot;camera&quot;:&quot;&quot;,&quot;caption&quot;:&quot;&quot;,&quot;created_timestamp&quot;:&quot;0&quot;,&quot;copyright&quot;:&quot;&quot;,&quot;focal_length&quot;:&quot;0&quot;,&quot;iso&quot;:&quot;0&quot;,&quot;shutter_speed&quot;:&quot;0&quot;,&quot;title&quot;:&quot;&quot;,&quot;orientation&quot;:&quot;1&quot;}\" data-image-title=\"covid-octubre16\" data-image-description=\"\" data-image-caption=\"\" data-medium-file=\"http:\/\/www.rtvnoticias.com.ar\/wp-content\/uploads\/2020\/10\/covid-octubre16-300x240.jpg\" data-large-file=\"http:\/\/www.rtvnoticias.com.ar\/wp-content\/uploads\/2020\/10\/covid-octubre16.jpg\" decoding=\"async\" loading=\"lazy\" width=\"600\" height=\"480\" src=\"http:\/\/www.rtvnoticias.com.ar\/wp-content\/uploads\/2020\/10\/covid-octubre16.jpg\" alt=\"\" class=\"wp-image-23909\" srcset=\"http:\/\/www.rtvnoticias.com.ar\/wp-content\/uploads\/2020\/10\/covid-octubre16.jpg 600w, http:\/\/www.rtvnoticias.com.ar\/wp-content\/uploads\/2020\/10\/covid-octubre16-300x240.jpg 300w\" sizes=\"(max-width: 600px) 100vw, 600px\" \/><\/figure>\n\n\n\n<p>Situaci\u00f3n Provincial<\/p>\n\n\n\n<p>Desde el inicio de la pandemia, en nuestra provincia, se registraron un total 1388 casos positivos para COVID-19, de los cuales\u00a0 544 permanecen activos, 15 han fallecido y 829 se han recuperado, entre estos \u00faltimos se encuentran 10 personas de Santa Rosa 2 de Realic\u00f3, 2 de Winifreda, 2 de Toay y 2 de Macach\u00edn.\u00a0<\/p>\n\n\n\n<p> Los casos confirmados activos est\u00e1n distribuidos de la siguiente manera: 281 en la ciudad de Santa Rosa, 127 en General Pico, 34 en 25 de mayo, 10 en Winifreda, 30 en Toay, 21 en Trenel,\u00a0 8 en Quem\u00fa Quem\u00fa, 5\u00a0 en Alvear,\u00a0 1 en Realic\u00f3, 9 en Luiggi, 6 en Maisonave,\u00a0 1 Colonia Bar\u00f3n, 3 en Guatrach\u00e9, 4 en La Adela, 2 en Castex,\u00a0 1 en Catril\u00f3,\u00a0 y\u00a0 1 en Larroud\u00e9.<\/p>\n\n\n\n<p>Al d\u00eda de la fecha se encuentran aisladas un total de 5820 personas en toda la provincia.<\/p>\n\n\n\n<p>Se encuentran internadas 26 personas confirmadas para COVID-19. En General Pico 9&nbsp; personas, 8&nbsp; en modulares y 1 en Terapia Intensiva. En el Centro de Enfermedades de Asistencia Respiratoria de Santa Rosa, se encuentran internadas 17 personas, de ellas 11 en cl\u00ednica m\u00e9dica y 6 en terapia intensiva.<br><\/p>\n<div class=\"sharedaddy sd-sharing-enabled\"><div class=\"robots-nocontent sd-block sd-social sd-social-icon sd-sharing\"><h3 class=\"sd-title\">Comparte esto:<\/h3><div class=\"sd-content\"><ul><li class=\"share-twitter\"><a rel=\"nofollow noopener noreferrer\" data-shared=\"sharing-twitter-23908\" class=\"share-twitter sd-button share-icon no-text\" href=\"http:\/\/www.rtvnoticias.com.ar\/?p=23908&amp;share=twitter\" target=\"_blank\" title=\"Haz clic para compartir en Twitter\"><span><\/span><span class=\"sharing-screen-reader-text\">Haz clic para compartir en Twitter (Se abre en una ventana nueva)<\/span><\/a><\/li><li class=\"share-facebook\"><a rel=\"nofollow noopener noreferrer\" data-shared=\"sharing-facebook-23908\" class=\"share-facebook sd-button share-icon no-text\" href=\"http:\/\/www.rtvnoticias.com.ar\/?p=23908&amp;share=facebook\" target=\"_blank\" title=\"Haz clic para compartir en Facebook\"><span><\/span><span class=\"sharing-screen-reader-text\">Haz clic para compartir en Facebook (Se abre en una ventana nueva)<\/span><\/a><\/li><li class=\"share-jetpack-whatsapp\"><a rel=\"nofollow noopener noreferrer\" data-shared=\"\" class=\"share-jetpack-whatsapp sd-button share-icon no-text\" href=\"http:\/\/www.rtvnoticias.com.ar\/?p=23908&amp;share=jetpack-whatsapp\" target=\"_blank\" title=\"Haz clic para compartir en WhatsApp\"><span><\/span><span class=\"sharing-screen-reader-text\">Haz clic para compartir en WhatsApp (Se abre en una ventana nueva)<\/span><\/a><\/li><li class=\"share-telegram\"><a rel=\"nofollow noopener noreferrer\" data-shared=\"\" class=\"share-telegram sd-button share-icon no-text\" href=\"http:\/\/www.rtvnoticias.com.ar\/?p=23908&amp;share=telegram\" target=\"_blank\" title=\"Haz clic para compartir en Telegram\"><span><\/span><span class=\"sharing-screen-reader-text\">Haz clic para compartir en Telegram (Se abre en una ventana nueva)<\/span><\/a><\/li><li class=\"share-end\"><\/li><\/ul><\/div><\/div><\/div>","protected":false},"excerpt":{"rendered":"<p>El Gobierno de la provincia de La Pampa a trav\u00e9s del Ministerio de Salud comunica que en horas de la ma\u00f1ana del d\u00eda 16 de<\/p>\n<div class=\"sharedaddy sd-sharing-enabled\"><div class=\"robots-nocontent sd-block sd-social sd-social-icon sd-sharing\"><h3 class=\"sd-title\">Comparte esto:<\/h3><div class=\"sd-content\"><ul><li class=\"share-twitter\"><a rel=\"nofollow noopener noreferrer\" data-shared=\"sharing-twitter-23908\" class=\"share-twitter sd-button share-icon no-text\" href=\"http:\/\/www.rtvnoticias.com.ar\/?p=23908&amp;share=twitter\" target=\"_blank\" title=\"Haz clic para compartir en Twitter\"><span><\/span><span class=\"sharing-screen-reader-text\">Haz clic para compartir en Twitter (Se abre en una ventana nueva)<\/span><\/a><\/li><li class=\"share-facebook\"><a rel=\"nofollow noopener noreferrer\" data-shared=\"sharing-facebook-23908\" class=\"share-facebook sd-button share-icon no-text\" href=\"http:\/\/www.rtvnoticias.com.ar\/?p=23908&amp;share=facebook\" target=\"_blank\" title=\"Haz clic para compartir en Facebook\"><span><\/span><span class=\"sharing-screen-reader-text\">Haz clic para compartir en Facebook (Se abre en una ventana nueva)<\/span><\/a><\/li><li class=\"share-jetpack-whatsapp\"><a rel=\"nofollow noopener noreferrer\" data-shared=\"\" class=\"share-jetpack-whatsapp sd-button share-icon no-text\" href=\"http:\/\/www.rtvnoticias.com.ar\/?p=23908&amp;share=jetpack-whatsapp\" target=\"_blank\" title=\"Haz clic para compartir en WhatsApp\"><span><\/span><span class=\"sharing-screen-reader-text\">Haz clic para compartir en WhatsApp (Se abre en una ventana nueva)<\/span><\/a><\/li><li class=\"share-telegram\"><a rel=\"nofollow noopener noreferrer\" data-shared=\"\" class=\"share-telegram sd-button share-icon no-text\" href=\"http:\/\/www.rtvnoticias.com.ar\/?p=23908&amp;share=telegram\" target=\"_blank\" title=\"Haz clic para compartir en Telegram\"><span><\/span><span class=\"sharing-screen-reader-text\">Haz clic para compartir en Telegram (Se abre en una ventana nueva)<\/span><\/a><\/li><li class=\"share-end\"><\/li><\/ul><\/div><\/div><\/div>","protected":false},"author":5,"featured_media":22466,"comment_status":"closed","ping_status":"closed","sticky":false,"template":"","format":"standard","meta":{"spay_email":"","jetpack_publicize_message":"","jetpack_is_tweetstorm":false,"jetpack_publicize_feature_enabled":true},"categories":[3],"tags":[3151],"jetpack_featured_media_url":"http:\/\/www.rtvnoticias.com.ar\/wp-content\/uploads\/2020\/08\/puro-y-real.png","jetpack_publicize_connections":[],"jetpack_sharing_enabled":true,"_links":{"self":[{"href":"http:\/\/www.rtvnoticias.com.ar\/index.php?rest_route=\/wp\/v2\/posts\/23908"}],"collection":[{"href":"http:\/\/www.rtvnoticias.com.ar\/index.php?rest_route=\/wp\/v2\/posts"}],"about":[{"href":"http:\/\/www.rtvnoticias.com.ar\/index.php?rest_route=\/wp\/v2\/types\/post"}],"author":[{"embeddable":true,"href":"http:\/\/www.rtvnoticias.com.ar\/index.php?rest_route=\/wp\/v2\/users\/5"}],"replies":[{"embeddable":true,"href":"http:\/\/www.rtvnoticias.com.ar\/index.php?rest_route=%2Fwp%2Fv2%2Fcomments&post=23908"}],"version-history":[{"count":1,"href":"http:\/\/www.rtvnoticias.com.ar\/index.php?rest_route=\/wp\/v2\/posts\/23908\/revisions"}],"predecessor-version":[{"id":23910,"href":"http:\/\/www.rtvnoticias.com.ar\/index.php?rest_route=\/wp\/v2\/posts\/23908\/revisions\/23910"}],"wp:featuredmedia":[{"embeddable":true,"href":"http:\/\/www.rtvnoticias.com.ar\/index.php?rest_route=\/wp\/v2\/media\/22466"}],"wp:attachment":[{"href":"http:\/\/www.rtvnoticias.com.ar\/index.php?rest_route=%2Fwp%2Fv2%2Fmedia&parent=23908"}],"wp:term":[{"taxonomy":"category","embeddable":true,"href":"http:\/\/www.rtvnoticias.com.ar\/index.php?rest_route=%2Fwp%2Fv2%2Fcategories&post=23908"},{"taxonomy":"post_tag","embeddable":true,"href":"http:\/\/www.rtvnoticias.com.ar\/index.php?rest_route=%2Fwp%2Fv2%2Ftags&post=23908"}],"curies":[{"name":"wp","href":"https:\/\/api.w.org\/{rel}","templated":true}]}}