{"id":23935,"date":"2020-10-18T02:41:22","date_gmt":"2020-10-18T05:41:22","guid":{"rendered":"http:\/\/www.rtvnoticias.com.ar\/?p=23935"},"modified":"2020-10-18T02:41:25","modified_gmt":"2020-10-18T05:41:25","slug":"alberto-fernandez-en-el-dia-de-la-lealtad-a-la-argentina-enferma-por-la-pandemia-la-curara-el-peronismo","status":"publish","type":"post","link":"http:\/\/www.rtvnoticias.com.ar\/?p=23935","title":{"rendered":"Alberto Fern\u00e1ndez en el d\u00eda de la Lealtad: \u201cA la Argentina enferma por la pandemia la curar\u00e1 el peronismo\u201d"},"content":{"rendered":"\n<p style=\"text-align:center\"><strong>El presidente encabez\u00f3 el acto de conmemoraci\u00f3n en la sede de la CGT.<\/strong><br><\/p>\n\n\n\n<p>El presidente Alberto Fern\u00e1ndez afirm\u00f3 que \u201ca la Argentina enferma (por la pandemia) la curar\u00e1 el peronismo y sin los odios de los que fue v\u00edctima\u201d a lo largo de su historia, al hablar en el acto de conmemoraci\u00f3n del D\u00eda de la Lealtad en la sede de la CGT.<\/p>\n\n\n\n<p>El mandatario afirm\u00f3 que \u201choy empezamos un tiempo distinto, empezamos el tiempo de la reconstrucci\u00f3n\u201d del pa\u00eds y llam\u00f3 a la unidad de la sociedad para \u201ccurar a la Argentina y ponerla de pie entre todos juntos, sin rencores ni odios\u201d.<\/p>\n\n\n\n<p>\u201cEmpezamos hoy un tiempo distinto, empezamos el tiempo de la reconstrucci\u00f3n de la Argentina. A esta Argentina derrumbada lo vamos a poner de pie. A esta Argentina que se enferma la vamos a curar nosotros, sin odios ni rencores\u201c, afirm\u00f3 el presidente en el acto realizado en la sede la CGT a 75 a\u00f1os del 17 de octubre de 1945, cuando una masiva movilizaci\u00f3n de obreros colm\u00f3 la Plaza de Mayo para reclamar la liberaci\u00f3n del entonces coronel Juan Domingo Per\u00f3n.<\/p>\n\n\n\n<p>En su discurso de m\u00e1s de 20 minutos, Fern\u00e1ndez subray\u00f3: \u201cVamos a terminar esta Argentina del odio porque nosotros creemos en la diversidad porque una sociedad que tiene un discurso \u00fanico no es buena y todos vamos a tener derechos\u201d.<\/p>\n\n\n\n<p>\u201cVamos a convocar a todos los argentinos a estar unidos porque el mundo nos exige la unidad porque la pandemia no ha terminado y no resolvimos el problema del virus\u201d, agreg\u00f3.<\/p>\n\n\n\n<p>Junto a la c\u00fapula sindical de la CGT, funcionarios nacionales, gobernadores, legisladores e intendentes, Alberto Fern\u00e1ndez consider\u00f3 que \u201cel virus avanza, pero no nos derrota porque estamos de pie y unidos\u201d.<\/p>\n\n\n\n<p>En una breve cita hist\u00f3rica sobre el inicio del peronismo, Fern\u00e1ndez record\u00f3 que \u201ctodo empez\u00f3 en una situaci\u00f3n que tiene cierta semejanza con el presente\u201d del pa\u00eds y que luego \u201cdurante los a\u00f1os de Per\u00f3n, fueron tiempos en que gran parte de la sociedad que hab\u00eda quedado en el olvido empez\u00f3 a tener derechos y el trabajo se dignific\u00f3 con el aguinaldo y las vacaciones\u201d.<\/p>\n\n\n\n<p>\u201cCuando el pueblo vio a su coronel que hab\u00eda dado derechos y reconocido un lugar en la sociedad estaba detenido, sali\u00f3 a la calle a reclamar por Per\u00f3n y la historia cambi\u00f3 para siempre. Todos entendieron que hab\u00eda una Argentina invisible y que muchos cre\u00edan que no exist\u00eda, pero de repente asomo\u201c, indic\u00f3.<\/p>\n\n\n\n<p>Al referirse a la historia del movimiento nacional justicialista, el presidente se\u00f1al\u00f3 que \u201cuna vez y mil veces hicieron lo necesario para que el peronismo desparezca de la Tierra y no pudieron porque el peronismo lleg\u00f3 a las entra\u00f1as del pueblo y le dio derechos\u201d.<\/p>\n\n\n\n<p>\u201cPasaron 75 a\u00f1os y el peronismo siempre mantuvo la regla de ser leal a su pueblo\u201c, sentenci\u00f3 el primer mandatario que asever\u00f3.<\/p>\n\n\n\n<p>\u201cPeron y Evita fueron leales a su pueblo. Luego, N\u00e9stor (Kirchner) vino a\u00f1os despu\u00e9s y su lealtad a la gente le permiti\u00f3 a muchos recuperarse a los que hab\u00eda sufrido en la crisis de 2001. Despu\u00e9s vino Cristina (Kirchner) y le dio derechos a minor\u00edas como nadie otorg\u00f3 durante la democracia\u201d, indic\u00f3.<\/p>\n\n\n\n<p>Durante su discurso, Fern\u00e1ndez se permiti\u00f3 bromear al se\u00f1alar que \u201cDios debe ser peronista porque menos mal que el peronismo est\u00e1 gobernando la Argentina en estos momentos de pandemia porque en todos estos meses nuestra mayor preocupaci\u00f3n es que nadie padezca m\u00e1s de lo que la pandemia ya hace padecer\u201d.<\/p>\n\n\n\n<p>Con efusividad, el primer mandatario asegur\u00f3 estar \u201cseguro de que hay un pa\u00eds que nos merecemos\u201d.<\/p>\n\n\n\n<p>\u201cA esta Argentina derrumbada la vamos a poner de pie. A esta Argentina que se enferma la vamos a curar nosotros sin odios. Este acto no es el anti banderazo\u201c, a\u00f1adi\u00f3 en referencia a las manifestaciones de la oposici\u00f3n.<\/p>\n\n\n\n<p>Y, acot\u00f3: \u201cSepan que nacimos del amor a Per\u00f3n y Evita, no hay odio ni rencores, sino lo que hay es ganas de poner de pie a la argentina de una vez por todas\u201d.<\/p>\n\n\n\n<p>En tanto, la vicepresidenta Cristina Fern\u00e1ndez de Kirchner no asisti\u00f3 al acto de la CGT pero desde sus redes sociales pidi\u00f3 \u201cque la lealtad a las convicciones, al pueblo y a la Patria sigan inalterables en tiempos de pandemia. Con la misma pasi\u00f3n y el amor de siempre\u201d.<\/p>\n\n\n\n<p>El acto en la CGT form\u00f3 parte de una jornada de conmemoraci\u00f3n que cont\u00f3 en primer t\u00e9rmino con la visita de Alberto Fern\u00e1ndez junto al gobernador bonaerense Axel Kicillof a la isla Mart\u00edn Garc\u00eda donde estuvo preso Per\u00f3n d\u00edas antes del 17 de octubre de 1945.<\/p>\n\n\n\n<p>Entre las actividades por el d\u00eda de la Lealtad estaba previsto una movilizaci\u00f3n virtual a trav\u00e9s de una plataforma dise\u00f1ada especialmente para la ocasi\u00f3n pero no se pudo llevar a cabo por \u201cun ataque inform\u00e1tico masivo\u201d que \u201chizo caer el sitio\u201d, seg\u00fan lo denunciado por los organizadores, por lo que el acto solo se vio por las redes sociales del sitio 75octubres.<\/p>\n<div class=\"sharedaddy sd-sharing-enabled\"><div class=\"robots-nocontent sd-block sd-social sd-social-icon sd-sharing\"><h3 class=\"sd-title\">Comparte esto:<\/h3><div class=\"sd-content\"><ul><li class=\"share-twitter\"><a rel=\"nofollow noopener noreferrer\" data-shared=\"sharing-twitter-23935\" class=\"share-twitter sd-button share-icon no-text\" href=\"http:\/\/www.rtvnoticias.com.ar\/?p=23935&amp;share=twitter\" target=\"_blank\" title=\"Haz clic para compartir en Twitter\"><span><\/span><span class=\"sharing-screen-reader-text\">Haz clic para compartir en Twitter (Se abre en una ventana nueva)<\/span><\/a><\/li><li class=\"share-facebook\"><a rel=\"nofollow noopener noreferrer\" data-shared=\"sharing-facebook-23935\" class=\"share-facebook sd-button share-icon no-text\" href=\"http:\/\/www.rtvnoticias.com.ar\/?p=23935&amp;share=facebook\" target=\"_blank\" title=\"Haz clic para compartir en Facebook\"><span><\/span><span class=\"sharing-screen-reader-text\">Haz clic para compartir en Facebook (Se abre en una ventana nueva)<\/span><\/a><\/li><li class=\"share-jetpack-whatsapp\"><a rel=\"nofollow noopener noreferrer\" data-shared=\"\" class=\"share-jetpack-whatsapp sd-button share-icon no-text\" href=\"http:\/\/www.rtvnoticias.com.ar\/?p=23935&amp;share=jetpack-whatsapp\" target=\"_blank\" title=\"Haz clic para compartir en WhatsApp\"><span><\/span><span class=\"sharing-screen-reader-text\">Haz clic para compartir en WhatsApp (Se abre en una ventana nueva)<\/span><\/a><\/li><li class=\"share-telegram\"><a rel=\"nofollow noopener noreferrer\" data-shared=\"\" class=\"share-telegram sd-button share-icon no-text\" href=\"http:\/\/www.rtvnoticias.com.ar\/?p=23935&amp;share=telegram\" target=\"_blank\" title=\"Haz clic para compartir en Telegram\"><span><\/span><span class=\"sharing-screen-reader-text\">Haz clic para compartir en Telegram (Se abre en una ventana nueva)<\/span><\/a><\/li><li class=\"share-end\"><\/li><\/ul><\/div><\/div><\/div>","protected":false},"excerpt":{"rendered":"<p>El presidente encabez\u00f3 el acto de conmemoraci\u00f3n en la sede de la CGT. El presidente Alberto Fern\u00e1ndez afirm\u00f3 que \u201ca la Argentina enferma (por la<\/p>\n<div class=\"sharedaddy sd-sharing-enabled\"><div class=\"robots-nocontent sd-block sd-social sd-social-icon sd-sharing\"><h3 class=\"sd-title\">Comparte esto:<\/h3><div class=\"sd-content\"><ul><li class=\"share-twitter\"><a rel=\"nofollow noopener noreferrer\" data-shared=\"sharing-twitter-23935\" class=\"share-twitter sd-button share-icon no-text\" href=\"http:\/\/www.rtvnoticias.com.ar\/?p=23935&amp;share=twitter\" target=\"_blank\" title=\"Haz clic para compartir en Twitter\"><span><\/span><span class=\"sharing-screen-reader-text\">Haz clic para compartir en Twitter (Se abre en una ventana nueva)<\/span><\/a><\/li><li class=\"share-facebook\"><a rel=\"nofollow noopener noreferrer\" data-shared=\"sharing-facebook-23935\" class=\"share-facebook sd-button share-icon no-text\" href=\"http:\/\/www.rtvnoticias.com.ar\/?p=23935&amp;share=facebook\" target=\"_blank\" title=\"Haz clic para compartir en Facebook\"><span><\/span><span class=\"sharing-screen-reader-text\">Haz clic para compartir en Facebook (Se abre en una ventana nueva)<\/span><\/a><\/li><li class=\"share-jetpack-whatsapp\"><a rel=\"nofollow noopener noreferrer\" data-shared=\"\" class=\"share-jetpack-whatsapp sd-button share-icon no-text\" href=\"http:\/\/www.rtvnoticias.com.ar\/?p=23935&amp;share=jetpack-whatsapp\" target=\"_blank\" title=\"Haz clic para compartir en WhatsApp\"><span><\/span><span class=\"sharing-screen-reader-text\">Haz clic para compartir en WhatsApp (Se abre en una ventana nueva)<\/span><\/a><\/li><li class=\"share-telegram\"><a rel=\"nofollow noopener noreferrer\" data-shared=\"\" class=\"share-telegram sd-button share-icon no-text\" href=\"http:\/\/www.rtvnoticias.com.ar\/?p=23935&amp;share=telegram\" target=\"_blank\" title=\"Haz clic para compartir en Telegram\"><span><\/span><span class=\"sharing-screen-reader-text\">Haz clic para compartir en Telegram (Se abre en una ventana nueva)<\/span><\/a><\/li><li class=\"share-end\"><\/li><\/ul><\/div><\/div><\/div>","protected":false},"author":7,"featured_media":23936,"comment_status":"closed","ping_status":"closed","sticky":false,"template":"","format":"standard","meta":{"spay_email":"","jetpack_publicize_message":"","jetpack_is_tweetstorm":false,"jetpack_publicize_feature_enabled":true},"categories":[5],"tags":[],"jetpack_featured_media_url":"http:\/\/www.rtvnoticias.com.ar\/wp-content\/uploads\/2020\/10\/af-lealtad-1.jpg","jetpack_publicize_connections":[],"jetpack_sharing_enabled":true,"_links":{"self":[{"href":"http:\/\/www.rtvnoticias.com.ar\/index.php?rest_route=\/wp\/v2\/posts\/23935"}],"collection":[{"href":"http:\/\/www.rtvnoticias.com.ar\/index.php?rest_route=\/wp\/v2\/posts"}],"about":[{"href":"http:\/\/www.rtvnoticias.com.ar\/index.php?rest_route=\/wp\/v2\/types\/post"}],"author":[{"embeddable":true,"href":"http:\/\/www.rtvnoticias.com.ar\/index.php?rest_route=\/wp\/v2\/users\/7"}],"replies":[{"embeddable":true,"href":"http:\/\/www.rtvnoticias.com.ar\/index.php?rest_route=%2Fwp%2Fv2%2Fcomments&post=23935"}],"version-history":[{"count":1,"href":"http:\/\/www.rtvnoticias.com.ar\/index.php?rest_route=\/wp\/v2\/posts\/23935\/revisions"}],"predecessor-version":[{"id":23937,"href":"http:\/\/www.rtvnoticias.com.ar\/index.php?rest_route=\/wp\/v2\/posts\/23935\/revisions\/23937"}],"wp:featuredmedia":[{"embeddable":true,"href":"http:\/\/www.rtvnoticias.com.ar\/index.php?rest_route=\/wp\/v2\/media\/23936"}],"wp:attachment":[{"href":"http:\/\/www.rtvnoticias.com.ar\/index.php?rest_route=%2Fwp%2Fv2%2Fmedia&parent=23935"}],"wp:term":[{"taxonomy":"category","embeddable":true,"href":"http:\/\/www.rtvnoticias.com.ar\/index.php?rest_route=%2Fwp%2Fv2%2Fcategories&post=23935"},{"taxonomy":"post_tag","embeddable":true,"href":"http:\/\/www.rtvnoticias.com.ar\/index.php?rest_route=%2Fwp%2Fv2%2Ftags&post=23935"}],"curies":[{"name":"wp","href":"https:\/\/api.w.org\/{rel}","templated":true}]}}