{"id":23938,"date":"2020-10-18T02:46:01","date_gmt":"2020-10-18T05:46:01","guid":{"rendered":"http:\/\/www.rtvnoticias.com.ar\/?p=23938"},"modified":"2020-10-18T02:46:06","modified_gmt":"2020-10-18T05:46:06","slug":"el-gobierno-denuncia-que-un-diputado-argentino-fue-retenido-ilegalmente-en-bolivia","status":"publish","type":"post","link":"http:\/\/www.rtvnoticias.com.ar\/?p=23938","title":{"rendered":"El Gobierno denuncia que un diputado argentino fue retenido ilegalmente en Bolivia"},"content":{"rendered":"\n<p style=\"text-align:center\"><strong>Federico Fagioli fue detenido al llegar a La Paz, cuando llegaba para cumplir tareas como veedor en las elecciones que se celebrar\u00e1n ma\u00f1ana en ese pa\u00eds.<\/strong><br><\/p>\n\n\n\n<p>El Gobierno nacional denunci\u00f3 que legisladores argentinos fueron \u201cmaltratados\u201d y uno de ellos -el diputado Federico Fagioli\u2013 retenido ilegalmente al llegar anoche a La Paz, Bolivia, para cumplir tareas como veedores en las elecciones que se celebrar\u00e1n ma\u00f1ana en ese pa\u00eds.<\/p>\n\n\n\n<p>\u201cLegisladores argentinos fueron maltratados al llegar a La Paz para cumplir con sus tareas de veedores de las elecciones del pr\u00f3ximo domingo. Es directa responsabilidad del gobierno de facto de @JeanineAnez preservar la integridad de la delegaci\u00f3n argentina\u201c, afirm\u00f3 el presidente Alberto Fern\u00e1ndez esta madrugada en su cuenta de Twitter.<\/p>\n\n\n\n<p>El mandatario comparti\u00f3 por la red social el relato del diputado nacional Leonardo Grosso, que integra la delegaci\u00f3n argentina, quien cont\u00f3 en su cuenta de Twitter c\u00f3mo se sucedieron los hechos al llegar anoche a la capital boliviana.<\/p>\n\n\n\n<p>\u201cFuimos invitados por la Presidenta del Senado de Bolivia, Eva Copa, como veedores de acompa\u00f1amiento electoral internacional para las elecciones del domingo. Al llegar, pasamos el Aeropuerto de Cochabamba sin ning\u00fan problema, pero cuando llegamos a La Paz nos detuvieron\u201c, cont\u00f3 Grosso.<\/p>\n\n\n\n<p>Asimismo relat\u00f3 que retuvieron \u201cilegalmente al diputado nacional Federico Fagioli: Vinimos a velar por la realizaci\u00f3n de elecciones limpias y en marcos democr\u00e1ticos! Hacemos responsable de nuestra seguridad al gobierno de @JeanineAnez\u201d; indic\u00f3 Grosso en su publicaci\u00f3n.<\/p>\n\n\n\n<p>Por su parte, la Canciller\u00eda argentina sostuvo esta madrugada -en un comunicado- que el Gobierno argentino \u201cexige que el gobierno de facto de Jeanine A\u00f1ez se haga responsable por la detenci\u00f3n ilegal\u201d del diputado Fagioli que \u201cviaj\u00f3 al Estado Plurinacional de Bolivia en car\u00e1cter de veedor de las pr\u00f3ximas elecciones\u201d.<\/p>\n\n\n\n<p>Tambi\u00e9n pide que \u201cse responsabilicen por la salud del funcionario de la embajada argentina, Lucas De Mar\u00eda, que tuvo un ataque de asma en medio del conflicto\u201d.<\/p>\n\n\n\n<p>Adem\u00e1s de Grosso y Fagioli, la delegaci\u00f3n argentina que viaj\u00f3 a Bolivia para participar como veedores en los comicios de ma\u00f1ana est\u00e1 integrada por la diputada nacional Paula Penacca y el senador Guillermo Snopek.<\/p>\n\n\n\n<p>Todos ellos \u201cfueron invitados para participar como observadores de las elecciones por la presidenta de la Asamblea Legislativa Plurinacional de Bolivia, Eva Copa\u201d, se\u00f1al\u00f3 la Canciller\u00eda en su comunicado.<\/p>\n<div class=\"sharedaddy sd-sharing-enabled\"><div class=\"robots-nocontent sd-block sd-social sd-social-icon sd-sharing\"><h3 class=\"sd-title\">Comparte esto:<\/h3><div class=\"sd-content\"><ul><li class=\"share-twitter\"><a rel=\"nofollow noopener noreferrer\" data-shared=\"sharing-twitter-23938\" class=\"share-twitter sd-button share-icon no-text\" href=\"http:\/\/www.rtvnoticias.com.ar\/?p=23938&amp;share=twitter\" target=\"_blank\" title=\"Haz clic para compartir en Twitter\"><span><\/span><span class=\"sharing-screen-reader-text\">Haz clic para compartir en Twitter (Se abre en una ventana nueva)<\/span><\/a><\/li><li class=\"share-facebook\"><a rel=\"nofollow noopener noreferrer\" data-shared=\"sharing-facebook-23938\" class=\"share-facebook sd-button share-icon no-text\" href=\"http:\/\/www.rtvnoticias.com.ar\/?p=23938&amp;share=facebook\" target=\"_blank\" title=\"Haz clic para compartir en Facebook\"><span><\/span><span class=\"sharing-screen-reader-text\">Haz clic para compartir en Facebook (Se abre en una ventana nueva)<\/span><\/a><\/li><li class=\"share-jetpack-whatsapp\"><a rel=\"nofollow noopener noreferrer\" data-shared=\"\" class=\"share-jetpack-whatsapp sd-button share-icon no-text\" href=\"http:\/\/www.rtvnoticias.com.ar\/?p=23938&amp;share=jetpack-whatsapp\" target=\"_blank\" title=\"Haz clic para compartir en WhatsApp\"><span><\/span><span class=\"sharing-screen-reader-text\">Haz clic para compartir en WhatsApp (Se abre en una ventana nueva)<\/span><\/a><\/li><li class=\"share-telegram\"><a rel=\"nofollow noopener noreferrer\" data-shared=\"\" class=\"share-telegram sd-button share-icon no-text\" href=\"http:\/\/www.rtvnoticias.com.ar\/?p=23938&amp;share=telegram\" target=\"_blank\" title=\"Haz clic para compartir en Telegram\"><span><\/span><span class=\"sharing-screen-reader-text\">Haz clic para compartir en Telegram (Se abre en una ventana nueva)<\/span><\/a><\/li><li class=\"share-end\"><\/li><\/ul><\/div><\/div><\/div>","protected":false},"excerpt":{"rendered":"<p>Federico Fagioli fue detenido al llegar a La Paz, cuando llegaba para cumplir tareas como veedor en las elecciones que se celebrar\u00e1n ma\u00f1ana en ese<\/p>\n<div class=\"sharedaddy sd-sharing-enabled\"><div class=\"robots-nocontent sd-block sd-social sd-social-icon sd-sharing\"><h3 class=\"sd-title\">Comparte esto:<\/h3><div class=\"sd-content\"><ul><li class=\"share-twitter\"><a rel=\"nofollow noopener noreferrer\" data-shared=\"sharing-twitter-23938\" class=\"share-twitter sd-button share-icon no-text\" href=\"http:\/\/www.rtvnoticias.com.ar\/?p=23938&amp;share=twitter\" target=\"_blank\" title=\"Haz clic para compartir en Twitter\"><span><\/span><span class=\"sharing-screen-reader-text\">Haz clic para compartir en Twitter (Se abre en una ventana nueva)<\/span><\/a><\/li><li class=\"share-facebook\"><a rel=\"nofollow noopener noreferrer\" data-shared=\"sharing-facebook-23938\" class=\"share-facebook sd-button share-icon no-text\" href=\"http:\/\/www.rtvnoticias.com.ar\/?p=23938&amp;share=facebook\" target=\"_blank\" title=\"Haz clic para compartir en Facebook\"><span><\/span><span class=\"sharing-screen-reader-text\">Haz clic para compartir en Facebook (Se abre en una ventana nueva)<\/span><\/a><\/li><li class=\"share-jetpack-whatsapp\"><a rel=\"nofollow noopener noreferrer\" data-shared=\"\" class=\"share-jetpack-whatsapp sd-button share-icon no-text\" href=\"http:\/\/www.rtvnoticias.com.ar\/?p=23938&amp;share=jetpack-whatsapp\" target=\"_blank\" title=\"Haz clic para compartir en WhatsApp\"><span><\/span><span class=\"sharing-screen-reader-text\">Haz clic para compartir en WhatsApp (Se abre en una ventana nueva)<\/span><\/a><\/li><li class=\"share-telegram\"><a rel=\"nofollow noopener noreferrer\" data-shared=\"\" class=\"share-telegram sd-button share-icon no-text\" href=\"http:\/\/www.rtvnoticias.com.ar\/?p=23938&amp;share=telegram\" target=\"_blank\" title=\"Haz clic para compartir en Telegram\"><span><\/span><span class=\"sharing-screen-reader-text\">Haz clic para compartir en Telegram (Se abre en una ventana nueva)<\/span><\/a><\/li><li class=\"share-end\"><\/li><\/ul><\/div><\/div><\/div>","protected":false},"author":7,"featured_media":23939,"comment_status":"closed","ping_status":"closed","sticky":false,"template":"","format":"standard","meta":{"spay_email":"","jetpack_publicize_message":"","jetpack_is_tweetstorm":false,"jetpack_publicize_feature_enabled":true},"categories":[5],"tags":[],"jetpack_featured_media_url":"http:\/\/www.rtvnoticias.com.ar\/wp-content\/uploads\/2020\/10\/1602960619476.jpg","jetpack_publicize_connections":[],"jetpack_sharing_enabled":true,"_links":{"self":[{"href":"http:\/\/www.rtvnoticias.com.ar\/index.php?rest_route=\/wp\/v2\/posts\/23938"}],"collection":[{"href":"http:\/\/www.rtvnoticias.com.ar\/index.php?rest_route=\/wp\/v2\/posts"}],"about":[{"href":"http:\/\/www.rtvnoticias.com.ar\/index.php?rest_route=\/wp\/v2\/types\/post"}],"author":[{"embeddable":true,"href":"http:\/\/www.rtvnoticias.com.ar\/index.php?rest_route=\/wp\/v2\/users\/7"}],"replies":[{"embeddable":true,"href":"http:\/\/www.rtvnoticias.com.ar\/index.php?rest_route=%2Fwp%2Fv2%2Fcomments&post=23938"}],"version-history":[{"count":1,"href":"http:\/\/www.rtvnoticias.com.ar\/index.php?rest_route=\/wp\/v2\/posts\/23938\/revisions"}],"predecessor-version":[{"id":23940,"href":"http:\/\/www.rtvnoticias.com.ar\/index.php?rest_route=\/wp\/v2\/posts\/23938\/revisions\/23940"}],"wp:featuredmedia":[{"embeddable":true,"href":"http:\/\/www.rtvnoticias.com.ar\/index.php?rest_route=\/wp\/v2\/media\/23939"}],"wp:attachment":[{"href":"http:\/\/www.rtvnoticias.com.ar\/index.php?rest_route=%2Fwp%2Fv2%2Fmedia&parent=23938"}],"wp:term":[{"taxonomy":"category","embeddable":true,"href":"http:\/\/www.rtvnoticias.com.ar\/index.php?rest_route=%2Fwp%2Fv2%2Fcategories&post=23938"},{"taxonomy":"post_tag","embeddable":true,"href":"http:\/\/www.rtvnoticias.com.ar\/index.php?rest_route=%2Fwp%2Fv2%2Ftags&post=23938"}],"curies":[{"name":"wp","href":"https:\/\/api.w.org\/{rel}","templated":true}]}}