{"id":24096,"date":"2020-10-27T11:00:22","date_gmt":"2020-10-27T14:00:22","guid":{"rendered":"http:\/\/www.rtvnoticias.com.ar\/?p=24096"},"modified":"2020-10-27T11:00:25","modified_gmt":"2020-10-27T14:00:25","slug":"alberto-fernandez-me-gusto-la-carta-de-cristina-la-senti-como-un-respaldo","status":"publish","type":"post","link":"http:\/\/www.rtvnoticias.com.ar\/?p=24096","title":{"rendered":"Alberto Fern\u00e1ndez: \u00abMe gust\u00f3 la carta de Cristina, la sent\u00ed como un respaldo\u00bb"},"content":{"rendered":"\n<p><strong>El Presidente asegur\u00f3 que el p\u00e1rrafo que incluye cr\u00edticas a funcionarios de su gabinete fue malinterpretado. \u201cEsa frase no est\u00e1 dirigida a m\u00ed, est\u00e1 dirigida a quienes cuestionan al Gobierno\u201d, analiz\u00f3<br><\/strong><\/p>\n\n\n\n<p>El presidente Alberto Fern\u00e1ndez asegur\u00f3 que le gust\u00f3 la carta escrita por Cristina Kirchner y la sinti\u00f3 como un respaldo a su gesti\u00f3n. Adem\u00e1s, cuestion\u00f3 a quienes leyeron en el texto algunas cr\u00edticas a su gobierno y a los funcionarios que integran el gabinete.<\/p>\n\n\n\n<p>\u201cLe\u00ed la carta y me gust\u00f3 mucho, la sent\u00ed como un respaldo. Ella ha sido muy generosa conmigo. La carta no me result\u00f3 novedosa, son las cosas que hablo con Cristina. Creo que definitivamente la carta es en apoyo en Gobierno. Dice que vivimos un contexto en parte heredado y en parte puesto por el contexto mundial\u201d, analiz\u00f3 en di\u00e1logo con la periodista Mar\u00eda O\u2019Donnell, en radio Metro.<\/p>\n\n\n\n<p>El Jefe de Estado, adem\u00e1s, evalu\u00f3 que el p\u00e1rrafo en donde la vicepresidenta alude \u201clos funcionarios que no funcionan\u201d no est\u00e1 dirigido a \u00e9l, sino a los cr\u00edticos del Gobierno. \u201cNo s\u00e9 c\u00f3mo ven las cartas, \u00e9sta es una carta de fuerte compromiso y no s\u00e9 c\u00f3mo deducen lo que deducen\u201d, cuestion\u00f3 Fern\u00e1ndez. Y complet\u00f3: \u201cEl tema fue dejar al descubierto que el problema es que hay sectores que no soportan que el Gobierno sea peronista\u201d.<\/p>\n\n\n\n<p>\u201cEs una carta valiosa, dicha en un momento muy especial para Cristina, que en estos d\u00edas no la pasa bien nunca. (\u2026) Puede haber cosas que no le gusten y si abre un debate bienvenido sea, no hay discurso \u00fanico, este es el gobierno de una alianza\u201d, afirm\u00f3.<\/p>\n\n\n\n<p><strong>Las principales frases del Presidente<\/strong><\/p>\n\n\n\n<p><strong>D\u00f3lar<\/strong><\/p>\n\n\n\n<p>\u201cLe meten en la cabeza que la Argentina va a devaluar. Es una t\u00e9cnica permanente en los diarios, principalmente en algunos. La brecha se genera porque hay operadores que mueven el CCL y a partir de ah\u00ed se empiezan a complicar las cosas. De todas estas cosas nos estamos ocupando con Mart\u00edn\u201d.<\/p>\n\n\n\n<p>\u201cMart\u00edn es el ministro de Econom\u00eda. Tenemos un problema fiscal porque tuvimos que hacer un gasto extraordinario por la pandemia y Mart\u00edn tiene que asumir el control de la situaci\u00f3n\u201d.<\/p>\n\n\n\n<p>\u201cMart\u00edn es un ministro excepcional. Tiene una capacidad y una integridad moral \u00fanica\u201d.<\/p>\n\n\n\n<p>\u201cLos mismos que pusieron el cepo de 200 d\u00f3lares ahora nos ense\u00f1an c\u00f3mo sacar el cepo; son maravillosos\u201d.<\/p>\n\n\n\n<p>\u201cEl d\u00f3lar blue es un mercado negro, donde la informalidad es la regla y donde ocurren infinidad de cosas. Es un mercado que se nutre b\u00e1sicamente, no \u00fanicamente, de d\u00f3lares que dejan los turistas extranjeros que encuentran all\u00ed una mejor cotizaci\u00f3n\u201d.<\/p>\n\n\n\n<p>\u201cEs un d\u00f3lar donde los pesos los cambian a pesos los narcotraficantes. Hubo una redada la semana pasada vinculada a una banda de peruanos. Muchos pensaron que era el gobierno amedrantando. No era el Gobierno, me enter\u00e9 por los diarios\u201d.<\/p>\n\n\n\n<p>\u201cNosotros nos damos cuenta de que el blue es un mercado donde el d\u00f3lar se est\u00e1 encareciendo porque no hay turistas. Los que entregan sus d\u00f3lares en el mercado blue son turistas y por lo tanto si pueden volver y garantizarnos que no haya contagios y traer sus d\u00f3lares ac\u00e1, vamos a estar intent\u00e1ndolo\u201d.<\/p>\n\n\n\n<p><strong>Usurpaciones de tierras<\/strong><\/p>\n\n\n\n<p>\u201cDecir que la propiedad privada est\u00e1 en riesgo es una estupidez profunda. No hubo ning\u00fan gesto en ese sentido\u201d.<\/p>\n\n\n\n<p>\u201cLo de Vicent\u00edn fue intentar preservar una empresa centenaria que sus directivos hab\u00edan puesto en crisis. Quisimos preservar las fuentes de trabajo y la empresa. Fue tan grande la reacci\u00f3n y por eso volvimos atr\u00e1s\u201d.<\/p>\n\n\n\n<p>\u201cEl caso de los Etchevehere es una cuesti\u00f3n de hermanos. Una hermana que decide cederle a Grabois para un plan de agricultura sustentable y el otro hermano que no lo acepta. \u00bfQu\u00e9 tiene que ver el Gobierno?\u201d.<\/p>\n\n\n\n<p>\u201cDolores denunci\u00f3 maltrato y riesgo para su vida, por eso fue una funcionaria del Ministerio de Justicia. Fue, cumpli\u00f3 con su funci\u00f3n y volvi\u00f3. Todos sabemos que all\u00ed hay un debate entre dos hermanos por repartirse un terreno y una herencia. Son cosas que pasan a veces con los ricos. \u00bfEste problema qu\u00e9 tiene que ver con el Gobierno? Son cosas que a veces pasan entre los ricos. Grabois entr\u00f3 de la mano de una propietaria\u201d.<\/p>\n\n\n\n<p>\u201cLa gobernadora y la titular del INAI son las dos de R\u00edo Negro y las dos hacen pol\u00edtica en R\u00edo Negro. Yo le propuse que trabaje en conjunto con las ministras de Justicia y de Seguridad y que se mueva directamente con ellas para que no trabaje con duda\u201d.<\/p>\n\n\n\n<p><strong>Coronavirus<\/strong><\/p>\n\n\n\n<p>\u201cTenemos acuerdos en v\u00eda de firma con todos. Nos interesa que la primera vacuna que se pueda dar, la demos. Hay vacunas chinas, hay una vacuna rusa que est\u00e1n hablando con nosotros. Est\u00e1 la de Oxford, la de Pfizer\u2026 Con todos, absolutamente con todos estamos hablando\u201d.<\/p>\n\n\n\n<p>\u201cCuando me acusaban de secuestrador de argentinos, me la pasaba diciendo que mi principal temor era el rebrote. Ah\u00ed lo est\u00e1 viviendo Europa, Israel y los Estados Unidos. Yo quiero la vacuna cuanto antes para evitar nosotros la segunda ola. Hasta entonces tenemos que cuidarnos todos\u201d.<\/p>\n\n\n\n<p>\u201cCuidar la salud de los argentinos es para m\u00ed lo m\u00e1s importante\u201d.<\/p>\n\n\n\n<p>\u201cLo que ocurre en Argentina\u2026 Hoy entre 6 y 7 provincias tienen el 60% de los casos. Cuando esto empez\u00f3, le prestamos mucha atenci\u00f3n al AMBA, a los grandes conglomerados, y el resto del pa\u00eds pens\u00f3 que no le iba a tocar. Que el virus no iba a llegar. Y es obvio que no es as\u00ed. Y tambi\u00e9n piensan que en el campo el problema no sucede\u201d.<\/p>\n\n\n\n<p>\u201cSon n\u00fameros que nos duelen, a los que hubi\u00e9ramos preferido no llegar nunca, pero cuando ten\u00edamos controlado el tema en el AMBA, empez\u00f3 a llegar al interior\u201d.<\/p>\n\n\n\n<p>\u201cEl a\u00f1o que viene vamos a tener resuelto el tema y en marzo del a\u00f1o que viene gran parte de la vacuna est\u00e9 suministrada. El problema del contagio en las escuelas no son los chicos, que en su mayor\u00eda llevan el virus sin problema. El problema es que lo chicos son vectores de contagio. Por eso la OMS pidi\u00f3 que no haya clases; no es una decisi\u00f3n que yo tom\u00e9, es exactamente lo que recomend\u00f3 la OMS\u201d.<\/p>\n\n\n\n<p>\u201cNosotros queremos recobrar la escolaridad cuanto antes porque es un problema para los chicos, que obligan la responsabilidad de levantarse, ir al colegio, estar equis horas all\u00ed, volver a la casa, hacer la tarea\u2026 Todo eso no es bueno. Queremos que no ocurra, pero queremos garantizar que no haya un riesgo para la salud de los chicos\u201d.<\/p>\n\n\n\n<p><strong>IFE<\/strong><\/p>\n\n\n\n<p>\u201cEstamos viendo c\u00f3mo cubrimos de aqu\u00ed a fin de a\u00f1o las necesidades de todos. Todav\u00eda no sabemos cu\u00e1l va a ser la forma. Nosotros queremos que a nadie le falte lo m\u00ednimo e indispensable para poder vivir. Por eso sacamos la cantidad de planes sociales que sacamos\u201d.<\/p>\n\n\n\n<p>\u201cTodos dec\u00edan que la explosi\u00f3n social era inevitable. Todos esperaban saqueos\u2026 La responsabilidad de los sectores vulnerables la voy agradecer todos los d\u00edas\u201d.<\/p>\n\n\n\n<p><strong>Aborto<\/strong><\/p>\n\n\n\n<p>\u201cMi compromiso es que lo podamos tratar antes de fin de a\u00f1o. Los abortos existen y muchas mujeres terminan lastimadas o terminan muriendo en abortos clandestinos. Estamos trabajando en eso. Estoy tratando que el tema no se transforme en una nueva disputa entre los argentinos. Quisiera que de una vez por todas respetemos el debate. No quiero que generemos un nuevo debate entre los argentinos. Tenemos un tema de salud p\u00fablica que hay que resolver\u201d<\/p>\n\n\n\n<p>\u201cLa otra vez vinieron de una iglesia evang\u00e9lica, tiraban bombas en la puerta de Olivos, a Dylan y al hijo de Dylan los trastornaba\u2026 Y yo lo que quiero es que no tiren bombas. Que nos respetemos entre todos. Nadie est\u00e1 obligado a abortar. El que tiene convicciones muy firmes y no quiere abortar, que no lo haga\u201d.<\/p>\n\n\n\n<p><strong>El recuerdo de N\u00e9stor Kirchner<\/strong><\/p>\n\n\n\n<p>\u201cEs un d\u00eda de mezcla de alegr\u00eda y de tristeza. Alegr\u00eda porque se cumple un a\u00f1o de la victoria en las elecciones y de tristeza porque se cumplen 10 a\u00f1os de la muerte de N\u00e9stor. Recuperamos la estatua, vamos a homenajearlo como \u00e9l se lo merece\u201d<\/p>\n\n\n\n<p>\u201cSomos un proceso que gobern\u00f3 todos esos a\u00f1os y sigue gobernando. Cambian los nombres y los objetivos siguen siendo los mismos. Por eso cuando hablan de la carta de Cristina, todos los prop\u00f3sitos los confirmo en un 100 por ciento. No tengo el kirchner\u00f3metro. Cristina fue la esposa de N\u00e9stor. La compa\u00f1era de toda la vida. Poca veces vi un hombre tan enamorado. Y Cristina tiene ese lugar que es \u00fanico: la respetamos por lo que es y por el lugar que tuvo al lado de N\u00e9stor\u201d.<\/p>\n\n\n\n<p>\u201cN\u00e9stor fue un antes y un despu\u00e9s en mi vida. Estoy muy orgulloso del gobierno que compart\u00ed con \u00e9l\u201d.<\/p>\n\n\n\n<p>\u201cLo que critiqu\u00e9 en su momento del gobierno de Cristina no ha cambiado. Cosas que cre\u00ed que deb\u00edan hacerse de otro modo. Pero hemos entendido que la divisi\u00f3n s\u00f3lo favorece a los que llevaron a la Argentina al caos\u201d.<\/p>\n<div class=\"sharedaddy sd-sharing-enabled\"><div class=\"robots-nocontent sd-block sd-social sd-social-icon sd-sharing\"><h3 class=\"sd-title\">Comparte esto:<\/h3><div class=\"sd-content\"><ul><li class=\"share-twitter\"><a rel=\"nofollow noopener noreferrer\" data-shared=\"sharing-twitter-24096\" class=\"share-twitter sd-button share-icon no-text\" href=\"http:\/\/www.rtvnoticias.com.ar\/?p=24096&amp;share=twitter\" target=\"_blank\" title=\"Haz clic para compartir en Twitter\"><span><\/span><span class=\"sharing-screen-reader-text\">Haz clic para compartir en Twitter (Se abre en una ventana nueva)<\/span><\/a><\/li><li class=\"share-facebook\"><a rel=\"nofollow noopener noreferrer\" data-shared=\"sharing-facebook-24096\" class=\"share-facebook sd-button share-icon no-text\" href=\"http:\/\/www.rtvnoticias.com.ar\/?p=24096&amp;share=facebook\" target=\"_blank\" title=\"Haz clic para compartir en Facebook\"><span><\/span><span class=\"sharing-screen-reader-text\">Haz clic para compartir en Facebook (Se abre en una ventana nueva)<\/span><\/a><\/li><li class=\"share-jetpack-whatsapp\"><a rel=\"nofollow noopener noreferrer\" data-shared=\"\" class=\"share-jetpack-whatsapp sd-button share-icon no-text\" href=\"http:\/\/www.rtvnoticias.com.ar\/?p=24096&amp;share=jetpack-whatsapp\" target=\"_blank\" title=\"Haz clic para compartir en WhatsApp\"><span><\/span><span class=\"sharing-screen-reader-text\">Haz clic para compartir en WhatsApp (Se abre en una ventana nueva)<\/span><\/a><\/li><li class=\"share-telegram\"><a rel=\"nofollow noopener noreferrer\" data-shared=\"\" class=\"share-telegram sd-button share-icon no-text\" href=\"http:\/\/www.rtvnoticias.com.ar\/?p=24096&amp;share=telegram\" target=\"_blank\" title=\"Haz clic para compartir en Telegram\"><span><\/span><span class=\"sharing-screen-reader-text\">Haz clic para compartir en Telegram (Se abre en una ventana nueva)<\/span><\/a><\/li><li class=\"share-end\"><\/li><\/ul><\/div><\/div><\/div>","protected":false},"excerpt":{"rendered":"<p>El Presidente asegur\u00f3 que el p\u00e1rrafo que incluye cr\u00edticas a funcionarios de su gabinete fue malinterpretado. \u201cEsa frase no est\u00e1 dirigida a m\u00ed, est\u00e1 dirigida<\/p>\n<div class=\"sharedaddy sd-sharing-enabled\"><div class=\"robots-nocontent sd-block sd-social sd-social-icon sd-sharing\"><h3 class=\"sd-title\">Comparte esto:<\/h3><div class=\"sd-content\"><ul><li class=\"share-twitter\"><a rel=\"nofollow noopener noreferrer\" data-shared=\"sharing-twitter-24096\" class=\"share-twitter sd-button share-icon no-text\" href=\"http:\/\/www.rtvnoticias.com.ar\/?p=24096&amp;share=twitter\" target=\"_blank\" title=\"Haz clic para compartir en Twitter\"><span><\/span><span class=\"sharing-screen-reader-text\">Haz clic para compartir en Twitter (Se abre en una ventana nueva)<\/span><\/a><\/li><li class=\"share-facebook\"><a rel=\"nofollow noopener noreferrer\" data-shared=\"sharing-facebook-24096\" class=\"share-facebook sd-button share-icon no-text\" href=\"http:\/\/www.rtvnoticias.com.ar\/?p=24096&amp;share=facebook\" target=\"_blank\" title=\"Haz clic para compartir en Facebook\"><span><\/span><span class=\"sharing-screen-reader-text\">Haz clic para compartir en Facebook (Se abre en una ventana nueva)<\/span><\/a><\/li><li class=\"share-jetpack-whatsapp\"><a rel=\"nofollow noopener noreferrer\" data-shared=\"\" class=\"share-jetpack-whatsapp sd-button share-icon no-text\" href=\"http:\/\/www.rtvnoticias.com.ar\/?p=24096&amp;share=jetpack-whatsapp\" target=\"_blank\" title=\"Haz clic para compartir en WhatsApp\"><span><\/span><span class=\"sharing-screen-reader-text\">Haz clic para compartir en WhatsApp (Se abre en una ventana nueva)<\/span><\/a><\/li><li class=\"share-telegram\"><a rel=\"nofollow noopener noreferrer\" data-shared=\"\" class=\"share-telegram sd-button share-icon no-text\" href=\"http:\/\/www.rtvnoticias.com.ar\/?p=24096&amp;share=telegram\" target=\"_blank\" title=\"Haz clic para compartir en Telegram\"><span><\/span><span class=\"sharing-screen-reader-text\">Haz clic para compartir en Telegram (Se abre en una ventana nueva)<\/span><\/a><\/li><li class=\"share-end\"><\/li><\/ul><\/div><\/div><\/div>","protected":false},"author":7,"featured_media":24097,"comment_status":"closed","ping_status":"closed","sticky":false,"template":"","format":"standard","meta":{"spay_email":"","jetpack_publicize_message":"","jetpack_is_tweetstorm":false,"jetpack_publicize_feature_enabled":true},"categories":[1],"tags":[],"jetpack_featured_media_url":"http:\/\/www.rtvnoticias.com.ar\/wp-content\/uploads\/2020\/10\/cfk-af.jpg","jetpack_publicize_connections":[],"jetpack_sharing_enabled":true,"_links":{"self":[{"href":"http:\/\/www.rtvnoticias.com.ar\/index.php?rest_route=\/wp\/v2\/posts\/24096"}],"collection":[{"href":"http:\/\/www.rtvnoticias.com.ar\/index.php?rest_route=\/wp\/v2\/posts"}],"about":[{"href":"http:\/\/www.rtvnoticias.com.ar\/index.php?rest_route=\/wp\/v2\/types\/post"}],"author":[{"embeddable":true,"href":"http:\/\/www.rtvnoticias.com.ar\/index.php?rest_route=\/wp\/v2\/users\/7"}],"replies":[{"embeddable":true,"href":"http:\/\/www.rtvnoticias.com.ar\/index.php?rest_route=%2Fwp%2Fv2%2Fcomments&post=24096"}],"version-history":[{"count":1,"href":"http:\/\/www.rtvnoticias.com.ar\/index.php?rest_route=\/wp\/v2\/posts\/24096\/revisions"}],"predecessor-version":[{"id":24098,"href":"http:\/\/www.rtvnoticias.com.ar\/index.php?rest_route=\/wp\/v2\/posts\/24096\/revisions\/24098"}],"wp:featuredmedia":[{"embeddable":true,"href":"http:\/\/www.rtvnoticias.com.ar\/index.php?rest_route=\/wp\/v2\/media\/24097"}],"wp:attachment":[{"href":"http:\/\/www.rtvnoticias.com.ar\/index.php?rest_route=%2Fwp%2Fv2%2Fmedia&parent=24096"}],"wp:term":[{"taxonomy":"category","embeddable":true,"href":"http:\/\/www.rtvnoticias.com.ar\/index.php?rest_route=%2Fwp%2Fv2%2Fcategories&post=24096"},{"taxonomy":"post_tag","embeddable":true,"href":"http:\/\/www.rtvnoticias.com.ar\/index.php?rest_route=%2Fwp%2Fv2%2Ftags&post=24096"}],"curies":[{"name":"wp","href":"https:\/\/api.w.org\/{rel}","templated":true}]}}