{"id":24246,"date":"2020-11-04T10:04:51","date_gmt":"2020-11-04T13:04:51","guid":{"rendered":"http:\/\/www.rtvnoticias.com.ar\/?p=24246"},"modified":"2020-11-04T10:04:54","modified_gmt":"2020-11-04T13:04:54","slug":"se-elimino-el-hematoma-exitosamente-confirmo-el-medico-luque-tras-operar-a-maradona","status":"publish","type":"post","link":"http:\/\/www.rtvnoticias.com.ar\/?p=24246","title":{"rendered":"\u00abSe elimin\u00f3 el hematoma exitosamente\u00bb, confirm\u00f3 el m\u00e9dico Luque tras operar a Maradona"},"content":{"rendered":"\n<p>Diego Maradona fue intervenido quir\u00fargicamente \u00abde manera exitosa\u00bb por un hematoma subdural detectado en los estudios que se le realizaron tras su internaci\u00f3n del lunes en La Plata, en una operaci\u00f3n que le practic\u00f3 su m\u00e9dico personal, el neur\u00f3logo Leopoldo Luque, en la Cl\u00ednica Olivos.<\/p>\n\n\n\n<p>\u00abPor suerte fue una operaci\u00f3n exitosa y ahora esperamos por el per\u00edodo de recuperaci\u00f3n. El hematoma se elimin\u00f3 satisfactoriamente y tal como esper\u00e1bamos\u00bb, precis\u00f3 Luque en las puertas de la Cl\u00ednica Olivos a T\u00e9lam y otros medios nacionales e internacionales destacados en el lugar.<\/p>\n\n\n\n<p>\u00abLa intervenci\u00f3n dur\u00f3 una hora y cinco minutos y el resultado fue exitoso, tal y como se esperaba\u00bb, confiaron a T\u00e9lam previamente fuentes vinculadas al c\u00edrculo \u00e1ulico del actual entrenador de Gimnasia y Esgrima La Plata.<\/p>\n\n\n\n<p>Maradona subi\u00f3 a quir\u00f3fano a las 21.25, mientras en la sala de espera aguardaban el desenlace de la intervenci\u00f3n sus hijas Giannina, Dalma y Jana, junto a los abogados de la familia, Mat\u00edas Morla y V\u00edctor Stinfale.<\/p>\n\n\n\n<p>A las 22.30 culmin\u00f3 el trabajo del neurocirujano Luque, con el satisfactorio resultado mencionado por sus allegados.<\/p>\n\n\n\n<p>En tanto, en las puertas de la cl\u00ednica medio centenar de aficionados con banderas de Boca Juniors, N\u00e1poli, Platense y All Boys, junto a miembros de la denominada \u00abIglesia maradoniana\u00bb, esperaban informaci\u00f3n con una pancarta con la inscripci\u00f3n \u00abQuien ama no olvida, Fuerza D1os\u00bb.<\/p>\n\n\n\n<p>Claro que mientras estos \u00abhinchas de Diego\u00bb palpitaban el final de un partido m\u00e1s en la vida de su \u00eddolo, una cantidad apenas inferior de periodistas hac\u00eda lo propio, con buena presencia de medios internacionales entre los que se destacaba, por ejemplo, la cadena estadounidense CNN, que a esa hora compart\u00eda im\u00e1genes de las elecciones presidenciales en su pa\u00eds con las de la puerta de la cl\u00ednica.<\/p>\n\n\n\n<p>Maradona lleg\u00f3 a Olivos proveniente de la cl\u00ednica platense Ipensa, donde este mediod\u00eda se le detect\u00f3, a trav\u00e9s de una tomograf\u00eda computada que no se le pudo practicar cuando fue internado, ese hematoma subdural que, seg\u00fan su entorno, puede ser producto de alg\u00fan golpe recibido durante sus habituales pr\u00e1cticas de boxeo o eventualmente durante algunos de los juegos con pelota que lleva a cabo con su peque\u00f1o hijo Diego Fernando.<\/p>\n\n\n\n<p>\u00abEsta operaci\u00f3n es de rutina y ya la pas\u00f3 (la vicepresidenta) Cristina Fern\u00e1ndez de Kirchner. Maradona estuvo de acuerdo con la intervenci\u00f3n\u00bb, dijo Luque a los medios de prensa tratando de poner blanco sobre negro respecto de que se trataba este acto quir\u00fargico.<\/p>\n\n\n\n<p>Maradona, quien cumpli\u00f3 60 a\u00f1os el viernes \u00faltimo, fue internado el lunes en ese centro asistencial a ra\u00edz de un \u00abbaj\u00f3n an\u00edmico que afect\u00f3 su alimentaci\u00f3n\u00bb, seg\u00fan aclar\u00f3 en ese momento su m\u00e9dico personal.<\/p>\n\n\n\n<p>El actual entrenador de Gimnasia y Esgrima La Plata ya se hab\u00eda practicado una tomograf\u00eda similar hace un mes, pero seg\u00fan Luque en ese momento no se pudo observar el hematoma subdural que s\u00ed se detect\u00f3 ahora. Y el propio Maradona dijo no recordar si tuvo una ca\u00edda que lo haya generado. El m\u00e9dico explic\u00f3 que el edema se gener\u00f3 \u00ablentamente\u00bb y era \u00absuperficial\u00bb.<\/p>\n\n\n\n<p>Para el m\u00e9dico del seleccionado argentino de f\u00fatbol, Donato Villani, \u00abuna intervenci\u00f3n de este tipo no requiere riesgo. Yo lo vi bien el viernes pasado en La Plata\u00bb, asegur\u00f3..<\/p>\n\n\n\n<p>Todo lo contrario manifest\u00f3 su hist\u00f3rico, preparador f\u00edsico, Fernando Signorini, quien sostuvo que ese lo not\u00f3 \u00abmal a Diego. Me pareci\u00f3 de mal gusto que lo llevaran el viernes a la cancha de Gimnasia\u00bb, resalt\u00f3.<\/p>\n\n\n\n<p>\u00abPero de todas formas Diego va a salir bien de \u00e9sta, porque me prometi\u00f3 que va a venir a mi velorio, y \u00e9l nunca falt\u00f3 a su palabra\u00bb, concluy\u00f3 en tono bromista Signorini.<\/p>\n\n\n\n<p>El entrenador de Gimnasia La Plata se mostr\u00f3 en el debut del equipo en este certamen junto titular de la Liga Profesional, Marcelo Tinelli, y con el presidente de AFA, Claudio Tapia, quienes le entregaron una plaqueta por sus 60 a\u00f1os.<\/p>\n\n\n\n<p>Despu\u00e9s Maradona permaneci\u00f3 en la cancha por un pu\u00f1ado de minutos, ya que antes de los cinco se retir\u00f3 del estadio \u00abtripero\u00bb sin presenciar la victoria de sus propios dirigidos por 3 a 0 sobre Patronato, de Paran\u00e1.<\/p>\n\n\n\n<p>Lo que faltar\u00e1 ahora ser\u00e1 que Maradona retorne a su casa en un plazo de alrededor de una semana, para continuar con una recuperaci\u00f3n ambulante. Y as\u00ed Diego habr\u00e1 ganado otro \u00abpartido\u00bb m\u00e1s en sus seis d\u00e9cadas de intensa vida.<\/p>\n\n\n\n<p><em>Fuente: T\u00e9lam<\/em><\/p>\n<div class=\"sharedaddy sd-sharing-enabled\"><div class=\"robots-nocontent sd-block sd-social sd-social-icon sd-sharing\"><h3 class=\"sd-title\">Comparte esto:<\/h3><div class=\"sd-content\"><ul><li class=\"share-twitter\"><a rel=\"nofollow noopener noreferrer\" data-shared=\"sharing-twitter-24246\" class=\"share-twitter sd-button share-icon no-text\" href=\"http:\/\/www.rtvnoticias.com.ar\/?p=24246&amp;share=twitter\" target=\"_blank\" title=\"Haz clic para compartir en Twitter\"><span><\/span><span class=\"sharing-screen-reader-text\">Haz clic para compartir en Twitter (Se abre en una ventana nueva)<\/span><\/a><\/li><li class=\"share-facebook\"><a rel=\"nofollow noopener noreferrer\" data-shared=\"sharing-facebook-24246\" class=\"share-facebook sd-button share-icon no-text\" href=\"http:\/\/www.rtvnoticias.com.ar\/?p=24246&amp;share=facebook\" target=\"_blank\" title=\"Haz clic para compartir en Facebook\"><span><\/span><span class=\"sharing-screen-reader-text\">Haz clic para compartir en Facebook (Se abre en una ventana nueva)<\/span><\/a><\/li><li class=\"share-jetpack-whatsapp\"><a rel=\"nofollow noopener noreferrer\" data-shared=\"\" class=\"share-jetpack-whatsapp sd-button share-icon no-text\" href=\"http:\/\/www.rtvnoticias.com.ar\/?p=24246&amp;share=jetpack-whatsapp\" target=\"_blank\" title=\"Haz clic para compartir en WhatsApp\"><span><\/span><span class=\"sharing-screen-reader-text\">Haz clic para compartir en WhatsApp (Se abre en una ventana nueva)<\/span><\/a><\/li><li class=\"share-telegram\"><a rel=\"nofollow noopener noreferrer\" data-shared=\"\" class=\"share-telegram sd-button share-icon no-text\" href=\"http:\/\/www.rtvnoticias.com.ar\/?p=24246&amp;share=telegram\" target=\"_blank\" title=\"Haz clic para compartir en Telegram\"><span><\/span><span class=\"sharing-screen-reader-text\">Haz clic para compartir en Telegram (Se abre en una ventana nueva)<\/span><\/a><\/li><li class=\"share-end\"><\/li><\/ul><\/div><\/div><\/div>","protected":false},"excerpt":{"rendered":"<p>Diego Maradona fue intervenido quir\u00fargicamente \u00abde manera exitosa\u00bb por un hematoma subdural detectado en los estudios que se le realizaron tras su internaci\u00f3n del lunes<\/p>\n<div class=\"sharedaddy sd-sharing-enabled\"><div class=\"robots-nocontent sd-block sd-social sd-social-icon sd-sharing\"><h3 class=\"sd-title\">Comparte esto:<\/h3><div class=\"sd-content\"><ul><li class=\"share-twitter\"><a rel=\"nofollow noopener noreferrer\" data-shared=\"sharing-twitter-24246\" class=\"share-twitter sd-button share-icon no-text\" href=\"http:\/\/www.rtvnoticias.com.ar\/?p=24246&amp;share=twitter\" target=\"_blank\" title=\"Haz clic para compartir en Twitter\"><span><\/span><span class=\"sharing-screen-reader-text\">Haz clic para compartir en Twitter (Se abre en una ventana nueva)<\/span><\/a><\/li><li class=\"share-facebook\"><a rel=\"nofollow noopener noreferrer\" data-shared=\"sharing-facebook-24246\" class=\"share-facebook sd-button share-icon no-text\" href=\"http:\/\/www.rtvnoticias.com.ar\/?p=24246&amp;share=facebook\" target=\"_blank\" title=\"Haz clic para compartir en Facebook\"><span><\/span><span class=\"sharing-screen-reader-text\">Haz clic para compartir en Facebook (Se abre en una ventana nueva)<\/span><\/a><\/li><li class=\"share-jetpack-whatsapp\"><a rel=\"nofollow noopener noreferrer\" data-shared=\"\" class=\"share-jetpack-whatsapp sd-button share-icon no-text\" href=\"http:\/\/www.rtvnoticias.com.ar\/?p=24246&amp;share=jetpack-whatsapp\" target=\"_blank\" title=\"Haz clic para compartir en WhatsApp\"><span><\/span><span class=\"sharing-screen-reader-text\">Haz clic para compartir en WhatsApp (Se abre en una ventana nueva)<\/span><\/a><\/li><li class=\"share-telegram\"><a rel=\"nofollow noopener noreferrer\" data-shared=\"\" class=\"share-telegram sd-button share-icon no-text\" href=\"http:\/\/www.rtvnoticias.com.ar\/?p=24246&amp;share=telegram\" target=\"_blank\" title=\"Haz clic para compartir en Telegram\"><span><\/span><span class=\"sharing-screen-reader-text\">Haz clic para compartir en Telegram (Se abre en una ventana nueva)<\/span><\/a><\/li><li class=\"share-end\"><\/li><\/ul><\/div><\/div><\/div>","protected":false},"author":7,"featured_media":24248,"comment_status":"closed","ping_status":"closed","sticky":false,"template":"","format":"standard","meta":{"spay_email":"","jetpack_publicize_message":"","jetpack_is_tweetstorm":false,"jetpack_publicize_feature_enabled":true},"categories":[5],"tags":[],"jetpack_featured_media_url":"http:\/\/www.rtvnoticias.com.ar\/wp-content\/uploads\/2020\/11\/maradona-operacion.jpg","jetpack_publicize_connections":[],"jetpack_sharing_enabled":true,"_links":{"self":[{"href":"http:\/\/www.rtvnoticias.com.ar\/index.php?rest_route=\/wp\/v2\/posts\/24246"}],"collection":[{"href":"http:\/\/www.rtvnoticias.com.ar\/index.php?rest_route=\/wp\/v2\/posts"}],"about":[{"href":"http:\/\/www.rtvnoticias.com.ar\/index.php?rest_route=\/wp\/v2\/types\/post"}],"author":[{"embeddable":true,"href":"http:\/\/www.rtvnoticias.com.ar\/index.php?rest_route=\/wp\/v2\/users\/7"}],"replies":[{"embeddable":true,"href":"http:\/\/www.rtvnoticias.com.ar\/index.php?rest_route=%2Fwp%2Fv2%2Fcomments&post=24246"}],"version-history":[{"count":1,"href":"http:\/\/www.rtvnoticias.com.ar\/index.php?rest_route=\/wp\/v2\/posts\/24246\/revisions"}],"predecessor-version":[{"id":24249,"href":"http:\/\/www.rtvnoticias.com.ar\/index.php?rest_route=\/wp\/v2\/posts\/24246\/revisions\/24249"}],"wp:featuredmedia":[{"embeddable":true,"href":"http:\/\/www.rtvnoticias.com.ar\/index.php?rest_route=\/wp\/v2\/media\/24248"}],"wp:attachment":[{"href":"http:\/\/www.rtvnoticias.com.ar\/index.php?rest_route=%2Fwp%2Fv2%2Fmedia&parent=24246"}],"wp:term":[{"taxonomy":"category","embeddable":true,"href":"http:\/\/www.rtvnoticias.com.ar\/index.php?rest_route=%2Fwp%2Fv2%2Fcategories&post=24246"},{"taxonomy":"post_tag","embeddable":true,"href":"http:\/\/www.rtvnoticias.com.ar\/index.php?rest_route=%2Fwp%2Fv2%2Ftags&post=24246"}],"curies":[{"name":"wp","href":"https:\/\/api.w.org\/{rel}","templated":true}]}}