{"id":24253,"date":"2020-11-04T10:17:12","date_gmt":"2020-11-04T13:17:12","guid":{"rendered":"http:\/\/www.rtvnoticias.com.ar\/?p=24253"},"modified":"2020-11-04T10:17:16","modified_gmt":"2020-11-04T13:17:16","slug":"comienzan-los-alegatos-del-segundo-juicio-por-el-ataque-a-la-amia","status":"publish","type":"post","link":"http:\/\/www.rtvnoticias.com.ar\/?p=24253","title":{"rendered":"Comienzan los alegatos del segundo juicio por el ataque a la AMIA"},"content":{"rendered":"\n<p style=\"text-align:center\"><strong>El proceso tiene un solo acusado: el reducidor de autos Carlos Telleld\u00edn, como presunto part\u00edcipe necesario del ataque terrorista que caus\u00f3 85 muertos el 18 de julio de 1994 en la mutual jud\u00eda del barrio porte\u00f1o de Once.<\/strong><\/p>\n\n\n\n<p>Los alegatos finales en el segundo juicio oral por el atentado a la AMIA comenzar\u00e1n este mi\u00e9rcoles en los tribunales de Retiro con un \u00fanico acusado, Carlos Telleld\u00edn, como presunto part\u00edcipe necesario del ataque terrorista que caus\u00f3 85 muertos el 18 de julio de 1994 en la mutual jud\u00eda del barrio porte\u00f1o de Once.<\/p>\n\n\n\n<p>A poco m\u00e1s de 26 a\u00f1os del atentado a la sede de Pasteur 633, el Tribunal Oral Federal 3 escuchar\u00e1 el alegato final de la querella unificada de AMIA y DAIA, que pedir\u00e1 condenar al \u00fanico acusado.<\/p>\n\n\n\n<p>El debate se reanud\u00f3 de manera virtual el 23 de junio pasado con s\u00f3lo uno de los tres jueces del Tribunal presente en Comodoro Py 2002, en medio de la pandemia de coronavirus y luego de quedar suspendido el 20 de marzo.<\/p>\n\n\n\n<p>Esta misma modalidad se usar\u00e1 para los alegatos finales, en los cuales la querella alegar\u00e1 este mi\u00e9rcoles desde las 10.<\/p>\n\n\n\n<p>\u00abTelleld\u00edn fue el primer detenido que tuvo la causa AMIA, por ser el \u00faltimo tenedor conocido de la camioneta que fue usada como coche-bomba en el atentado contra la AMIA\u00bb, sostuvo en di\u00e1logo con T\u00e9lam el abogado Miguel Bronfman.<\/p>\n\n\n\n<p>El querellante anticip\u00f3 que pedir\u00e1 condena para el exreducidor de autos, procesado como quien entreg\u00f3 la camioneta Trafic usada como cochebomba diez d\u00edas antes del atentado, en una operaci\u00f3n que \u00e9l siempre dijo fue una venta y sobre la cual recayeron las acusaciones.<\/p>\n\n\n\n<p>La absoluci\u00f3n anterior<\/p>\n\n\n\n<p>Telleld\u00edn fue juzgado y absuelto en un primer juicio en 2003, cuando con otra composici\u00f3n de jueces el TOF 3 anul\u00f3 la causa por entender que las acusaciones respondieron a la teor\u00eda del \u00abfruto del \u00e1rbol envenenado\u00bb.<\/p>\n\n\n\n<p>En ese entonces, el Tribunal dio por probado que Telleld\u00edn, preso desde 1994 hasta el 2004, involucr\u00f3 en el hecho a cinco polic\u00edas bonaerenses, entre ellos el excomisario Juan Jos\u00e9 Ribelli, despu\u00e9s de cobrar 400.000 d\u00f3lares de la SIDE en forma ilegal.<\/p>\n\n\n\n<p>Tras sucesivas apelaciones, la Corte Suprema de Justicia revoc\u00f3 parte de ese veredicto en el 2009 y consider\u00f3 v\u00e1lido lo investigado hasta el momento de ese pago il\u00edcito, orden\u00f3 volver a imputar a Telleld\u00edn y realizar un nuevo juicio oral.<\/p>\n\n\n\n<p>El nuevo juicio<\/p>\n\n\n\n<p>Los jueces del TOF3, Andr\u00e9s Basso, Javier Rios y Fernando Canero, escucharon a un centenar de testigos desde el inicio del debate oral y tambi\u00e9n se incorporaron por escrito decenas de declaraciones de sobrevivientes y familiares de v\u00edctimas hechas en el primer juicio.<\/p>\n\n\n\n<p>Telleld\u00edn est\u00e1 procesado por supuesto \u00abhomicidio agravado, lesiones, da\u00f1os y asociaci\u00f3n il\u00edcita\u00bb. en un comunicado difundido a ra\u00edz del inicio de la etapa final del juicio.<\/p>\n\n\n\n<p>En marzo de 2019, Telleld\u00edn fue condenado a tres a\u00f1os y seis meses de prisi\u00f3n y a devolver los 400.000 d\u00f3lares cobrados de manera ilegal para involucrar en la \u00abconexi\u00f3n local\u00bb del ataque a cinco polic\u00edas bonaerenses.<\/p>\n\n\n\n<p>En este juicio por los delitos cometidos en la investigaci\u00f3n del ataque tambi\u00e9n se conden\u00f3 al destituido exjuez federal Juan Jos\u00e9 Galeano, el primero que investig\u00f3 la causa, a seis a\u00f1os de prisi\u00f3n, aunque las penas no est\u00e1n firmes y son revisadas en la C\u00e1mara Federal de Casaci\u00f3n Penal.<\/p>\n\n\n\n<p>Por el atentado hay siete \u00f3rdenes de captura internacional emitidas a ciudadanos iran\u00edes como presuntos ide\u00f3logos del ataque, cuya investigaci\u00f3n cambi\u00f3 este a\u00f1o de juez.<\/p>\n\n\n\n<p>Ante la renuncia para jubilarse del juez que sucedi\u00f3 a Galeano, Rodolfo Canicoba Corral, la nueva magistrada a cargo del caso es Mar\u00eda Eugenia Capuchetti.<\/p>\n<div class=\"sharedaddy sd-sharing-enabled\"><div class=\"robots-nocontent sd-block sd-social sd-social-icon sd-sharing\"><h3 class=\"sd-title\">Comparte esto:<\/h3><div class=\"sd-content\"><ul><li class=\"share-twitter\"><a rel=\"nofollow noopener noreferrer\" data-shared=\"sharing-twitter-24253\" class=\"share-twitter sd-button share-icon no-text\" href=\"http:\/\/www.rtvnoticias.com.ar\/?p=24253&amp;share=twitter\" target=\"_blank\" title=\"Haz clic para compartir en Twitter\"><span><\/span><span class=\"sharing-screen-reader-text\">Haz clic para compartir en Twitter (Se abre en una ventana nueva)<\/span><\/a><\/li><li class=\"share-facebook\"><a rel=\"nofollow noopener noreferrer\" data-shared=\"sharing-facebook-24253\" class=\"share-facebook sd-button share-icon no-text\" href=\"http:\/\/www.rtvnoticias.com.ar\/?p=24253&amp;share=facebook\" target=\"_blank\" title=\"Haz clic para compartir en Facebook\"><span><\/span><span class=\"sharing-screen-reader-text\">Haz clic para compartir en Facebook (Se abre en una ventana nueva)<\/span><\/a><\/li><li class=\"share-jetpack-whatsapp\"><a rel=\"nofollow noopener noreferrer\" data-shared=\"\" class=\"share-jetpack-whatsapp sd-button share-icon no-text\" href=\"http:\/\/www.rtvnoticias.com.ar\/?p=24253&amp;share=jetpack-whatsapp\" target=\"_blank\" title=\"Haz clic para compartir en WhatsApp\"><span><\/span><span class=\"sharing-screen-reader-text\">Haz clic para compartir en WhatsApp (Se abre en una ventana nueva)<\/span><\/a><\/li><li class=\"share-telegram\"><a rel=\"nofollow noopener noreferrer\" data-shared=\"\" class=\"share-telegram sd-button share-icon no-text\" href=\"http:\/\/www.rtvnoticias.com.ar\/?p=24253&amp;share=telegram\" target=\"_blank\" title=\"Haz clic para compartir en Telegram\"><span><\/span><span class=\"sharing-screen-reader-text\">Haz clic para compartir en Telegram (Se abre en una ventana nueva)<\/span><\/a><\/li><li class=\"share-end\"><\/li><\/ul><\/div><\/div><\/div>","protected":false},"excerpt":{"rendered":"<p>El proceso tiene un solo acusado: el reducidor de autos Carlos Telleld\u00edn, como presunto part\u00edcipe necesario del ataque terrorista que caus\u00f3 85 muertos el 18<\/p>\n<div class=\"sharedaddy sd-sharing-enabled\"><div class=\"robots-nocontent sd-block sd-social sd-social-icon sd-sharing\"><h3 class=\"sd-title\">Comparte esto:<\/h3><div class=\"sd-content\"><ul><li class=\"share-twitter\"><a rel=\"nofollow noopener noreferrer\" data-shared=\"sharing-twitter-24253\" class=\"share-twitter sd-button share-icon no-text\" href=\"http:\/\/www.rtvnoticias.com.ar\/?p=24253&amp;share=twitter\" target=\"_blank\" title=\"Haz clic para compartir en Twitter\"><span><\/span><span class=\"sharing-screen-reader-text\">Haz clic para compartir en Twitter (Se abre en una ventana nueva)<\/span><\/a><\/li><li class=\"share-facebook\"><a rel=\"nofollow noopener noreferrer\" data-shared=\"sharing-facebook-24253\" class=\"share-facebook sd-button share-icon no-text\" href=\"http:\/\/www.rtvnoticias.com.ar\/?p=24253&amp;share=facebook\" target=\"_blank\" title=\"Haz clic para compartir en Facebook\"><span><\/span><span class=\"sharing-screen-reader-text\">Haz clic para compartir en Facebook (Se abre en una ventana nueva)<\/span><\/a><\/li><li class=\"share-jetpack-whatsapp\"><a rel=\"nofollow noopener noreferrer\" data-shared=\"\" class=\"share-jetpack-whatsapp sd-button share-icon no-text\" href=\"http:\/\/www.rtvnoticias.com.ar\/?p=24253&amp;share=jetpack-whatsapp\" target=\"_blank\" title=\"Haz clic para compartir en WhatsApp\"><span><\/span><span class=\"sharing-screen-reader-text\">Haz clic para compartir en WhatsApp (Se abre en una ventana nueva)<\/span><\/a><\/li><li class=\"share-telegram\"><a rel=\"nofollow noopener noreferrer\" data-shared=\"\" class=\"share-telegram sd-button share-icon no-text\" href=\"http:\/\/www.rtvnoticias.com.ar\/?p=24253&amp;share=telegram\" target=\"_blank\" title=\"Haz clic para compartir en Telegram\"><span><\/span><span class=\"sharing-screen-reader-text\">Haz clic para compartir en Telegram (Se abre en una ventana nueva)<\/span><\/a><\/li><li class=\"share-end\"><\/li><\/ul><\/div><\/div><\/div>","protected":false},"author":7,"featured_media":24254,"comment_status":"closed","ping_status":"closed","sticky":false,"template":"","format":"standard","meta":{"spay_email":"","jetpack_publicize_message":"","jetpack_is_tweetstorm":false,"jetpack_publicize_feature_enabled":true},"categories":[1],"tags":[],"jetpack_featured_media_url":"http:\/\/www.rtvnoticias.com.ar\/wp-content\/uploads\/2020\/11\/amia1.jpg","jetpack_publicize_connections":[],"jetpack_sharing_enabled":true,"_links":{"self":[{"href":"http:\/\/www.rtvnoticias.com.ar\/index.php?rest_route=\/wp\/v2\/posts\/24253"}],"collection":[{"href":"http:\/\/www.rtvnoticias.com.ar\/index.php?rest_route=\/wp\/v2\/posts"}],"about":[{"href":"http:\/\/www.rtvnoticias.com.ar\/index.php?rest_route=\/wp\/v2\/types\/post"}],"author":[{"embeddable":true,"href":"http:\/\/www.rtvnoticias.com.ar\/index.php?rest_route=\/wp\/v2\/users\/7"}],"replies":[{"embeddable":true,"href":"http:\/\/www.rtvnoticias.com.ar\/index.php?rest_route=%2Fwp%2Fv2%2Fcomments&post=24253"}],"version-history":[{"count":1,"href":"http:\/\/www.rtvnoticias.com.ar\/index.php?rest_route=\/wp\/v2\/posts\/24253\/revisions"}],"predecessor-version":[{"id":24255,"href":"http:\/\/www.rtvnoticias.com.ar\/index.php?rest_route=\/wp\/v2\/posts\/24253\/revisions\/24255"}],"wp:featuredmedia":[{"embeddable":true,"href":"http:\/\/www.rtvnoticias.com.ar\/index.php?rest_route=\/wp\/v2\/media\/24254"}],"wp:attachment":[{"href":"http:\/\/www.rtvnoticias.com.ar\/index.php?rest_route=%2Fwp%2Fv2%2Fmedia&parent=24253"}],"wp:term":[{"taxonomy":"category","embeddable":true,"href":"http:\/\/www.rtvnoticias.com.ar\/index.php?rest_route=%2Fwp%2Fv2%2Fcategories&post=24253"},{"taxonomy":"post_tag","embeddable":true,"href":"http:\/\/www.rtvnoticias.com.ar\/index.php?rest_route=%2Fwp%2Fv2%2Ftags&post=24253"}],"curies":[{"name":"wp","href":"https:\/\/api.w.org\/{rel}","templated":true}]}}