{"id":24256,"date":"2020-11-04T12:31:23","date_gmt":"2020-11-04T15:31:23","guid":{"rendered":"http:\/\/www.rtvnoticias.com.ar\/?p=24256"},"modified":"2020-11-04T12:31:25","modified_gmt":"2020-11-04T15:31:25","slug":"ciclo-lectivo-2021-inscripciones-de-ingresantes-a-inicial-y-secundaria-a-traves-del-voz-por-vos","status":"publish","type":"post","link":"http:\/\/www.rtvnoticias.com.ar\/?p=24256","title":{"rendered":"Ciclo Lectivo 2021: inscripciones de ingresantes a Inicial y Secundaria a trav\u00e9s del \u201cVoz por Vos\u201d"},"content":{"rendered":"\n<p>El Ministerio de Educaci\u00f3n de La Pampa inform\u00f3 que, entre los d\u00edas 4 y 23 de noviembre inclusive, aquellas familias que tengan a cargo ni\u00f1os, ni\u00f1as y\/o adolescentes que deben ingresar el pr\u00f3ximo a\u00f1o a salas de 4 a\u00f1os de nivel Inicial y 1er. a\u00f1o de nivel Secundario, deber\u00e1n registrarse en https:\/\/vozporvos.lapampa.edu.ar\/ . En esta instancia, los dem\u00e1s grados y a\u00f1os no deben realizar ning\u00fan tr\u00e1mite.<\/p>\n\n\n\n<p>De manera libre y gratuita en toda la Provincia, el procedimiento se realizar\u00e1 a trav\u00e9s de la plataforma educativa \u201cVoz por Vos\u201d: un sistema de informaci\u00f3n para el acompa\u00f1amiento a las trayectorias escolares de los y las estudiantes, perteneciente al Ministerio de Educaci\u00f3n de La Pampa. El procedimiento no presencial de inscripciones de ingresantes a los niveles Inicial y Secundario para el Ciclo Lectivo 2021 reducir\u00e1 la necesidad de desplazamiento tanto de familiares como de equipos directivos, docentes y personal administrativo de los establecimientos educativos que participan de la gesti\u00f3n de los tr\u00e1mites de inscripci\u00f3n.<\/p>\n\n\n\n<p>A continuaci\u00f3n, se detallan las etapas que comprenden el procedimiento no presencial de inscripciones:  <\/p>\n\n\n\n<p>Registro en \u201cVoz por Vos\u201d: 4 al 23 de noviembre inclusive Vinculaci\u00f3n de datos de ni\u00f1os, ni\u00f1as y\/o adolescentes en el sistema inform\u00e1tico: 4 al 23 de noviembre inclusive.  Inscripciones de ingresantes a Inicial y Secundaria: 23 al 9 de diciembre inclusive.  Para obtener m\u00e1s informaci\u00f3n, pueden visitar el sitio web https:\/\/tramites.lapampa.edu.ar\/ingreso\/ . Ante consultas, comunicarse a las siguientes l\u00edneas telef\u00f3nicas a trav\u00e9s de llamadas y\/o WhatsApp de lunes a viernes entre las 8 y 14 horas: 2302 &#8211; 15 660524 \/ 2954 &#8211; 15 712540 \/ 2954 &#8211; 15 732158. <\/p>\n<div class=\"sharedaddy sd-sharing-enabled\"><div class=\"robots-nocontent sd-block sd-social sd-social-icon sd-sharing\"><h3 class=\"sd-title\">Comparte esto:<\/h3><div class=\"sd-content\"><ul><li class=\"share-twitter\"><a rel=\"nofollow noopener noreferrer\" data-shared=\"sharing-twitter-24256\" class=\"share-twitter sd-button share-icon no-text\" href=\"http:\/\/www.rtvnoticias.com.ar\/?p=24256&amp;share=twitter\" target=\"_blank\" title=\"Haz clic para compartir en Twitter\"><span><\/span><span class=\"sharing-screen-reader-text\">Haz clic para compartir en Twitter (Se abre en una ventana nueva)<\/span><\/a><\/li><li class=\"share-facebook\"><a rel=\"nofollow noopener noreferrer\" data-shared=\"sharing-facebook-24256\" class=\"share-facebook sd-button share-icon no-text\" href=\"http:\/\/www.rtvnoticias.com.ar\/?p=24256&amp;share=facebook\" target=\"_blank\" title=\"Haz clic para compartir en Facebook\"><span><\/span><span class=\"sharing-screen-reader-text\">Haz clic para compartir en Facebook (Se abre en una ventana nueva)<\/span><\/a><\/li><li class=\"share-jetpack-whatsapp\"><a rel=\"nofollow noopener noreferrer\" data-shared=\"\" class=\"share-jetpack-whatsapp sd-button share-icon no-text\" href=\"http:\/\/www.rtvnoticias.com.ar\/?p=24256&amp;share=jetpack-whatsapp\" target=\"_blank\" title=\"Haz clic para compartir en WhatsApp\"><span><\/span><span class=\"sharing-screen-reader-text\">Haz clic para compartir en WhatsApp (Se abre en una ventana nueva)<\/span><\/a><\/li><li class=\"share-telegram\"><a rel=\"nofollow noopener noreferrer\" data-shared=\"\" class=\"share-telegram sd-button share-icon no-text\" href=\"http:\/\/www.rtvnoticias.com.ar\/?p=24256&amp;share=telegram\" target=\"_blank\" title=\"Haz clic para compartir en Telegram\"><span><\/span><span class=\"sharing-screen-reader-text\">Haz clic para compartir en Telegram (Se abre en una ventana nueva)<\/span><\/a><\/li><li class=\"share-end\"><\/li><\/ul><\/div><\/div><\/div>","protected":false},"excerpt":{"rendered":"<p>El Ministerio de Educaci\u00f3n de La Pampa inform\u00f3 que, entre los d\u00edas 4 y 23 de noviembre inclusive, aquellas familias que tengan a cargo ni\u00f1os,<\/p>\n<div class=\"sharedaddy sd-sharing-enabled\"><div class=\"robots-nocontent sd-block sd-social sd-social-icon sd-sharing\"><h3 class=\"sd-title\">Comparte esto:<\/h3><div class=\"sd-content\"><ul><li class=\"share-twitter\"><a rel=\"nofollow noopener noreferrer\" data-shared=\"sharing-twitter-24256\" class=\"share-twitter sd-button share-icon no-text\" href=\"http:\/\/www.rtvnoticias.com.ar\/?p=24256&amp;share=twitter\" target=\"_blank\" title=\"Haz clic para compartir en Twitter\"><span><\/span><span class=\"sharing-screen-reader-text\">Haz clic para compartir en Twitter (Se abre en una ventana nueva)<\/span><\/a><\/li><li class=\"share-facebook\"><a rel=\"nofollow noopener noreferrer\" data-shared=\"sharing-facebook-24256\" class=\"share-facebook sd-button share-icon no-text\" href=\"http:\/\/www.rtvnoticias.com.ar\/?p=24256&amp;share=facebook\" target=\"_blank\" title=\"Haz clic para compartir en Facebook\"><span><\/span><span class=\"sharing-screen-reader-text\">Haz clic para compartir en Facebook (Se abre en una ventana nueva)<\/span><\/a><\/li><li class=\"share-jetpack-whatsapp\"><a rel=\"nofollow noopener noreferrer\" data-shared=\"\" class=\"share-jetpack-whatsapp sd-button share-icon no-text\" href=\"http:\/\/www.rtvnoticias.com.ar\/?p=24256&amp;share=jetpack-whatsapp\" target=\"_blank\" title=\"Haz clic para compartir en WhatsApp\"><span><\/span><span class=\"sharing-screen-reader-text\">Haz clic para compartir en WhatsApp (Se abre en una ventana nueva)<\/span><\/a><\/li><li class=\"share-telegram\"><a rel=\"nofollow noopener noreferrer\" data-shared=\"\" class=\"share-telegram sd-button share-icon no-text\" href=\"http:\/\/www.rtvnoticias.com.ar\/?p=24256&amp;share=telegram\" target=\"_blank\" title=\"Haz clic para compartir en Telegram\"><span><\/span><span class=\"sharing-screen-reader-text\">Haz clic para compartir en Telegram (Se abre en una ventana nueva)<\/span><\/a><\/li><li class=\"share-end\"><\/li><\/ul><\/div><\/div><\/div>","protected":false},"author":7,"featured_media":24257,"comment_status":"closed","ping_status":"closed","sticky":false,"template":"","format":"standard","meta":{"spay_email":"","jetpack_publicize_message":"","jetpack_is_tweetstorm":false,"jetpack_publicize_feature_enabled":true},"categories":[4],"tags":[],"jetpack_featured_media_url":"http:\/\/www.rtvnoticias.com.ar\/wp-content\/uploads\/2020\/11\/vozxvos.jpg","jetpack_publicize_connections":[],"jetpack_sharing_enabled":true,"_links":{"self":[{"href":"http:\/\/www.rtvnoticias.com.ar\/index.php?rest_route=\/wp\/v2\/posts\/24256"}],"collection":[{"href":"http:\/\/www.rtvnoticias.com.ar\/index.php?rest_route=\/wp\/v2\/posts"}],"about":[{"href":"http:\/\/www.rtvnoticias.com.ar\/index.php?rest_route=\/wp\/v2\/types\/post"}],"author":[{"embeddable":true,"href":"http:\/\/www.rtvnoticias.com.ar\/index.php?rest_route=\/wp\/v2\/users\/7"}],"replies":[{"embeddable":true,"href":"http:\/\/www.rtvnoticias.com.ar\/index.php?rest_route=%2Fwp%2Fv2%2Fcomments&post=24256"}],"version-history":[{"count":1,"href":"http:\/\/www.rtvnoticias.com.ar\/index.php?rest_route=\/wp\/v2\/posts\/24256\/revisions"}],"predecessor-version":[{"id":24258,"href":"http:\/\/www.rtvnoticias.com.ar\/index.php?rest_route=\/wp\/v2\/posts\/24256\/revisions\/24258"}],"wp:featuredmedia":[{"embeddable":true,"href":"http:\/\/www.rtvnoticias.com.ar\/index.php?rest_route=\/wp\/v2\/media\/24257"}],"wp:attachment":[{"href":"http:\/\/www.rtvnoticias.com.ar\/index.php?rest_route=%2Fwp%2Fv2%2Fmedia&parent=24256"}],"wp:term":[{"taxonomy":"category","embeddable":true,"href":"http:\/\/www.rtvnoticias.com.ar\/index.php?rest_route=%2Fwp%2Fv2%2Fcategories&post=24256"},{"taxonomy":"post_tag","embeddable":true,"href":"http:\/\/www.rtvnoticias.com.ar\/index.php?rest_route=%2Fwp%2Fv2%2Ftags&post=24256"}],"curies":[{"name":"wp","href":"https:\/\/api.w.org\/{rel}","templated":true}]}}