{"id":24260,"date":"2020-11-05T01:09:26","date_gmt":"2020-11-05T04:09:26","guid":{"rendered":"http:\/\/www.rtvnoticias.com.ar\/?p=24260"},"modified":"2020-11-05T01:09:27","modified_gmt":"2020-11-05T04:09:27","slug":"mas-camaras-al-sistema-de-video-vigilancia","status":"publish","type":"post","link":"http:\/\/www.rtvnoticias.com.ar\/?p=24260","title":{"rendered":"M\u00e1s c\u00e1maras al sistema de video vigilancia"},"content":{"rendered":"\n<p>En un acto desarrollado en el edificio MEDANO, tuvo lugar la presentaci\u00f3n del nuevo equipamiento para la instalaci\u00f3n de c\u00e1maras de seguridad que se incorporan en diversos barrios de General Pico, al sistema de video-vigilancia de la ciudad.<\/p>\n\n\n\n<p>Esta incorporaci\u00f3n se da a partir del Programa Municipal Presupuesto Participativo, en el que vecinos y vecinas de cinco barrios eligieron -por mayor\u00eda- la adquisici\u00f3n de c\u00e1maras para el CECOM, que se distribuir\u00e1n en siete puntos estrat\u00e9gicos.<\/p>\n\n\n\n<p>En raz\u00f3n de lo proyectado, el municipio adquiri\u00f3 los elementos e insumos para que la Polic\u00eda realice la correspondiente instalaci\u00f3n y posterior monitoreo, con una inversi\u00f3n total de 1.800.000 pesos.<\/p>\n\n\n\n<p>Formaron parte de la presentaci\u00f3n, el ministro de Seguridad, Horacio di N\u00e1poli, la intendenta, Fernanda Alonso, el jefe de Polic\u00eda, H\u00e9ctor Lara, el vice-intendente, Daniel L\u00f3pez y dem\u00e1s funcionarios provinciales y municipales.<\/p>\n\n\n\n<p>Tras agradecer el recibimiento de la intendenta, el ministro de Seguridad cont\u00f3 que pr\u00f3ximamente se instalar\u00e1 una sede del Ministerio de Seguridad en General Pico, para lo que ya se realiz\u00f3 una apertura de pliegos para adquirir un inmueble, \u201cah\u00ed va a funcionar el CECOM, la idea es hacer instalaciones que est\u00e9n incluso a la vista de la gente, por eso pedimos una superficie amplia en la planta baja, para que vean nuestra presencia y c\u00f3mo vamos a estar trabajando las 24 horas, como lo venimos haciendo, con una capacidad mayor al lugar donde est\u00e1n\u201d.<\/p>\n\n\n\n<p>En ese marco, consider\u00f3 que no se trata de colocar c\u00e1maras si no se tiene la capacidad instalada para monitorearlas, \u201csegundo, y m\u00e1s importante, es la voluntad que ha tenido la gente de estos barrios de esta inversi\u00f3n. A nosotros nos ayuda mucho porque toda esta inversi\u00f3n que se hace ahorra mucho recurso humano y la prueba tan contundente que registramos a trav\u00e9s de una c\u00e1mara de estas nos evita el compromiso de la gente civil, de salir a buscar testigos\u201d.<\/p>\n\n\n\n<p>Finalmente di N\u00e1poli sostuvo que hoy no se trata de tener m\u00e1s polic\u00edas sino m\u00e1s tecnolog\u00eda, \u201ca ra\u00edz de eso, el programa que tenemos, m\u00e1s all\u00e1 de General Pico, es tratar de trabajar con el tema c\u00e1maras\u201d.<br><br><strong>Intendenta Fernanda Alonso<\/strong><\/p>\n\n\n\n<p>Por su parte, Fernanda Alonso se refiri\u00f3 a la importancia del Presupuesto Participativo, que se ejecuta desde hace cuatro a\u00f1os, y que en este caso fueron cinco barrios los que decidieron invertir en esto que acompa\u00f1a la tem\u00e1tica seguridad, \u201cbrindando una herramienta m\u00e1s a la Polic\u00eda, con este Centro de Monitoreo\u201d.<\/p>\n\n\n\n<p>\u201cLo que hicimos fue amalgamar la designaci\u00f3n de los recursos que fueron adquiridos en funci\u00f3n de los requisitos y especificidad que ped\u00eda el CECOM para emplazarlos en la ciudad, hubo necesidad de pedir autorizaci\u00f3n al Concejo Deliberante para la compra directa por el monto de inversi\u00f3n y lo que hoy vamos a hacer es entregar el equipamiento a la Polic\u00eda, en la figura del ministro, para que lo sumen a lo existente\u201d.<br><\/p>\n<div class=\"sharedaddy sd-sharing-enabled\"><div class=\"robots-nocontent sd-block sd-social sd-social-icon sd-sharing\"><h3 class=\"sd-title\">Comparte esto:<\/h3><div class=\"sd-content\"><ul><li class=\"share-twitter\"><a rel=\"nofollow noopener noreferrer\" data-shared=\"sharing-twitter-24260\" class=\"share-twitter sd-button share-icon no-text\" href=\"http:\/\/www.rtvnoticias.com.ar\/?p=24260&amp;share=twitter\" target=\"_blank\" title=\"Haz clic para compartir en Twitter\"><span><\/span><span class=\"sharing-screen-reader-text\">Haz clic para compartir en Twitter (Se abre en una ventana nueva)<\/span><\/a><\/li><li class=\"share-facebook\"><a rel=\"nofollow noopener noreferrer\" data-shared=\"sharing-facebook-24260\" class=\"share-facebook sd-button share-icon no-text\" href=\"http:\/\/www.rtvnoticias.com.ar\/?p=24260&amp;share=facebook\" target=\"_blank\" title=\"Haz clic para compartir en Facebook\"><span><\/span><span class=\"sharing-screen-reader-text\">Haz clic para compartir en Facebook (Se abre en una ventana nueva)<\/span><\/a><\/li><li class=\"share-jetpack-whatsapp\"><a rel=\"nofollow noopener noreferrer\" data-shared=\"\" class=\"share-jetpack-whatsapp sd-button share-icon no-text\" href=\"http:\/\/www.rtvnoticias.com.ar\/?p=24260&amp;share=jetpack-whatsapp\" target=\"_blank\" title=\"Haz clic para compartir en WhatsApp\"><span><\/span><span class=\"sharing-screen-reader-text\">Haz clic para compartir en WhatsApp (Se abre en una ventana nueva)<\/span><\/a><\/li><li class=\"share-telegram\"><a rel=\"nofollow noopener noreferrer\" data-shared=\"\" class=\"share-telegram sd-button share-icon no-text\" href=\"http:\/\/www.rtvnoticias.com.ar\/?p=24260&amp;share=telegram\" target=\"_blank\" title=\"Haz clic para compartir en Telegram\"><span><\/span><span class=\"sharing-screen-reader-text\">Haz clic para compartir en Telegram (Se abre en una ventana nueva)<\/span><\/a><\/li><li class=\"share-end\"><\/li><\/ul><\/div><\/div><\/div>","protected":false},"excerpt":{"rendered":"<p>En un acto desarrollado en el edificio MEDANO, tuvo lugar la presentaci\u00f3n del nuevo equipamiento para la instalaci\u00f3n de c\u00e1maras de seguridad que se incorporan<\/p>\n<div class=\"sharedaddy sd-sharing-enabled\"><div class=\"robots-nocontent sd-block sd-social sd-social-icon sd-sharing\"><h3 class=\"sd-title\">Comparte esto:<\/h3><div class=\"sd-content\"><ul><li class=\"share-twitter\"><a rel=\"nofollow noopener noreferrer\" data-shared=\"sharing-twitter-24260\" class=\"share-twitter sd-button share-icon no-text\" href=\"http:\/\/www.rtvnoticias.com.ar\/?p=24260&amp;share=twitter\" target=\"_blank\" title=\"Haz clic para compartir en Twitter\"><span><\/span><span class=\"sharing-screen-reader-text\">Haz clic para compartir en Twitter (Se abre en una ventana nueva)<\/span><\/a><\/li><li class=\"share-facebook\"><a rel=\"nofollow noopener noreferrer\" data-shared=\"sharing-facebook-24260\" class=\"share-facebook sd-button share-icon no-text\" href=\"http:\/\/www.rtvnoticias.com.ar\/?p=24260&amp;share=facebook\" target=\"_blank\" title=\"Haz clic para compartir en Facebook\"><span><\/span><span class=\"sharing-screen-reader-text\">Haz clic para compartir en Facebook (Se abre en una ventana nueva)<\/span><\/a><\/li><li class=\"share-jetpack-whatsapp\"><a rel=\"nofollow noopener noreferrer\" data-shared=\"\" class=\"share-jetpack-whatsapp sd-button share-icon no-text\" href=\"http:\/\/www.rtvnoticias.com.ar\/?p=24260&amp;share=jetpack-whatsapp\" target=\"_blank\" title=\"Haz clic para compartir en WhatsApp\"><span><\/span><span class=\"sharing-screen-reader-text\">Haz clic para compartir en WhatsApp (Se abre en una ventana nueva)<\/span><\/a><\/li><li class=\"share-telegram\"><a rel=\"nofollow noopener noreferrer\" data-shared=\"\" class=\"share-telegram sd-button share-icon no-text\" href=\"http:\/\/www.rtvnoticias.com.ar\/?p=24260&amp;share=telegram\" target=\"_blank\" title=\"Haz clic para compartir en Telegram\"><span><\/span><span class=\"sharing-screen-reader-text\">Haz clic para compartir en Telegram (Se abre en una ventana nueva)<\/span><\/a><\/li><li class=\"share-end\"><\/li><\/ul><\/div><\/div><\/div>","protected":false},"author":5,"featured_media":24261,"comment_status":"closed","ping_status":"closed","sticky":false,"template":"","format":"standard","meta":{"spay_email":"","jetpack_publicize_message":"","jetpack_is_tweetstorm":false,"jetpack_publicize_feature_enabled":true},"categories":[1],"tags":[],"jetpack_featured_media_url":"http:\/\/www.rtvnoticias.com.ar\/wp-content\/uploads\/2020\/11\/c\u00e1maras.jpg","jetpack_publicize_connections":[],"jetpack_sharing_enabled":true,"_links":{"self":[{"href":"http:\/\/www.rtvnoticias.com.ar\/index.php?rest_route=\/wp\/v2\/posts\/24260"}],"collection":[{"href":"http:\/\/www.rtvnoticias.com.ar\/index.php?rest_route=\/wp\/v2\/posts"}],"about":[{"href":"http:\/\/www.rtvnoticias.com.ar\/index.php?rest_route=\/wp\/v2\/types\/post"}],"author":[{"embeddable":true,"href":"http:\/\/www.rtvnoticias.com.ar\/index.php?rest_route=\/wp\/v2\/users\/5"}],"replies":[{"embeddable":true,"href":"http:\/\/www.rtvnoticias.com.ar\/index.php?rest_route=%2Fwp%2Fv2%2Fcomments&post=24260"}],"version-history":[{"count":1,"href":"http:\/\/www.rtvnoticias.com.ar\/index.php?rest_route=\/wp\/v2\/posts\/24260\/revisions"}],"predecessor-version":[{"id":24262,"href":"http:\/\/www.rtvnoticias.com.ar\/index.php?rest_route=\/wp\/v2\/posts\/24260\/revisions\/24262"}],"wp:featuredmedia":[{"embeddable":true,"href":"http:\/\/www.rtvnoticias.com.ar\/index.php?rest_route=\/wp\/v2\/media\/24261"}],"wp:attachment":[{"href":"http:\/\/www.rtvnoticias.com.ar\/index.php?rest_route=%2Fwp%2Fv2%2Fmedia&parent=24260"}],"wp:term":[{"taxonomy":"category","embeddable":true,"href":"http:\/\/www.rtvnoticias.com.ar\/index.php?rest_route=%2Fwp%2Fv2%2Fcategories&post=24260"},{"taxonomy":"post_tag","embeddable":true,"href":"http:\/\/www.rtvnoticias.com.ar\/index.php?rest_route=%2Fwp%2Fv2%2Ftags&post=24260"}],"curies":[{"name":"wp","href":"https:\/\/api.w.org\/{rel}","templated":true}]}}