{"id":24282,"date":"2020-11-06T19:03:50","date_gmt":"2020-11-06T22:03:50","guid":{"rendered":"http:\/\/www.rtvnoticias.com.ar\/?p=24282"},"modified":"2020-11-06T19:03:53","modified_gmt":"2020-11-06T22:03:53","slug":"el-amba-pasa-a-la-fase-de-distanciamiento-social","status":"publish","type":"post","link":"http:\/\/www.rtvnoticias.com.ar\/?p=24282","title":{"rendered":"El AMBA pasa a la fase de Distanciamiento Social"},"content":{"rendered":"\n<p style=\"text-align:center\">Alberto Fern\u00e1ndez hizo el anuncio acompa\u00f1ado por Gin\u00e9s Garc\u00eda Gonz\u00e1lez y Carla Vizzotti, aclar\u00f3 que el abandono del \u00abaislamiento\u00bb y el ingreso a la fase de \u00abdistanciamiento\u00bb es posible porque la regi\u00f3n metropolitana atraviesa ocho semanas consecutivas de ca\u00edda de casos.<br><\/p>\n\n\n\n<figure class=\"wp-block-embed-youtube wp-block-embed is-type-video is-provider-youtube wp-embed-aspect-16-9 wp-has-aspect-ratio\"><div class=\"wp-block-embed__wrapper\">\n<iframe loading=\"lazy\" title=\"Coronavirus Covid-19 - Anuncio del presidente Alberto Fern\u00e1ndez\" width=\"640\" height=\"360\" src=\"https:\/\/www.youtube.com\/embed\/BuIgno9qV9Y?start=120&#038;feature=oembed\" frameborder=\"0\" allow=\"accelerometer; autoplay; clipboard-write; encrypted-media; gyroscope; picture-in-picture; web-share\" referrerpolicy=\"strict-origin-when-cross-origin\" allowfullscreen><\/iframe>\n<\/div><\/figure>\n\n\n\n<p>El presidente Alberto Fern\u00e1ndez afirm\u00f3 que \u00abes hora que el AMBA pase a una etapa de distanciamiento, social preventivo y obligatorio\u00bb ante la baja de casos de coronavirus en las \u00faltimas ocho semanas, pero advirti\u00f3 que el transporte p\u00fablico seguir\u00e1 con restricciones y s\u00f3lo podr\u00e1 ser utilizado por personal esencial, al formular un anuncio desde la residencia de Olivos.<\/p>\n\n\n\n<p>Tambi\u00e9n recalc\u00f3 que departamentos de diez provincias en los que hay aumento o multiplicidad de casos de coronavirus continuar\u00e1n en aislamiento social, preventivo y obligatorio hasta el 29 de noviembre.<\/p>\n\n\n\n<p>Fern\u00e1ndez reiter\u00f3 que los problemas generados por la pandemia \u00abcontin\u00faan\u00bb y es necesario \u00abseguir con los cuidados\u00bb sanitarios, tanto en contexto de aislamiento como de distanciamiento.<\/p>\n\n\n\n<p>Subray\u00f3, adem\u00e1s, que est\u00e1 \u00absatisfecho\u00bb con el logro de que \u00abning\u00fan porte\u00f1o o bonaerense se haya visto obligado a carecer de atenci\u00f3n m\u00e9dica debido a deficiencias del sistema\u00bb.<\/p>\n\n\n\n<p>Las vacunas contra el Coronavirus<\/p>\n\n\n\n<p>El Presidente afirm\u00f3 que \u201cse seguir\u00e1 de cerca la evoluci\u00f3n de la pandemia en todo el pa\u00eds\u201d, y afirm\u00f3 que tuvo una charla con su par de Rusia, Vladimir Putin, \u201cpara preparar\u201d a Argentina para la vacuna contra el coronavirus que se produce en esa naci\u00f3n.<\/p>\n\n\n\n<p>Tambi\u00e9n asegur\u00f3 que la tarea de vacunar exige \u00abun esfuerzo\u00bb de log\u00edstica y que en ese sentido est\u00e1 trabajando el Gobierno nacional y aclar\u00f3 que est\u00e1n en contacto tambi\u00e9n con \u00abotros laboratorios\u00bb, adem\u00e1s del ruso, con el objetivo que \u00ablos argentinos puedan contar en el menor tiempo posible con la vacuna\u00bb para poder retomar sus actividades<\/p>\n<div class=\"sharedaddy sd-sharing-enabled\"><div class=\"robots-nocontent sd-block sd-social sd-social-icon sd-sharing\"><h3 class=\"sd-title\">Comparte esto:<\/h3><div class=\"sd-content\"><ul><li class=\"share-twitter\"><a rel=\"nofollow noopener noreferrer\" data-shared=\"sharing-twitter-24282\" class=\"share-twitter sd-button share-icon no-text\" href=\"http:\/\/www.rtvnoticias.com.ar\/?p=24282&amp;share=twitter\" target=\"_blank\" title=\"Haz clic para compartir en Twitter\"><span><\/span><span class=\"sharing-screen-reader-text\">Haz clic para compartir en Twitter (Se abre en una ventana nueva)<\/span><\/a><\/li><li class=\"share-facebook\"><a rel=\"nofollow noopener noreferrer\" data-shared=\"sharing-facebook-24282\" class=\"share-facebook sd-button share-icon no-text\" href=\"http:\/\/www.rtvnoticias.com.ar\/?p=24282&amp;share=facebook\" target=\"_blank\" title=\"Haz clic para compartir en Facebook\"><span><\/span><span class=\"sharing-screen-reader-text\">Haz clic para compartir en Facebook (Se abre en una ventana nueva)<\/span><\/a><\/li><li class=\"share-jetpack-whatsapp\"><a rel=\"nofollow noopener noreferrer\" data-shared=\"\" class=\"share-jetpack-whatsapp sd-button share-icon no-text\" href=\"http:\/\/www.rtvnoticias.com.ar\/?p=24282&amp;share=jetpack-whatsapp\" target=\"_blank\" title=\"Haz clic para compartir en WhatsApp\"><span><\/span><span class=\"sharing-screen-reader-text\">Haz clic para compartir en WhatsApp (Se abre en una ventana nueva)<\/span><\/a><\/li><li class=\"share-telegram\"><a rel=\"nofollow noopener noreferrer\" data-shared=\"\" class=\"share-telegram sd-button share-icon no-text\" href=\"http:\/\/www.rtvnoticias.com.ar\/?p=24282&amp;share=telegram\" target=\"_blank\" title=\"Haz clic para compartir en Telegram\"><span><\/span><span class=\"sharing-screen-reader-text\">Haz clic para compartir en Telegram (Se abre en una ventana nueva)<\/span><\/a><\/li><li class=\"share-end\"><\/li><\/ul><\/div><\/div><\/div>","protected":false},"excerpt":{"rendered":"<p>Alberto Fern\u00e1ndez hizo el anuncio acompa\u00f1ado por Gin\u00e9s Garc\u00eda Gonz\u00e1lez y Carla Vizzotti, aclar\u00f3 que el abandono del \u00abaislamiento\u00bb y el ingreso a la fase<\/p>\n<div class=\"sharedaddy sd-sharing-enabled\"><div class=\"robots-nocontent sd-block sd-social sd-social-icon sd-sharing\"><h3 class=\"sd-title\">Comparte esto:<\/h3><div class=\"sd-content\"><ul><li class=\"share-twitter\"><a rel=\"nofollow noopener noreferrer\" data-shared=\"sharing-twitter-24282\" class=\"share-twitter sd-button share-icon no-text\" href=\"http:\/\/www.rtvnoticias.com.ar\/?p=24282&amp;share=twitter\" target=\"_blank\" title=\"Haz clic para compartir en Twitter\"><span><\/span><span class=\"sharing-screen-reader-text\">Haz clic para compartir en Twitter (Se abre en una ventana nueva)<\/span><\/a><\/li><li class=\"share-facebook\"><a rel=\"nofollow noopener noreferrer\" data-shared=\"sharing-facebook-24282\" class=\"share-facebook sd-button share-icon no-text\" href=\"http:\/\/www.rtvnoticias.com.ar\/?p=24282&amp;share=facebook\" target=\"_blank\" title=\"Haz clic para compartir en Facebook\"><span><\/span><span class=\"sharing-screen-reader-text\">Haz clic para compartir en Facebook (Se abre en una ventana nueva)<\/span><\/a><\/li><li class=\"share-jetpack-whatsapp\"><a rel=\"nofollow noopener noreferrer\" data-shared=\"\" class=\"share-jetpack-whatsapp sd-button share-icon no-text\" href=\"http:\/\/www.rtvnoticias.com.ar\/?p=24282&amp;share=jetpack-whatsapp\" target=\"_blank\" title=\"Haz clic para compartir en WhatsApp\"><span><\/span><span class=\"sharing-screen-reader-text\">Haz clic para compartir en WhatsApp (Se abre en una ventana nueva)<\/span><\/a><\/li><li class=\"share-telegram\"><a rel=\"nofollow noopener noreferrer\" data-shared=\"\" class=\"share-telegram sd-button share-icon no-text\" href=\"http:\/\/www.rtvnoticias.com.ar\/?p=24282&amp;share=telegram\" target=\"_blank\" title=\"Haz clic para compartir en Telegram\"><span><\/span><span class=\"sharing-screen-reader-text\">Haz clic para compartir en Telegram (Se abre en una ventana nueva)<\/span><\/a><\/li><li class=\"share-end\"><\/li><\/ul><\/div><\/div><\/div>","protected":false},"author":7,"featured_media":24283,"comment_status":"closed","ping_status":"closed","sticky":false,"template":"","format":"standard","meta":{"spay_email":"","jetpack_publicize_message":"","jetpack_is_tweetstorm":false,"jetpack_publicize_feature_enabled":true},"categories":[1],"tags":[],"jetpack_featured_media_url":"http:\/\/www.rtvnoticias.com.ar\/wp-content\/uploads\/2020\/11\/aaff-06-11.jpg","jetpack_publicize_connections":[],"jetpack_sharing_enabled":true,"_links":{"self":[{"href":"http:\/\/www.rtvnoticias.com.ar\/index.php?rest_route=\/wp\/v2\/posts\/24282"}],"collection":[{"href":"http:\/\/www.rtvnoticias.com.ar\/index.php?rest_route=\/wp\/v2\/posts"}],"about":[{"href":"http:\/\/www.rtvnoticias.com.ar\/index.php?rest_route=\/wp\/v2\/types\/post"}],"author":[{"embeddable":true,"href":"http:\/\/www.rtvnoticias.com.ar\/index.php?rest_route=\/wp\/v2\/users\/7"}],"replies":[{"embeddable":true,"href":"http:\/\/www.rtvnoticias.com.ar\/index.php?rest_route=%2Fwp%2Fv2%2Fcomments&post=24282"}],"version-history":[{"count":1,"href":"http:\/\/www.rtvnoticias.com.ar\/index.php?rest_route=\/wp\/v2\/posts\/24282\/revisions"}],"predecessor-version":[{"id":24284,"href":"http:\/\/www.rtvnoticias.com.ar\/index.php?rest_route=\/wp\/v2\/posts\/24282\/revisions\/24284"}],"wp:featuredmedia":[{"embeddable":true,"href":"http:\/\/www.rtvnoticias.com.ar\/index.php?rest_route=\/wp\/v2\/media\/24283"}],"wp:attachment":[{"href":"http:\/\/www.rtvnoticias.com.ar\/index.php?rest_route=%2Fwp%2Fv2%2Fmedia&parent=24282"}],"wp:term":[{"taxonomy":"category","embeddable":true,"href":"http:\/\/www.rtvnoticias.com.ar\/index.php?rest_route=%2Fwp%2Fv2%2Fcategories&post=24282"},{"taxonomy":"post_tag","embeddable":true,"href":"http:\/\/www.rtvnoticias.com.ar\/index.php?rest_route=%2Fwp%2Fv2%2Ftags&post=24282"}],"curies":[{"name":"wp","href":"https:\/\/api.w.org\/{rel}","templated":true}]}}