{"id":24285,"date":"2020-11-06T19:33:41","date_gmt":"2020-11-06T22:33:41","guid":{"rendered":"http:\/\/www.rtvnoticias.com.ar\/?p=24285"},"modified":"2020-11-07T19:53:12","modified_gmt":"2020-11-07T22:53:12","slug":"sandra-fonseca-comunidad-organizada-se-suma-a-peronistas-por-la-vida","status":"publish","type":"post","link":"http:\/\/www.rtvnoticias.com.ar\/?p=24285","title":{"rendered":"Sandra Fonseca: \u00abComunidad Organizada se suma a Peronistas por la Vida\u00bb"},"content":{"rendered":"\n<p style=\"text-align:center\"><strong>La diputada provincial se pronunci\u00f3 a favor de la vida, y que considera que el aborto es una vulneraci\u00f3n de los derechos de los ni\u00f1os<\/strong><\/p>\n\n\n\n<figure class=\"wp-block-audio\"><audio controls src=\"http:\/\/www.rtvnoticias.com.ar\/wp-content\/uploads\/2020\/11\/sandra1-1.mp3\"><\/audio><\/figure>\n\n\n\n<p><\/p>\n\n\n\n<p>A trav\u00e9s de un comunicado, Fonseca fundament\u00f3 su postura:<\/p>\n\n\n\n<p><strong><em>Peronistas por la Vida presentes en La Pampa&nbsp;<\/em><\/strong><\/p>\n\n\n\n<p><em>La Pampa se suma al movimiento Peronistas por la Vida, en defensa de un tan innegable derecho humano como es el derecho a la vida de las personas por nacer, garantizado por la&nbsp;&nbsp;Constituci\u00f3n Nacional&nbsp;&nbsp;Argentina y las leyes de fondo&nbsp;&nbsp;como es el C\u00f3digo Civil y Comercial.&nbsp;<\/em><\/p>\n\n\n\n<p><em>El Estado debe&nbsp;&nbsp;proteger la vida de todos\/as los\/as argentinos\/as, especialmente la de los\/as m\u00e1s vulnerables, nada puede estar por encima de este principio: priorizar la salud y el cuidado de la vida -especialmente de los\/as m\u00e1s d\u00e9biles, por encima de un sistema econ\u00f3mico al servicio de los mercados y no del hombre-, forma parte de este criterio.&nbsp;<\/em><\/p>\n\n\n\n<p><em>En la pandemia mundial que atravesamos, Argentina no es ajena, siempre se habla desde la premisa de proteger nuestra salud y primordializar el cuidado de nuestros pares, asumiendo la poblaci\u00f3n las grav\u00edsimas consecuencias econ\u00f3micas, sociales y pol\u00edticas que esta confinaci\u00f3n produce, por ello, resulta contradictorio escuchar desde el Gobierno Nacional, darle prioridad a proyectos que erradiquen desde el propio \u00e1mbito sanitario, futuras vidas.&nbsp;<\/em><\/p>\n\n\n\n<p><em>Por otra parte, nuestra Constituci\u00f3n Nacional incorpora&nbsp;&nbsp;en su articulado , tratados de derechos humanos. Estos forman parte de nuestro marco convencional, que tambi\u00e9n define los derechos que los Estados est\u00e1n obligados a respetar, proteger y garantizar; as\u00ed es como mediante la ley N\u00ba 23.849 que ratifica la Convenci\u00f3n de los Derechos del Ni\u00f1o, la que establece que&nbsp;&nbsp;se entiende por ni\u00f1o todo ser humano desde el momento de su concepci\u00f3n y hasta los 18 a\u00f1os de edad.\u201d&nbsp;<\/em><\/p>\n\n\n\n<p><em>Asimismo, esta promoci\u00f3n de legalizaci\u00f3n de interrumpir vidas por nacer en nuestro territorio conspira contra la pol\u00edtica de crecimiento poblacional y de distribuci\u00f3n territorial que Argentina necesita imperiosamente para ocupar ordenadamente el espacio de nuestro extenso territorio, la cual La Pampa no es ajena por su baja densidad poblacional.&nbsp;<\/em><\/p>\n\n\n\n<p><em>No puede haber verdadera pol\u00edtica de desarrollo, sin que exista una pol\u00edtica demogr\u00e1fica que invierta en las capacidades humanas de nuestro querido y sufriente pueblo.&nbsp;&nbsp;<\/em><\/p>\n\n\n\n<p><em>Por eso, desde La Pampa decimos: Gobiernen para el pueblo. Nadie sobra. Paz, Pan, Trabajo y Salud para todos\/as. <\/em><\/p>\n<div class=\"sharedaddy sd-sharing-enabled\"><div class=\"robots-nocontent sd-block sd-social sd-social-icon sd-sharing\"><h3 class=\"sd-title\">Comparte esto:<\/h3><div class=\"sd-content\"><ul><li class=\"share-twitter\"><a rel=\"nofollow noopener noreferrer\" data-shared=\"sharing-twitter-24285\" class=\"share-twitter sd-button share-icon no-text\" href=\"http:\/\/www.rtvnoticias.com.ar\/?p=24285&amp;share=twitter\" target=\"_blank\" title=\"Haz clic para compartir en Twitter\"><span><\/span><span class=\"sharing-screen-reader-text\">Haz clic para compartir en Twitter (Se abre en una ventana nueva)<\/span><\/a><\/li><li class=\"share-facebook\"><a rel=\"nofollow noopener noreferrer\" data-shared=\"sharing-facebook-24285\" class=\"share-facebook sd-button share-icon no-text\" href=\"http:\/\/www.rtvnoticias.com.ar\/?p=24285&amp;share=facebook\" target=\"_blank\" title=\"Haz clic para compartir en Facebook\"><span><\/span><span class=\"sharing-screen-reader-text\">Haz clic para compartir en Facebook (Se abre en una ventana nueva)<\/span><\/a><\/li><li class=\"share-jetpack-whatsapp\"><a rel=\"nofollow noopener noreferrer\" data-shared=\"\" class=\"share-jetpack-whatsapp sd-button share-icon no-text\" href=\"http:\/\/www.rtvnoticias.com.ar\/?p=24285&amp;share=jetpack-whatsapp\" target=\"_blank\" title=\"Haz clic para compartir en WhatsApp\"><span><\/span><span class=\"sharing-screen-reader-text\">Haz clic para compartir en WhatsApp (Se abre en una ventana nueva)<\/span><\/a><\/li><li class=\"share-telegram\"><a rel=\"nofollow noopener noreferrer\" data-shared=\"\" class=\"share-telegram sd-button share-icon no-text\" href=\"http:\/\/www.rtvnoticias.com.ar\/?p=24285&amp;share=telegram\" target=\"_blank\" title=\"Haz clic para compartir en Telegram\"><span><\/span><span class=\"sharing-screen-reader-text\">Haz clic para compartir en Telegram (Se abre en una ventana nueva)<\/span><\/a><\/li><li class=\"share-end\"><\/li><\/ul><\/div><\/div><\/div>","protected":false},"excerpt":{"rendered":"<p>La diputada provincial se pronunci\u00f3 a favor de la vida, y que considera que el aborto es una vulneraci\u00f3n de los derechos de los ni\u00f1os<\/p>\n<div class=\"sharedaddy sd-sharing-enabled\"><div class=\"robots-nocontent sd-block sd-social sd-social-icon sd-sharing\"><h3 class=\"sd-title\">Comparte esto:<\/h3><div class=\"sd-content\"><ul><li class=\"share-twitter\"><a rel=\"nofollow noopener noreferrer\" data-shared=\"sharing-twitter-24285\" class=\"share-twitter sd-button share-icon no-text\" href=\"http:\/\/www.rtvnoticias.com.ar\/?p=24285&amp;share=twitter\" target=\"_blank\" title=\"Haz clic para compartir en Twitter\"><span><\/span><span class=\"sharing-screen-reader-text\">Haz clic para compartir en Twitter (Se abre en una ventana nueva)<\/span><\/a><\/li><li class=\"share-facebook\"><a rel=\"nofollow noopener noreferrer\" data-shared=\"sharing-facebook-24285\" class=\"share-facebook sd-button share-icon no-text\" href=\"http:\/\/www.rtvnoticias.com.ar\/?p=24285&amp;share=facebook\" target=\"_blank\" title=\"Haz clic para compartir en Facebook\"><span><\/span><span class=\"sharing-screen-reader-text\">Haz clic para compartir en Facebook (Se abre en una ventana nueva)<\/span><\/a><\/li><li class=\"share-jetpack-whatsapp\"><a rel=\"nofollow noopener noreferrer\" data-shared=\"\" class=\"share-jetpack-whatsapp sd-button share-icon no-text\" href=\"http:\/\/www.rtvnoticias.com.ar\/?p=24285&amp;share=jetpack-whatsapp\" target=\"_blank\" title=\"Haz clic para compartir en WhatsApp\"><span><\/span><span class=\"sharing-screen-reader-text\">Haz clic para compartir en WhatsApp (Se abre en una ventana nueva)<\/span><\/a><\/li><li class=\"share-telegram\"><a rel=\"nofollow noopener noreferrer\" data-shared=\"\" class=\"share-telegram sd-button share-icon no-text\" href=\"http:\/\/www.rtvnoticias.com.ar\/?p=24285&amp;share=telegram\" target=\"_blank\" title=\"Haz clic para compartir en Telegram\"><span><\/span><span class=\"sharing-screen-reader-text\">Haz clic para compartir en Telegram (Se abre en una ventana nueva)<\/span><\/a><\/li><li class=\"share-end\"><\/li><\/ul><\/div><\/div><\/div>","protected":false},"author":7,"featured_media":15600,"comment_status":"closed","ping_status":"closed","sticky":false,"template":"","format":"standard","meta":{"spay_email":"","jetpack_publicize_message":"","jetpack_is_tweetstorm":false,"jetpack_publicize_feature_enabled":true},"categories":[1],"tags":[],"jetpack_featured_media_url":"http:\/\/www.rtvnoticias.com.ar\/wp-content\/uploads\/2019\/10\/sandra-fonseca-04-10-19.png","jetpack_publicize_connections":[],"jetpack_sharing_enabled":true,"_links":{"self":[{"href":"http:\/\/www.rtvnoticias.com.ar\/index.php?rest_route=\/wp\/v2\/posts\/24285"}],"collection":[{"href":"http:\/\/www.rtvnoticias.com.ar\/index.php?rest_route=\/wp\/v2\/posts"}],"about":[{"href":"http:\/\/www.rtvnoticias.com.ar\/index.php?rest_route=\/wp\/v2\/types\/post"}],"author":[{"embeddable":true,"href":"http:\/\/www.rtvnoticias.com.ar\/index.php?rest_route=\/wp\/v2\/users\/7"}],"replies":[{"embeddable":true,"href":"http:\/\/www.rtvnoticias.com.ar\/index.php?rest_route=%2Fwp%2Fv2%2Fcomments&post=24285"}],"version-history":[{"count":6,"href":"http:\/\/www.rtvnoticias.com.ar\/index.php?rest_route=\/wp\/v2\/posts\/24285\/revisions"}],"predecessor-version":[{"id":24325,"href":"http:\/\/www.rtvnoticias.com.ar\/index.php?rest_route=\/wp\/v2\/posts\/24285\/revisions\/24325"}],"wp:featuredmedia":[{"embeddable":true,"href":"http:\/\/www.rtvnoticias.com.ar\/index.php?rest_route=\/wp\/v2\/media\/15600"}],"wp:attachment":[{"href":"http:\/\/www.rtvnoticias.com.ar\/index.php?rest_route=%2Fwp%2Fv2%2Fmedia&parent=24285"}],"wp:term":[{"taxonomy":"category","embeddable":true,"href":"http:\/\/www.rtvnoticias.com.ar\/index.php?rest_route=%2Fwp%2Fv2%2Fcategories&post=24285"},{"taxonomy":"post_tag","embeddable":true,"href":"http:\/\/www.rtvnoticias.com.ar\/index.php?rest_route=%2Fwp%2Fv2%2Ftags&post=24285"}],"curies":[{"name":"wp","href":"https:\/\/api.w.org\/{rel}","templated":true}]}}