{"id":24288,"date":"2020-11-06T19:47:23","date_gmt":"2020-11-06T22:47:23","guid":{"rendered":"http:\/\/www.rtvnoticias.com.ar\/?p=24288"},"modified":"2020-11-06T19:47:28","modified_gmt":"2020-11-06T22:47:28","slug":"salud-publica-comenzara-a-utilizar-ibuprofeno-sodico","status":"publish","type":"post","link":"http:\/\/www.rtvnoticias.com.ar\/?p=24288","title":{"rendered":"Salud P\u00fablica comenzar\u00e1 a utilizar Ibuprofeno S\u00f3dico"},"content":{"rendered":"\n<p>El ministerio de Salud de la provincia de La Pampa comenzar\u00e1 a utilizar Ibuprofeno S\u00f3dico como terapia de uso compasivo en las instituciones sanitarias p\u00fablicas. <br><\/p>\n\n\n\n<p>\u00a0La medida se adopt\u00f3 teniendo en cuenta el contexto epidemiol\u00f3gico en que se encuentra la provincia a ra\u00edz de la pandemia de COVID-19 y\u00a0 en virtud de que el DNU 260\/20 faculta a las autoridades sanitarias a adoptar cualquier medida que resulte necesaria a fin de mitigar los efectos de la pandemia declarada por la Organizaci\u00f3n Municipal de la Salud. <\/p>\n\n\n\n<p>La resoluci\u00f3n de la cartera de salud provincial faculta el uso de Ibuprofeno S\u00f3dico tambi\u00e9n a las instituciones sanitarias privadas.<\/p>\n\n\n\n<p><br>Para el empleo de este medicamento ser\u00e1 obligatoria la extensi\u00f3n de un consentimiento informado de parte de los pacientes, cuyo formulario fue preopinado favorablemente por el Consejo Provincial de Bio\u00e9tica.<\/p>\n\n\n\n<p><br><strong>Incorporaci\u00f3n progresiva de herramientas<\/strong><\/p>\n\n\n\n<p><br>Desde el instauraci\u00f3n de la emergencia sanitaria en el pa\u00eds y en funci\u00f3n de la evoluci\u00f3n de la situaci\u00f3n epidemiol\u00f3gica, el Gobierno Provincial se vio en la necesidad de implementar diversas medidas de prevenci\u00f3n, detecci\u00f3n temprana y control, adem\u00e1s de unificaci\u00f3n de protocolos y difusi\u00f3n de patrones de conducta adoptados.<\/p>\n\n\n\n<p><br>En este sentido se reforzaron los servicios de asistencia hospitalaria, tanto en el aumento de los recursos f\u00edsicos como humanos, profesionales y no profesionales, con el objetivo de paliar los efectos adversos de la propagaci\u00f3n de la enfermedad.<\/p>\n\n\n\n<p><br>En el marco de la estrategia trazada para combatir la enfermedad se plante\u00f3\u00a0 la necesidad de tomar en consideraci\u00f3n todas las propuestas de tratamiento que puedan ofrecer cuidados paliativos y cuyo uso no presenten eventos adversos de significaci\u00f3n.<br><\/p>\n\n\n\n<p><\/p>\n<div class=\"sharedaddy sd-sharing-enabled\"><div class=\"robots-nocontent sd-block sd-social sd-social-icon sd-sharing\"><h3 class=\"sd-title\">Comparte esto:<\/h3><div class=\"sd-content\"><ul><li class=\"share-twitter\"><a rel=\"nofollow noopener noreferrer\" data-shared=\"sharing-twitter-24288\" class=\"share-twitter sd-button share-icon no-text\" href=\"http:\/\/www.rtvnoticias.com.ar\/?p=24288&amp;share=twitter\" target=\"_blank\" title=\"Haz clic para compartir en Twitter\"><span><\/span><span class=\"sharing-screen-reader-text\">Haz clic para compartir en Twitter (Se abre en una ventana nueva)<\/span><\/a><\/li><li class=\"share-facebook\"><a rel=\"nofollow noopener noreferrer\" data-shared=\"sharing-facebook-24288\" class=\"share-facebook sd-button share-icon no-text\" href=\"http:\/\/www.rtvnoticias.com.ar\/?p=24288&amp;share=facebook\" target=\"_blank\" title=\"Haz clic para compartir en Facebook\"><span><\/span><span class=\"sharing-screen-reader-text\">Haz clic para compartir en Facebook (Se abre en una ventana nueva)<\/span><\/a><\/li><li class=\"share-jetpack-whatsapp\"><a rel=\"nofollow noopener noreferrer\" data-shared=\"\" class=\"share-jetpack-whatsapp sd-button share-icon no-text\" href=\"http:\/\/www.rtvnoticias.com.ar\/?p=24288&amp;share=jetpack-whatsapp\" target=\"_blank\" title=\"Haz clic para compartir en WhatsApp\"><span><\/span><span class=\"sharing-screen-reader-text\">Haz clic para compartir en WhatsApp (Se abre en una ventana nueva)<\/span><\/a><\/li><li class=\"share-telegram\"><a rel=\"nofollow noopener noreferrer\" data-shared=\"\" class=\"share-telegram sd-button share-icon no-text\" href=\"http:\/\/www.rtvnoticias.com.ar\/?p=24288&amp;share=telegram\" target=\"_blank\" title=\"Haz clic para compartir en Telegram\"><span><\/span><span class=\"sharing-screen-reader-text\">Haz clic para compartir en Telegram (Se abre en una ventana nueva)<\/span><\/a><\/li><li class=\"share-end\"><\/li><\/ul><\/div><\/div><\/div>","protected":false},"excerpt":{"rendered":"<p>El ministerio de Salud de la provincia de La Pampa comenzar\u00e1 a utilizar Ibuprofeno S\u00f3dico como terapia de uso compasivo en las instituciones sanitarias p\u00fablicas.<\/p>\n<div class=\"sharedaddy sd-sharing-enabled\"><div class=\"robots-nocontent sd-block sd-social sd-social-icon sd-sharing\"><h3 class=\"sd-title\">Comparte esto:<\/h3><div class=\"sd-content\"><ul><li class=\"share-twitter\"><a rel=\"nofollow noopener noreferrer\" data-shared=\"sharing-twitter-24288\" class=\"share-twitter sd-button share-icon no-text\" href=\"http:\/\/www.rtvnoticias.com.ar\/?p=24288&amp;share=twitter\" target=\"_blank\" title=\"Haz clic para compartir en Twitter\"><span><\/span><span class=\"sharing-screen-reader-text\">Haz clic para compartir en Twitter (Se abre en una ventana nueva)<\/span><\/a><\/li><li class=\"share-facebook\"><a rel=\"nofollow noopener noreferrer\" data-shared=\"sharing-facebook-24288\" class=\"share-facebook sd-button share-icon no-text\" href=\"http:\/\/www.rtvnoticias.com.ar\/?p=24288&amp;share=facebook\" target=\"_blank\" title=\"Haz clic para compartir en Facebook\"><span><\/span><span class=\"sharing-screen-reader-text\">Haz clic para compartir en Facebook (Se abre en una ventana nueva)<\/span><\/a><\/li><li class=\"share-jetpack-whatsapp\"><a rel=\"nofollow noopener noreferrer\" data-shared=\"\" class=\"share-jetpack-whatsapp sd-button share-icon no-text\" href=\"http:\/\/www.rtvnoticias.com.ar\/?p=24288&amp;share=jetpack-whatsapp\" target=\"_blank\" title=\"Haz clic para compartir en WhatsApp\"><span><\/span><span class=\"sharing-screen-reader-text\">Haz clic para compartir en WhatsApp (Se abre en una ventana nueva)<\/span><\/a><\/li><li class=\"share-telegram\"><a rel=\"nofollow noopener noreferrer\" data-shared=\"\" class=\"share-telegram sd-button share-icon no-text\" href=\"http:\/\/www.rtvnoticias.com.ar\/?p=24288&amp;share=telegram\" target=\"_blank\" title=\"Haz clic para compartir en Telegram\"><span><\/span><span class=\"sharing-screen-reader-text\">Haz clic para compartir en Telegram (Se abre en una ventana nueva)<\/span><\/a><\/li><li class=\"share-end\"><\/li><\/ul><\/div><\/div><\/div>","protected":false},"author":5,"featured_media":0,"comment_status":"closed","ping_status":"closed","sticky":false,"template":"","format":"standard","meta":{"spay_email":"","jetpack_publicize_message":"","jetpack_is_tweetstorm":false,"jetpack_publicize_feature_enabled":true},"categories":[1],"tags":[],"jetpack_featured_media_url":"","jetpack_publicize_connections":[],"jetpack_sharing_enabled":true,"_links":{"self":[{"href":"http:\/\/www.rtvnoticias.com.ar\/index.php?rest_route=\/wp\/v2\/posts\/24288"}],"collection":[{"href":"http:\/\/www.rtvnoticias.com.ar\/index.php?rest_route=\/wp\/v2\/posts"}],"about":[{"href":"http:\/\/www.rtvnoticias.com.ar\/index.php?rest_route=\/wp\/v2\/types\/post"}],"author":[{"embeddable":true,"href":"http:\/\/www.rtvnoticias.com.ar\/index.php?rest_route=\/wp\/v2\/users\/5"}],"replies":[{"embeddable":true,"href":"http:\/\/www.rtvnoticias.com.ar\/index.php?rest_route=%2Fwp%2Fv2%2Fcomments&post=24288"}],"version-history":[{"count":1,"href":"http:\/\/www.rtvnoticias.com.ar\/index.php?rest_route=\/wp\/v2\/posts\/24288\/revisions"}],"predecessor-version":[{"id":24289,"href":"http:\/\/www.rtvnoticias.com.ar\/index.php?rest_route=\/wp\/v2\/posts\/24288\/revisions\/24289"}],"wp:attachment":[{"href":"http:\/\/www.rtvnoticias.com.ar\/index.php?rest_route=%2Fwp%2Fv2%2Fmedia&parent=24288"}],"wp:term":[{"taxonomy":"category","embeddable":true,"href":"http:\/\/www.rtvnoticias.com.ar\/index.php?rest_route=%2Fwp%2Fv2%2Fcategories&post=24288"},{"taxonomy":"post_tag","embeddable":true,"href":"http:\/\/www.rtvnoticias.com.ar\/index.php?rest_route=%2Fwp%2Fv2%2Ftags&post=24288"}],"curies":[{"name":"wp","href":"https:\/\/api.w.org\/{rel}","templated":true}]}}