{"id":24326,"date":"2020-11-07T20:28:30","date_gmt":"2020-11-07T23:28:30","guid":{"rendered":"http:\/\/www.rtvnoticias.com.ar\/?p=24326"},"modified":"2020-11-07T20:28:36","modified_gmt":"2020-11-07T23:28:36","slug":"encuentro-de-muralistas-en-el-marco-del-aniversario-de-general-pico","status":"publish","type":"post","link":"http:\/\/www.rtvnoticias.com.ar\/?p=24326","title":{"rendered":"Encuentro de muralistas en el marco del Aniversario de General Pico"},"content":{"rendered":"\n<p><em>La Municipalidad de General Pico organiza el Encuentro de muralistas piquenses con el fin de darle m\u00e1s color\u00a0 y significaci\u00f3n a nuestra ciudad, en el marco de los festejos por su 115\u00b0 Aniversario.<\/em><\/p>\n\n\n\n<p>Este s\u00e1bado artistas pl\u00e1sticos piquenses plasmar\u00e1n sus obras en distintos lugares de General Pico. Se podr\u00e1 apreciar el proceso y avance de los murales en las paredes del espacio MEDANO, Plaza San Mart\u00edn y en el tapial del Cementerio municipal.<\/p>\n\n\n\n<p>Fabio Llanos es el encargado de realizar su obra en el pared\u00f3n verde de MEDANO, sobre la calle 24. Este artista oriundo de Puel\u00e9n y residente en nuestra ciudad desde hace muchos a\u00f1os, ha recibido numerosos premios y menciones en diversos salones tanto a nivel local, como a nivel provincial y nacional. <\/p>\n\n\n\n<figure class=\"wp-block-image\"><img data-attachment-id=\"24328\" data-permalink=\"http:\/\/www.rtvnoticias.com.ar\/?attachment_id=24328\" data-orig-file=\"http:\/\/www.rtvnoticias.com.ar\/wp-content\/uploads\/2020\/11\/mural-medano.jpg\" data-orig-size=\"598,568\" data-comments-opened=\"0\" data-image-meta=\"{&quot;aperture&quot;:&quot;0&quot;,&quot;credit&quot;:&quot;&quot;,&quot;camera&quot;:&quot;&quot;,&quot;caption&quot;:&quot;&quot;,&quot;created_timestamp&quot;:&quot;0&quot;,&quot;copyright&quot;:&quot;&quot;,&quot;focal_length&quot;:&quot;0&quot;,&quot;iso&quot;:&quot;0&quot;,&quot;shutter_speed&quot;:&quot;0&quot;,&quot;title&quot;:&quot;&quot;,&quot;orientation&quot;:&quot;1&quot;}\" data-image-title=\"mural-medano\" data-image-description=\"\" data-image-caption=\"\" data-medium-file=\"http:\/\/www.rtvnoticias.com.ar\/wp-content\/uploads\/2020\/11\/mural-medano-300x285.jpg\" data-large-file=\"http:\/\/www.rtvnoticias.com.ar\/wp-content\/uploads\/2020\/11\/mural-medano.jpg\" decoding=\"async\" loading=\"lazy\" width=\"598\" height=\"568\" src=\"http:\/\/www.rtvnoticias.com.ar\/wp-content\/uploads\/2020\/11\/mural-medano.jpg\" alt=\"\" class=\"wp-image-24328\" srcset=\"http:\/\/www.rtvnoticias.com.ar\/wp-content\/uploads\/2020\/11\/mural-medano.jpg 598w, http:\/\/www.rtvnoticias.com.ar\/wp-content\/uploads\/2020\/11\/mural-medano-300x285.jpg 300w, http:\/\/www.rtvnoticias.com.ar\/wp-content\/uploads\/2020\/11\/mural-medano-81x76.jpg 81w\" sizes=\"(max-width: 598px) 100vw, 598px\" \/><\/figure>\n\n\n\n<p>En esta oportunidad se inspira en el nombre del Departamento Marac\u00f3, palabra ranquel que podr\u00eda traducirse como \u201caguada de la liebre\u201d. La imagen de este animal busca representar un llamado de concientizaci\u00f3n sobre el comportamiento de la humanidad, que consume, desecha, y propicia sistemas de producci\u00f3n agr\u00edcola de monocultivos que, a costa de producir, llevan al extremo la utilizaci\u00f3n desmedida de contaminantes. La liebre, a modo de met\u00e1fora de la sociedad contempor\u00e1nea, podr\u00eda estar en riesgo de extinci\u00f3n si se contin\u00faa atentando contra nuestro ecosistema. <\/p>\n\n\n\n<p>Anal\u00eda Domenech, radicada en nuestra ciudad desde aproximadamente cuatro a\u00f1os, cuenta en su haber con una formaci\u00f3n transitada por Bellas Artes de Buenos Aires, y por dise\u00f1o gr\u00e1fico, de indumentaria y editorial.<\/p>\n\n\n\n<p>Ha participado en diferentes salones de La Pampa y en este Encuentro plantear\u00e1 una imagen sintetizada de la flora pampeana, manteniendo la paleta de colores\u00a0 caracter\u00edstica de nuestra provincia. En cuanto al concepto, la artista, evoca la fuerza regenerativa\u00a0 de la naturaleza, la posibilidad de resurgir, de renacer, de florecer en cada ciclo natural. La misma podr\u00e1 apreciarse en la pared de MEDANO que hace esquina en calles 11 y 24.<\/p>\n\n\n\n<p>La artista pl\u00e1stica local Yamila Zaninovich es egresada del Profesorado en Artes Visuales del Instituto Superior de Bellas Artes \u201cCiudad de General Pico\u201d y ha participado en muestras fotogr\u00e1ficas as\u00ed como tambi\u00e9n en talleres y seminarios vinculados a la fotograf\u00eda y al cine. <\/p>\n\n\n\n<figure class=\"wp-block-image\"><img data-attachment-id=\"24329\" data-permalink=\"http:\/\/www.rtvnoticias.com.ar\/?attachment_id=24329\" data-orig-file=\"http:\/\/www.rtvnoticias.com.ar\/wp-content\/uploads\/2020\/11\/mural-plaza.jpg\" data-orig-size=\"600,450\" data-comments-opened=\"0\" data-image-meta=\"{&quot;aperture&quot;:&quot;0&quot;,&quot;credit&quot;:&quot;&quot;,&quot;camera&quot;:&quot;&quot;,&quot;caption&quot;:&quot;&quot;,&quot;created_timestamp&quot;:&quot;0&quot;,&quot;copyright&quot;:&quot;&quot;,&quot;focal_length&quot;:&quot;0&quot;,&quot;iso&quot;:&quot;0&quot;,&quot;shutter_speed&quot;:&quot;0&quot;,&quot;title&quot;:&quot;&quot;,&quot;orientation&quot;:&quot;1&quot;}\" data-image-title=\"mural-plaza\" data-image-description=\"\" data-image-caption=\"\" data-medium-file=\"http:\/\/www.rtvnoticias.com.ar\/wp-content\/uploads\/2020\/11\/mural-plaza-300x225.jpg\" data-large-file=\"http:\/\/www.rtvnoticias.com.ar\/wp-content\/uploads\/2020\/11\/mural-plaza.jpg\" decoding=\"async\" loading=\"lazy\" width=\"600\" height=\"450\" src=\"http:\/\/www.rtvnoticias.com.ar\/wp-content\/uploads\/2020\/11\/mural-plaza.jpg\" alt=\"\" class=\"wp-image-24329\" srcset=\"http:\/\/www.rtvnoticias.com.ar\/wp-content\/uploads\/2020\/11\/mural-plaza.jpg 600w, http:\/\/www.rtvnoticias.com.ar\/wp-content\/uploads\/2020\/11\/mural-plaza-300x225.jpg 300w\" sizes=\"(max-width: 600px) 100vw, 600px\" \/><\/figure>\n\n\n\n<p>La intervenci\u00f3n que se realizar\u00e1 en la Plaza San Mart\u00edn nos permitir\u00e1 interactuar con una tem\u00e1tica que refleja la libertad y las ganas de que todo vuelva a ser como antes de la pandemia.\u00a0 Consiste en un par de alas que se despliegan y representan, con la fuerza de sus trazos y la intensidad de los colores, a la diversidad. Es un mensaje de esperanza y de b\u00fasqueda hacia los valores positivos.<\/p>\n\n\n\n<p>La cuarta propuesta pl\u00e1stica est\u00e1 a cargo de Silvia Impaglione, empresaria con formaci\u00f3n en administraci\u00f3n que encontr\u00f3 en el arte su forma de expresi\u00f3n art\u00edstica. Ella se form\u00f3 con artistas de Argentina, M\u00e9xico y Estados Unidos y en esta ocasi\u00f3n llevar\u00e1 a cabo una obra en uno de los tapiales del Cementerio municipal, donde reflejar\u00e1 la flora pampeana, llevada a la expresi\u00f3n simple de sus formas, teniendo en cuenta la variedad en sus matices, para construir un mural alegre y colorido y a su vez respetando la idiosincrasia del lugar.<\/p>\n<div class=\"sharedaddy sd-sharing-enabled\"><div class=\"robots-nocontent sd-block sd-social sd-social-icon sd-sharing\"><h3 class=\"sd-title\">Comparte esto:<\/h3><div class=\"sd-content\"><ul><li class=\"share-twitter\"><a rel=\"nofollow noopener noreferrer\" data-shared=\"sharing-twitter-24326\" class=\"share-twitter sd-button share-icon no-text\" href=\"http:\/\/www.rtvnoticias.com.ar\/?p=24326&amp;share=twitter\" target=\"_blank\" title=\"Haz clic para compartir en Twitter\"><span><\/span><span class=\"sharing-screen-reader-text\">Haz clic para compartir en Twitter (Se abre en una ventana nueva)<\/span><\/a><\/li><li class=\"share-facebook\"><a rel=\"nofollow noopener noreferrer\" data-shared=\"sharing-facebook-24326\" class=\"share-facebook sd-button share-icon no-text\" href=\"http:\/\/www.rtvnoticias.com.ar\/?p=24326&amp;share=facebook\" target=\"_blank\" title=\"Haz clic para compartir en Facebook\"><span><\/span><span class=\"sharing-screen-reader-text\">Haz clic para compartir en Facebook (Se abre en una ventana nueva)<\/span><\/a><\/li><li class=\"share-jetpack-whatsapp\"><a rel=\"nofollow noopener noreferrer\" data-shared=\"\" class=\"share-jetpack-whatsapp sd-button share-icon no-text\" href=\"http:\/\/www.rtvnoticias.com.ar\/?p=24326&amp;share=jetpack-whatsapp\" target=\"_blank\" title=\"Haz clic para compartir en WhatsApp\"><span><\/span><span class=\"sharing-screen-reader-text\">Haz clic para compartir en WhatsApp (Se abre en una ventana nueva)<\/span><\/a><\/li><li class=\"share-telegram\"><a rel=\"nofollow noopener noreferrer\" data-shared=\"\" class=\"share-telegram sd-button share-icon no-text\" href=\"http:\/\/www.rtvnoticias.com.ar\/?p=24326&amp;share=telegram\" target=\"_blank\" title=\"Haz clic para compartir en Telegram\"><span><\/span><span class=\"sharing-screen-reader-text\">Haz clic para compartir en Telegram (Se abre en una ventana nueva)<\/span><\/a><\/li><li class=\"share-end\"><\/li><\/ul><\/div><\/div><\/div>","protected":false},"excerpt":{"rendered":"<p>La Municipalidad de General Pico organiza el Encuentro de muralistas piquenses con el fin de darle m\u00e1s color\u00a0 y significaci\u00f3n a nuestra ciudad, en el<\/p>\n<div class=\"sharedaddy sd-sharing-enabled\"><div class=\"robots-nocontent sd-block sd-social sd-social-icon sd-sharing\"><h3 class=\"sd-title\">Comparte esto:<\/h3><div class=\"sd-content\"><ul><li class=\"share-twitter\"><a rel=\"nofollow noopener noreferrer\" data-shared=\"sharing-twitter-24326\" class=\"share-twitter sd-button share-icon no-text\" href=\"http:\/\/www.rtvnoticias.com.ar\/?p=24326&amp;share=twitter\" target=\"_blank\" title=\"Haz clic para compartir en Twitter\"><span><\/span><span class=\"sharing-screen-reader-text\">Haz clic para compartir en Twitter (Se abre en una ventana nueva)<\/span><\/a><\/li><li class=\"share-facebook\"><a rel=\"nofollow noopener noreferrer\" data-shared=\"sharing-facebook-24326\" class=\"share-facebook sd-button share-icon no-text\" href=\"http:\/\/www.rtvnoticias.com.ar\/?p=24326&amp;share=facebook\" target=\"_blank\" title=\"Haz clic para compartir en Facebook\"><span><\/span><span class=\"sharing-screen-reader-text\">Haz clic para compartir en Facebook (Se abre en una ventana nueva)<\/span><\/a><\/li><li class=\"share-jetpack-whatsapp\"><a rel=\"nofollow noopener noreferrer\" data-shared=\"\" class=\"share-jetpack-whatsapp sd-button share-icon no-text\" href=\"http:\/\/www.rtvnoticias.com.ar\/?p=24326&amp;share=jetpack-whatsapp\" target=\"_blank\" title=\"Haz clic para compartir en WhatsApp\"><span><\/span><span class=\"sharing-screen-reader-text\">Haz clic para compartir en WhatsApp (Se abre en una ventana nueva)<\/span><\/a><\/li><li class=\"share-telegram\"><a rel=\"nofollow noopener noreferrer\" data-shared=\"\" class=\"share-telegram sd-button share-icon no-text\" href=\"http:\/\/www.rtvnoticias.com.ar\/?p=24326&amp;share=telegram\" target=\"_blank\" title=\"Haz clic para compartir en Telegram\"><span><\/span><span class=\"sharing-screen-reader-text\">Haz clic para compartir en Telegram (Se abre en una ventana nueva)<\/span><\/a><\/li><li class=\"share-end\"><\/li><\/ul><\/div><\/div><\/div>","protected":false},"author":5,"featured_media":24327,"comment_status":"closed","ping_status":"closed","sticky":false,"template":"","format":"standard","meta":{"spay_email":"","jetpack_publicize_message":"","jetpack_is_tweetstorm":false,"jetpack_publicize_feature_enabled":true},"categories":[3],"tags":[3554],"jetpack_featured_media_url":"http:\/\/www.rtvnoticias.com.ar\/wp-content\/uploads\/2020\/11\/mural-cementerio.jpg","jetpack_publicize_connections":[],"jetpack_sharing_enabled":true,"_links":{"self":[{"href":"http:\/\/www.rtvnoticias.com.ar\/index.php?rest_route=\/wp\/v2\/posts\/24326"}],"collection":[{"href":"http:\/\/www.rtvnoticias.com.ar\/index.php?rest_route=\/wp\/v2\/posts"}],"about":[{"href":"http:\/\/www.rtvnoticias.com.ar\/index.php?rest_route=\/wp\/v2\/types\/post"}],"author":[{"embeddable":true,"href":"http:\/\/www.rtvnoticias.com.ar\/index.php?rest_route=\/wp\/v2\/users\/5"}],"replies":[{"embeddable":true,"href":"http:\/\/www.rtvnoticias.com.ar\/index.php?rest_route=%2Fwp%2Fv2%2Fcomments&post=24326"}],"version-history":[{"count":1,"href":"http:\/\/www.rtvnoticias.com.ar\/index.php?rest_route=\/wp\/v2\/posts\/24326\/revisions"}],"predecessor-version":[{"id":24330,"href":"http:\/\/www.rtvnoticias.com.ar\/index.php?rest_route=\/wp\/v2\/posts\/24326\/revisions\/24330"}],"wp:featuredmedia":[{"embeddable":true,"href":"http:\/\/www.rtvnoticias.com.ar\/index.php?rest_route=\/wp\/v2\/media\/24327"}],"wp:attachment":[{"href":"http:\/\/www.rtvnoticias.com.ar\/index.php?rest_route=%2Fwp%2Fv2%2Fmedia&parent=24326"}],"wp:term":[{"taxonomy":"category","embeddable":true,"href":"http:\/\/www.rtvnoticias.com.ar\/index.php?rest_route=%2Fwp%2Fv2%2Fcategories&post=24326"},{"taxonomy":"post_tag","embeddable":true,"href":"http:\/\/www.rtvnoticias.com.ar\/index.php?rest_route=%2Fwp%2Fv2%2Ftags&post=24326"}],"curies":[{"name":"wp","href":"https:\/\/api.w.org\/{rel}","templated":true}]}}