{"id":24355,"date":"2020-11-10T17:27:28","date_gmt":"2020-11-10T20:27:28","guid":{"rendered":"http:\/\/www.rtvnoticias.com.ar\/?p=24355"},"modified":"2020-11-10T17:27:33","modified_gmt":"2020-11-10T20:27:33","slug":"aniversario-de-general-pico-acto-virtual-en-plaza-eduardo-pico","status":"publish","type":"post","link":"http:\/\/www.rtvnoticias.com.ar\/?p=24355","title":{"rendered":"Aniversario de General Pico. Acto virtual en plaza Eduardo Pico"},"content":{"rendered":"\n<p><em>La Municipalidad de General Pico arriba a su 115 aniversario. En conmemoraci\u00f3n a ello desarrollar\u00e1 un acto protocolar en la Plaza Eduardo Pico, sin asistencia de p\u00fablico. El mismo est\u00e1 programado para las 10:30 horas. A su vez, propone un desaf\u00edo en redes sociales y emitir\u00e1 un video aleg\u00f3rico a las 22 horas en @MunicipalidadGeneralPico.<\/em><\/p>\n\n\n\n<p><em>Por otra parte, informa a la comunidad que, teniendo en cuenta el 115 aniversario y la ordenanza N\u00ba 357\/2020, el d\u00eda mi\u00e9rcoles 11 es declarado Asueto Administrativo Municipal. No obstante, los servicio de Recolecci\u00f3n domiciliaria, especial y patol\u00f3gicos se realizar\u00e1 con normalidad.&nbsp;<\/em><\/p>\n\n\n\n<p><strong><em>Desaf\u00edo&nbsp;<\/em><\/strong><\/p>\n\n\n\n<p><em>Este a\u00f1o la pandemia no nos permite hacer la tradicional fiesta aniversario, por lo que la Municipalidad propuso \u201cque por redes sociales hagamos nuestro propio <\/em>\ud835\uddd4\ud835\udde1\ud835\uddd8\ud835\uddd6\ud835\uddd7\ud835\udde2\ud835\udde7\ud835\uddd4\ud835\udde5\ud835\udddc\ud835\udde2 \ud835\udde3\ud835\udddc\ud835\udde4\ud835\udde8\ud835\uddd8\ud835\udde1\ud835\udde6\ud835\uddd8 \ud835\udde9\ud835\udddc\ud835\udde5\ud835\udde7\ud835\udde8\ud835\uddd4\ud835\udddf<em>\u201d. El desaf\u00edo es compartir una foto y an\u00e9cdotas, personales, familiares, laborales, deportivas, educativas que hayan sucedido en&nbsp; \u00e9sta ciudad, para conectarnos desde nuestras vivencias y hechos significativos en Pico; utilizando el&nbsp; Hashtag <\/em><a href=\"https:\/\/www.facebook.com\/hashtag\/%F0%9D%97%99%F0%9D%97%B2%F0%9D%97%B9%F0%9D%97%B6%F0%9D%98%87%F0%9D%97%96%F0%9D%98%82%F0%9D%97%BA%F0%9D%97%BD%F0%9D%97%B9%F0%9D%97%B2%F0%9D%97%A3%F0%9D%97%B6%F0%9D%97%B0%F0%9D%97%BC?__eep__=6&amp;__cft__[0]=AZU4awxef0MOr-BZ7ziEc12UMEI8BKr8UdTH4KkHt5dlpmDNvLfA41OrX5f5sQ27Ucvjm66DAv9MkqfyFAYvOI82AMJOoDxZwemkTdLfNKjYhOiC3ty88tY8IxvstTe0zG2yqjlG-QjUqoIVU5uNEa63&amp;__tn__=*NK-R\" target=\"_blank\" rel=\"noreferrer noopener\"><em>&nbsp;<\/em><em>#\ud835\uddd9\ud835\uddf2\ud835\uddf9\ud835\uddf6\ud835\ude07\ud835\uddd6\ud835\ude02\ud835\uddfa\ud835\uddfd\ud835\uddf9\ud835\uddf2\ud835\udde3\ud835\uddf6\ud835\uddf0\ud835\uddfc<\/em><\/a><em>.<\/em><\/p>\n\n\n\n<p><strong><em>Streaming<\/em><\/strong><\/p>\n\n\n\n<p><em>En el Facebook oficial <\/em><em>@MunicipalidadGeneralPico se <\/em><em>emitir\u00e1 un video aleg\u00f3rico, este mi\u00e9rcoles 11 a las 22 horas, con el fin de acercar m\u00fasica e im\u00e1genes a las vecinas y vecinos de nuestra ciudad.<\/em><\/p>\n\n\n\n<p>A modo de celebraci\u00f3n por el 115\u00b0 aniversario de General Pico, y teniendo en cuenta la situaci\u00f3n imperante que es de p\u00fablico conocimiento, la Direcci\u00f3n de Educaci\u00f3n y Cultura dependiente de la Secretar\u00eda de Gobierno, Seguridad, Educaci\u00f3n y Cultura junto a la Direcci\u00f3n de Comunicacione,s realizaron una producci\u00f3n audiovisual para la ocasi\u00f3n, en la que se incluye un recorrido por la ciudad y tambi\u00e9n la participaci\u00f3n de profesores y profesoras de los espacios de formaci\u00f3n y de los grupos estables a cargo del Departamento Art\u00edstico Musical, que interpretan diversas piezas del folklore nacional y de nuestra m\u00fasica ciudadana.<\/p>\n\n\n\n<p>La invitaci\u00f3n, como siempre, es para toda la familia y la cita virtual es en el Facebook @MunicipalidadGeneralPico, as\u00ed como tambi\u00e9n en el Facebook @CulturaPico.&nbsp;<\/p>\n\n\n\n<p>\u00a0#PicoEsCultura #QuedateEnCasa.<\/p>\n\n\n\n<p><br><\/p>\n<div class=\"sharedaddy sd-sharing-enabled\"><div class=\"robots-nocontent sd-block sd-social sd-social-icon sd-sharing\"><h3 class=\"sd-title\">Comparte esto:<\/h3><div class=\"sd-content\"><ul><li class=\"share-twitter\"><a rel=\"nofollow noopener noreferrer\" data-shared=\"sharing-twitter-24355\" class=\"share-twitter sd-button share-icon no-text\" href=\"http:\/\/www.rtvnoticias.com.ar\/?p=24355&amp;share=twitter\" target=\"_blank\" title=\"Haz clic para compartir en Twitter\"><span><\/span><span class=\"sharing-screen-reader-text\">Haz clic para compartir en Twitter (Se abre en una ventana nueva)<\/span><\/a><\/li><li class=\"share-facebook\"><a rel=\"nofollow noopener noreferrer\" data-shared=\"sharing-facebook-24355\" class=\"share-facebook sd-button share-icon no-text\" href=\"http:\/\/www.rtvnoticias.com.ar\/?p=24355&amp;share=facebook\" target=\"_blank\" title=\"Haz clic para compartir en Facebook\"><span><\/span><span class=\"sharing-screen-reader-text\">Haz clic para compartir en Facebook (Se abre en una ventana nueva)<\/span><\/a><\/li><li class=\"share-jetpack-whatsapp\"><a rel=\"nofollow noopener noreferrer\" data-shared=\"\" class=\"share-jetpack-whatsapp sd-button share-icon no-text\" href=\"http:\/\/www.rtvnoticias.com.ar\/?p=24355&amp;share=jetpack-whatsapp\" target=\"_blank\" title=\"Haz clic para compartir en WhatsApp\"><span><\/span><span class=\"sharing-screen-reader-text\">Haz clic para compartir en WhatsApp (Se abre en una ventana nueva)<\/span><\/a><\/li><li class=\"share-telegram\"><a rel=\"nofollow noopener noreferrer\" data-shared=\"\" class=\"share-telegram sd-button share-icon no-text\" href=\"http:\/\/www.rtvnoticias.com.ar\/?p=24355&amp;share=telegram\" target=\"_blank\" title=\"Haz clic para compartir en Telegram\"><span><\/span><span class=\"sharing-screen-reader-text\">Haz clic para compartir en Telegram (Se abre en una ventana nueva)<\/span><\/a><\/li><li class=\"share-end\"><\/li><\/ul><\/div><\/div><\/div>","protected":false},"excerpt":{"rendered":"<p>La Municipalidad de General Pico arriba a su 115 aniversario. En conmemoraci\u00f3n a ello desarrollar\u00e1 un acto protocolar en la Plaza Eduardo Pico, sin asistencia<\/p>\n<div class=\"sharedaddy sd-sharing-enabled\"><div class=\"robots-nocontent sd-block sd-social sd-social-icon sd-sharing\"><h3 class=\"sd-title\">Comparte esto:<\/h3><div class=\"sd-content\"><ul><li class=\"share-twitter\"><a rel=\"nofollow noopener noreferrer\" data-shared=\"sharing-twitter-24355\" class=\"share-twitter sd-button share-icon no-text\" href=\"http:\/\/www.rtvnoticias.com.ar\/?p=24355&amp;share=twitter\" target=\"_blank\" title=\"Haz clic para compartir en Twitter\"><span><\/span><span class=\"sharing-screen-reader-text\">Haz clic para compartir en Twitter (Se abre en una ventana nueva)<\/span><\/a><\/li><li class=\"share-facebook\"><a rel=\"nofollow noopener noreferrer\" data-shared=\"sharing-facebook-24355\" class=\"share-facebook sd-button share-icon no-text\" href=\"http:\/\/www.rtvnoticias.com.ar\/?p=24355&amp;share=facebook\" target=\"_blank\" title=\"Haz clic para compartir en Facebook\"><span><\/span><span class=\"sharing-screen-reader-text\">Haz clic para compartir en Facebook (Se abre en una ventana nueva)<\/span><\/a><\/li><li class=\"share-jetpack-whatsapp\"><a rel=\"nofollow noopener noreferrer\" data-shared=\"\" class=\"share-jetpack-whatsapp sd-button share-icon no-text\" href=\"http:\/\/www.rtvnoticias.com.ar\/?p=24355&amp;share=jetpack-whatsapp\" target=\"_blank\" title=\"Haz clic para compartir en WhatsApp\"><span><\/span><span class=\"sharing-screen-reader-text\">Haz clic para compartir en WhatsApp (Se abre en una ventana nueva)<\/span><\/a><\/li><li class=\"share-telegram\"><a rel=\"nofollow noopener noreferrer\" data-shared=\"\" class=\"share-telegram sd-button share-icon no-text\" href=\"http:\/\/www.rtvnoticias.com.ar\/?p=24355&amp;share=telegram\" target=\"_blank\" title=\"Haz clic para compartir en Telegram\"><span><\/span><span class=\"sharing-screen-reader-text\">Haz clic para compartir en Telegram (Se abre en una ventana nueva)<\/span><\/a><\/li><li class=\"share-end\"><\/li><\/ul><\/div><\/div><\/div>","protected":false},"author":5,"featured_media":24356,"comment_status":"closed","ping_status":"closed","sticky":false,"template":"","format":"standard","meta":{"spay_email":"","jetpack_publicize_message":"","jetpack_is_tweetstorm":false,"jetpack_publicize_feature_enabled":true},"categories":[1],"tags":[],"jetpack_featured_media_url":"http:\/\/www.rtvnoticias.com.ar\/wp-content\/uploads\/2020\/11\/acto-pico.jpg","jetpack_publicize_connections":[],"jetpack_sharing_enabled":true,"_links":{"self":[{"href":"http:\/\/www.rtvnoticias.com.ar\/index.php?rest_route=\/wp\/v2\/posts\/24355"}],"collection":[{"href":"http:\/\/www.rtvnoticias.com.ar\/index.php?rest_route=\/wp\/v2\/posts"}],"about":[{"href":"http:\/\/www.rtvnoticias.com.ar\/index.php?rest_route=\/wp\/v2\/types\/post"}],"author":[{"embeddable":true,"href":"http:\/\/www.rtvnoticias.com.ar\/index.php?rest_route=\/wp\/v2\/users\/5"}],"replies":[{"embeddable":true,"href":"http:\/\/www.rtvnoticias.com.ar\/index.php?rest_route=%2Fwp%2Fv2%2Fcomments&post=24355"}],"version-history":[{"count":1,"href":"http:\/\/www.rtvnoticias.com.ar\/index.php?rest_route=\/wp\/v2\/posts\/24355\/revisions"}],"predecessor-version":[{"id":24357,"href":"http:\/\/www.rtvnoticias.com.ar\/index.php?rest_route=\/wp\/v2\/posts\/24355\/revisions\/24357"}],"wp:featuredmedia":[{"embeddable":true,"href":"http:\/\/www.rtvnoticias.com.ar\/index.php?rest_route=\/wp\/v2\/media\/24356"}],"wp:attachment":[{"href":"http:\/\/www.rtvnoticias.com.ar\/index.php?rest_route=%2Fwp%2Fv2%2Fmedia&parent=24355"}],"wp:term":[{"taxonomy":"category","embeddable":true,"href":"http:\/\/www.rtvnoticias.com.ar\/index.php?rest_route=%2Fwp%2Fv2%2Fcategories&post=24355"},{"taxonomy":"post_tag","embeddable":true,"href":"http:\/\/www.rtvnoticias.com.ar\/index.php?rest_route=%2Fwp%2Fv2%2Ftags&post=24355"}],"curies":[{"name":"wp","href":"https:\/\/api.w.org\/{rel}","templated":true}]}}