{"id":24449,"date":"2020-11-16T06:08:26","date_gmt":"2020-11-16T09:08:26","guid":{"rendered":"http:\/\/www.rtvnoticias.com.ar\/?p=24449"},"modified":"2020-11-15T23:42:29","modified_gmt":"2020-11-16T02:42:29","slug":"brindesi-es-una-estafa-al-voto-popular-dijo-sandra-fonseca","status":"publish","type":"post","link":"http:\/\/www.rtvnoticias.com.ar\/?p=24449","title":{"rendered":"\u00abBrindesi es una estafa al voto popular\u00bb, dijo Sandra Fonseca"},"content":{"rendered":"\n<p>La diputada provincial Sandra Fonseca asegur\u00f3 que el legislador Juan Brindesi \u00abes una estafa al voto popular\u00bb al votar favorablemente la designaci\u00f3n de los Jueces Freigedo y Cagliolo, quienes fueron jueces substitutos, cuando la plataforma electoral de Comunidad Organizada expresaba claramente que\u00bb no \u00edbamos a convalidar el nombramiento de alguien que haya aceptado ser sustituto\/a\u00bb. <\/p>\n\n\n\n<p>La C\u00e1mara de Diputados aprob\u00f3 distintos proyectos de ley y resoluci\u00f3n, entre ellos, por mayor\u00eda, la designaci\u00f3n de los pliegos de los jueces Freigedo y Cagliolo en cargos del Poder Judicial, los que no contaron con el acompa\u00f1amiento de la diputada Comunidad Organizada Sandra Fonseca, por considerar que los  mismos ocuparon inconstitucionalmente cargos por haber sido Sustitutos\/as. <\/p>\n\n\n\n<p>En el recinto la le legisladora se\u00f1al\u00f3 que \u00abdesde Comunidad Organizada venimos sosteniendo, que el concurso que pide la Constituci\u00f3n es para cada cargo en particular y no uno gen\u00e9rico como el que ficticiamente se hace con esa ley de Sustitutos\/as\u00bb. <\/p>\n\n\n\n<p>Indic\u00f3 que \u00ablas personas que ocupan cargos de sustitutos\/as en el Poder Judicial carecen de imparcialidad al no poseer la inamovilidad de ese cargo\u00bb y record\u00f3 que en estos d\u00edas la Corte se ha manifestado en un fallo, respecto al valor del Juez Natural y a los traslados de los Jueces Bruglia y Bertuzzi, expresando en el mismo que eludir el mecanismo ideado por la Constituci\u00f3n para la elecci\u00f3n y el nombramiento de Jueces, constituye ni m\u00e1s ni menos que un atajo y que los traslados de Jueces son inconstitucionales, por cuanto el car\u00e1cter transitorio es inconstitucional al violar el principio de inamovilidad en el cargo.\u201d <\/p>\n\n\n\n<p>Critic\u00f3 con dureza a qui\u00e9n la acompa\u00f1\u00f3 en la lista de diputados y que ahora form\u00f3 un bloque unipersonal, el legislador Juan Brindesi, al se\u00f1alar que \u00abes una falta de respeto a la ciudadan\u00eda, por parte de Brindesi,  convalidando con su voto el sistema de designaci\u00f3n de sustitutos\/as; cuando desde nuestra plataforma electoral de Comunidad Organizada expresamos que no \u00edbamos a convalidar el nombramiento de alguien que haya aceptado ser sustituto\/a, por lo tanto esta conducta de Brindesi es una estafa al voto popular\u00bb. <\/p>\n\n\n\n<p>Sobre los proyectos de resoluci\u00f3n aprobados, donde se manifiestan rechazo a las amenazas dirigidas a la Vice Presidenta de la Naci\u00f3n, Cristina Fern\u00e1ndez y al diputado nacional y Presidente de la C\u00e1mara Baja Sergio Massa y su familia, Fonseca expres\u00f3  que \u00abdesde Comunidad Organizada rechazamos todo tipo de violencia\u00bb.<\/p>\n\n\n\n<p>Remarc\u00f3 que los silencios son tambi\u00e9n violencia, y record\u00f3 cuando junto a su familia tambi\u00e9n sufrieron hechos de violencia frente a su casa, \u00aby hubo silencios, por eso desde Comunidad Organizada expresamos que es violencia, los silencios institucionales, es violencia la borocotizaci\u00f3n de la pol\u00edtica, es violencia el no respeto por los espacios que nos ganamos genuinamente las mujeres, es tambi\u00e9n violencia el no respetar a las minor\u00edas parlamentarias en esta C\u00e1mara\u00bb. <\/p>\n\n\n\n<p>Finalmente Fonseca se refiri\u00f3 al proyecto aprobado por unanimidad donde se reconoce p\u00fablicamente\u00a0\u00a0a la comunidad educativa de la provincia de La Pampa, por garantizar la educaci\u00f3n en esta situaci\u00f3n generada por la pandemia del Covid-19. \u00abNnuestro reconocimiento a todos\/as y cada uno\/a de los integrantes de la comunidad educativa, en el contexto que estamos viviendo se ha demostrado una vez m\u00e1s que la escuela es necesaria, pero el\/la maestro\/a es insustituible\u00bb. <\/p>\n<div class=\"sharedaddy sd-sharing-enabled\"><div class=\"robots-nocontent sd-block sd-social sd-social-icon sd-sharing\"><h3 class=\"sd-title\">Comparte esto:<\/h3><div class=\"sd-content\"><ul><li class=\"share-twitter\"><a rel=\"nofollow noopener noreferrer\" data-shared=\"sharing-twitter-24449\" class=\"share-twitter sd-button share-icon no-text\" href=\"http:\/\/www.rtvnoticias.com.ar\/?p=24449&amp;share=twitter\" target=\"_blank\" title=\"Haz clic para compartir en Twitter\"><span><\/span><span class=\"sharing-screen-reader-text\">Haz clic para compartir en Twitter (Se abre en una ventana nueva)<\/span><\/a><\/li><li class=\"share-facebook\"><a rel=\"nofollow noopener noreferrer\" data-shared=\"sharing-facebook-24449\" class=\"share-facebook sd-button share-icon no-text\" href=\"http:\/\/www.rtvnoticias.com.ar\/?p=24449&amp;share=facebook\" target=\"_blank\" title=\"Haz clic para compartir en Facebook\"><span><\/span><span class=\"sharing-screen-reader-text\">Haz clic para compartir en Facebook (Se abre en una ventana nueva)<\/span><\/a><\/li><li class=\"share-jetpack-whatsapp\"><a rel=\"nofollow noopener noreferrer\" data-shared=\"\" class=\"share-jetpack-whatsapp sd-button share-icon no-text\" href=\"http:\/\/www.rtvnoticias.com.ar\/?p=24449&amp;share=jetpack-whatsapp\" target=\"_blank\" title=\"Haz clic para compartir en WhatsApp\"><span><\/span><span class=\"sharing-screen-reader-text\">Haz clic para compartir en WhatsApp (Se abre en una ventana nueva)<\/span><\/a><\/li><li class=\"share-telegram\"><a rel=\"nofollow noopener noreferrer\" data-shared=\"\" class=\"share-telegram sd-button share-icon no-text\" href=\"http:\/\/www.rtvnoticias.com.ar\/?p=24449&amp;share=telegram\" target=\"_blank\" title=\"Haz clic para compartir en Telegram\"><span><\/span><span class=\"sharing-screen-reader-text\">Haz clic para compartir en Telegram (Se abre en una ventana nueva)<\/span><\/a><\/li><li class=\"share-end\"><\/li><\/ul><\/div><\/div><\/div>","protected":false},"excerpt":{"rendered":"<p>La diputada provincial Sandra Fonseca asegur\u00f3 que el legislador Juan Brindesi \u00abes una estafa al voto popular\u00bb al votar favorablemente la designaci\u00f3n de los Jueces<\/p>\n<div class=\"sharedaddy sd-sharing-enabled\"><div class=\"robots-nocontent sd-block sd-social sd-social-icon sd-sharing\"><h3 class=\"sd-title\">Comparte esto:<\/h3><div class=\"sd-content\"><ul><li class=\"share-twitter\"><a rel=\"nofollow noopener noreferrer\" data-shared=\"sharing-twitter-24449\" class=\"share-twitter sd-button share-icon no-text\" href=\"http:\/\/www.rtvnoticias.com.ar\/?p=24449&amp;share=twitter\" target=\"_blank\" title=\"Haz clic para compartir en Twitter\"><span><\/span><span class=\"sharing-screen-reader-text\">Haz clic para compartir en Twitter (Se abre en una ventana nueva)<\/span><\/a><\/li><li class=\"share-facebook\"><a rel=\"nofollow noopener noreferrer\" data-shared=\"sharing-facebook-24449\" class=\"share-facebook sd-button share-icon no-text\" href=\"http:\/\/www.rtvnoticias.com.ar\/?p=24449&amp;share=facebook\" target=\"_blank\" title=\"Haz clic para compartir en Facebook\"><span><\/span><span class=\"sharing-screen-reader-text\">Haz clic para compartir en Facebook (Se abre en una ventana nueva)<\/span><\/a><\/li><li class=\"share-jetpack-whatsapp\"><a rel=\"nofollow noopener noreferrer\" data-shared=\"\" class=\"share-jetpack-whatsapp sd-button share-icon no-text\" href=\"http:\/\/www.rtvnoticias.com.ar\/?p=24449&amp;share=jetpack-whatsapp\" target=\"_blank\" title=\"Haz clic para compartir en WhatsApp\"><span><\/span><span class=\"sharing-screen-reader-text\">Haz clic para compartir en WhatsApp (Se abre en una ventana nueva)<\/span><\/a><\/li><li class=\"share-telegram\"><a rel=\"nofollow noopener noreferrer\" data-shared=\"\" class=\"share-telegram sd-button share-icon no-text\" href=\"http:\/\/www.rtvnoticias.com.ar\/?p=24449&amp;share=telegram\" target=\"_blank\" title=\"Haz clic para compartir en Telegram\"><span><\/span><span class=\"sharing-screen-reader-text\">Haz clic para compartir en Telegram (Se abre en una ventana nueva)<\/span><\/a><\/li><li class=\"share-end\"><\/li><\/ul><\/div><\/div><\/div>","protected":false},"author":5,"featured_media":24450,"comment_status":"closed","ping_status":"closed","sticky":false,"template":"","format":"standard","meta":{"spay_email":"","jetpack_publicize_message":"","jetpack_is_tweetstorm":false,"jetpack_publicize_feature_enabled":true},"categories":[4],"tags":[3563],"jetpack_featured_media_url":"http:\/\/www.rtvnoticias.com.ar\/wp-content\/uploads\/2020\/11\/fonseca.jpg","jetpack_publicize_connections":[],"jetpack_sharing_enabled":true,"_links":{"self":[{"href":"http:\/\/www.rtvnoticias.com.ar\/index.php?rest_route=\/wp\/v2\/posts\/24449"}],"collection":[{"href":"http:\/\/www.rtvnoticias.com.ar\/index.php?rest_route=\/wp\/v2\/posts"}],"about":[{"href":"http:\/\/www.rtvnoticias.com.ar\/index.php?rest_route=\/wp\/v2\/types\/post"}],"author":[{"embeddable":true,"href":"http:\/\/www.rtvnoticias.com.ar\/index.php?rest_route=\/wp\/v2\/users\/5"}],"replies":[{"embeddable":true,"href":"http:\/\/www.rtvnoticias.com.ar\/index.php?rest_route=%2Fwp%2Fv2%2Fcomments&post=24449"}],"version-history":[{"count":2,"href":"http:\/\/www.rtvnoticias.com.ar\/index.php?rest_route=\/wp\/v2\/posts\/24449\/revisions"}],"predecessor-version":[{"id":24469,"href":"http:\/\/www.rtvnoticias.com.ar\/index.php?rest_route=\/wp\/v2\/posts\/24449\/revisions\/24469"}],"wp:featuredmedia":[{"embeddable":true,"href":"http:\/\/www.rtvnoticias.com.ar\/index.php?rest_route=\/wp\/v2\/media\/24450"}],"wp:attachment":[{"href":"http:\/\/www.rtvnoticias.com.ar\/index.php?rest_route=%2Fwp%2Fv2%2Fmedia&parent=24449"}],"wp:term":[{"taxonomy":"category","embeddable":true,"href":"http:\/\/www.rtvnoticias.com.ar\/index.php?rest_route=%2Fwp%2Fv2%2Fcategories&post=24449"},{"taxonomy":"post_tag","embeddable":true,"href":"http:\/\/www.rtvnoticias.com.ar\/index.php?rest_route=%2Fwp%2Fv2%2Ftags&post=24449"}],"curies":[{"name":"wp","href":"https:\/\/api.w.org\/{rel}","templated":true}]}}