{"id":24481,"date":"2020-11-16T12:22:15","date_gmt":"2020-11-16T15:22:15","guid":{"rendered":"http:\/\/www.rtvnoticias.com.ar\/?p=24481"},"modified":"2020-11-16T12:27:54","modified_gmt":"2020-11-16T15:27:54","slug":"alonso-visito-empresas-conducidas-por-mujeres","status":"publish","type":"post","link":"http:\/\/www.rtvnoticias.com.ar\/?p=24481","title":{"rendered":"Alonso visit\u00f3 empresas conducidas por mujeres"},"content":{"rendered":"\n<p>La intendenta Fernanda Alonso realiz\u00f3 un recorrido por distintas empresas de la ciudad que son, desde hace muchos&nbsp; a\u00f1os, comandadas&nbsp; por mujeres, en este mes tan particular, donde se conmemora el \u201cD\u00eda Internacional de la eliminaci\u00f3n de la violencia contra la Mujer\u201d.<\/p>\n\n\n\n<p>\u201cEn este mes de la no violencia\u00a0 quisimos mostrar otro lado de las mujeres de nuestra ciudad y de las posibilidades que tienen cuando hay un entorno familiar y local\u00a0 que las acompa\u00f1a, cuando adem\u00e1s se dispone de herramientas y recursos personales, para poder afrontar las adversidades cotidianas. Por eso desde\u00a0 el municipio quisimos recorrer durante este mes, los emprendimientos que mujeres locales\u00a0 llevan adelante, desde hace muchos a\u00f1os\u201d, dijo Fernanda Alonso, que de esta manera explic\u00f3 la iniciativa del Departamento Ejecutivo local, que en la ma\u00f1ana del viernes comenz\u00f3 a recorrer empresas emblem\u00e1ticas de nuestra ciudad, que est\u00e1n dirigidas por mujeres.<\/p>\n\n\n\n<figure class=\"wp-block-image\"><img data-attachment-id=\"24484\" data-permalink=\"http:\/\/www.rtvnoticias.com.ar\/?attachment_id=24484\" data-orig-file=\"http:\/\/www.rtvnoticias.com.ar\/wp-content\/uploads\/2020\/11\/Emprendendoras-2.jpg\" data-orig-size=\"600,423\" data-comments-opened=\"0\" data-image-meta=\"{&quot;aperture&quot;:&quot;4&quot;,&quot;credit&quot;:&quot;&quot;,&quot;camera&quot;:&quot;NIKON D5100&quot;,&quot;caption&quot;:&quot;????????????????????????????????????&quot;,&quot;created_timestamp&quot;:&quot;1605261551&quot;,&quot;copyright&quot;:&quot;&quot;,&quot;focal_length&quot;:&quot;24&quot;,&quot;iso&quot;:&quot;1000&quot;,&quot;shutter_speed&quot;:&quot;0.033333333333333&quot;,&quot;title&quot;:&quot;&quot;,&quot;orientation&quot;:&quot;1&quot;}\" data-image-title=\"Emprendendoras 2\" data-image-description=\"\" data-image-caption=\"&lt;p&gt;????????????????????????????????????&lt;\/p&gt;\n\" data-medium-file=\"http:\/\/www.rtvnoticias.com.ar\/wp-content\/uploads\/2020\/11\/Emprendendoras-2-300x212.jpg\" data-large-file=\"http:\/\/www.rtvnoticias.com.ar\/wp-content\/uploads\/2020\/11\/Emprendendoras-2.jpg\" decoding=\"async\" loading=\"lazy\" width=\"600\" height=\"423\" src=\"http:\/\/www.rtvnoticias.com.ar\/wp-content\/uploads\/2020\/11\/Emprendendoras-2.jpg\" alt=\"\" class=\"wp-image-24484\" srcset=\"http:\/\/www.rtvnoticias.com.ar\/wp-content\/uploads\/2020\/11\/Emprendendoras-2.jpg 600w, http:\/\/www.rtvnoticias.com.ar\/wp-content\/uploads\/2020\/11\/Emprendendoras-2-300x212.jpg 300w, http:\/\/www.rtvnoticias.com.ar\/wp-content\/uploads\/2020\/11\/Emprendendoras-2-265x186.jpg 265w\" sizes=\"(max-width: 600px) 100vw, 600px\" \/><figcaption><strong>La intendenta dialogando con las propietarias de La Orqu\u00eddea<\/strong><\/figcaption><\/figure>\n\n\n\n<p><strong>La Orqu\u00eddea, Helados Cecchetto y Pinturer\u00edas Argentina<\/strong><\/p>\n\n\n\n<p>Se trata de tres empresas que se han ganado un nombre en General Pico, como es La Orqu\u00eddea, Helados Cecchetto, o las Pinturer\u00eda Argentina, que desde hace m\u00e1s de 30 a\u00f1os administra Ana Mar\u00eda Rosotto. Reconociendo de esta manera,\u00a0 justamente, la tarea que han desempe\u00f1ado ellas como mujeres al frente de una empresa, de un comercio de gran envergadura y con tantos a\u00f1os de\u00a0 funcionamiento.<\/p>\n\n\n\n<figure class=\"wp-block-image\"><img data-attachment-id=\"24483\" data-permalink=\"http:\/\/www.rtvnoticias.com.ar\/?attachment_id=24483\" data-orig-file=\"http:\/\/www.rtvnoticias.com.ar\/wp-content\/uploads\/2020\/11\/Emprendendoras-3.jpg\" data-orig-size=\"600,397\" data-comments-opened=\"0\" data-image-meta=\"{&quot;aperture&quot;:&quot;8&quot;,&quot;credit&quot;:&quot;&quot;,&quot;camera&quot;:&quot;NIKON D5100&quot;,&quot;caption&quot;:&quot;????????????????????????????????????&quot;,&quot;created_timestamp&quot;:&quot;1605262441&quot;,&quot;copyright&quot;:&quot;&quot;,&quot;focal_length&quot;:&quot;48&quot;,&quot;iso&quot;:&quot;200&quot;,&quot;shutter_speed&quot;:&quot;0.004&quot;,&quot;title&quot;:&quot;&quot;,&quot;orientation&quot;:&quot;1&quot;}\" data-image-title=\"Emprendendoras 3\" data-image-description=\"\" data-image-caption=\"&lt;p&gt;????????????????????????????????????&lt;\/p&gt;\n\" data-medium-file=\"http:\/\/www.rtvnoticias.com.ar\/wp-content\/uploads\/2020\/11\/Emprendendoras-3-300x199.jpg\" data-large-file=\"http:\/\/www.rtvnoticias.com.ar\/wp-content\/uploads\/2020\/11\/Emprendendoras-3.jpg\" decoding=\"async\" loading=\"lazy\" width=\"600\" height=\"397\" src=\"http:\/\/www.rtvnoticias.com.ar\/wp-content\/uploads\/2020\/11\/Emprendendoras-3.jpg\" alt=\"\" class=\"wp-image-24483\" srcset=\"http:\/\/www.rtvnoticias.com.ar\/wp-content\/uploads\/2020\/11\/Emprendendoras-3.jpg 600w, http:\/\/www.rtvnoticias.com.ar\/wp-content\/uploads\/2020\/11\/Emprendendoras-3-300x199.jpg 300w\" sizes=\"(max-width: 600px) 100vw, 600px\" \/><figcaption><strong>Fernanda Alonso y Marina Anconetani de Helados Cecchetto <\/strong><\/figcaption><\/figure>\n\n\n\n<p>\u201cEse es el motivo de la visita, conocerlas y dar a conocer estos ejemplos de mujeres, que han podido desarrollarse a lo largo de la vida, en un aspecto m\u00e1s que nada comercial y empresarial\u201d.<\/p>\n\n\n\n<p><strong>D\u00eda Internacional de la Eliminaci\u00f3n de la violencia contra la Mujer<\/strong><\/p>\n\n\n\n<p>El \u201cD\u00eda Internacional de la Eliminaci\u00f3n de la violencia contra la Mujer\u201d se conmemora el 25 de noviembre y el mes entero,&nbsp; desde el Municipio se busca trabajar en pos de seguir fortaleciendo el acceso a derechos, por parte de las mujeres que sufren este flagelo y que es necesario revertir.<\/p>\n\n\n\n<p>\u201cNos pareci\u00f3 importante mostrar la posibilidad que tuvieron estas mujeres, que pudieron avanzar y actuar a\u00fan contra todas las adversidades que se le pueden haber impuesto y entendiendo que la violencia econ\u00f3mica, es&nbsp; una de las formas de violencia fundamentales, que atenta contra las mujeres, diariamente, porque evita que muchas mujeres puedan tener independencia econ\u00f3mica respecto de los hombres\u201d, concluy\u00f3 Alonso.<\/p>\n\n\n\n<p>En la recorrida tambi\u00e9n estuvieron presentes el secretario de Econom\u00eda de la Municipalidad, Luis Anconetani y el director de Desarrollo Econ\u00f3mico y Productivo, Lisandro Patek.<\/p>\n<div class=\"sharedaddy sd-sharing-enabled\"><div class=\"robots-nocontent sd-block sd-social sd-social-icon sd-sharing\"><h3 class=\"sd-title\">Comparte esto:<\/h3><div class=\"sd-content\"><ul><li class=\"share-twitter\"><a rel=\"nofollow noopener noreferrer\" data-shared=\"sharing-twitter-24481\" class=\"share-twitter sd-button share-icon no-text\" href=\"http:\/\/www.rtvnoticias.com.ar\/?p=24481&amp;share=twitter\" target=\"_blank\" title=\"Haz clic para compartir en Twitter\"><span><\/span><span class=\"sharing-screen-reader-text\">Haz clic para compartir en Twitter (Se abre en una ventana nueva)<\/span><\/a><\/li><li class=\"share-facebook\"><a rel=\"nofollow noopener noreferrer\" data-shared=\"sharing-facebook-24481\" class=\"share-facebook sd-button share-icon no-text\" href=\"http:\/\/www.rtvnoticias.com.ar\/?p=24481&amp;share=facebook\" target=\"_blank\" title=\"Haz clic para compartir en Facebook\"><span><\/span><span class=\"sharing-screen-reader-text\">Haz clic para compartir en Facebook (Se abre en una ventana nueva)<\/span><\/a><\/li><li class=\"share-jetpack-whatsapp\"><a rel=\"nofollow noopener noreferrer\" data-shared=\"\" class=\"share-jetpack-whatsapp sd-button share-icon no-text\" href=\"http:\/\/www.rtvnoticias.com.ar\/?p=24481&amp;share=jetpack-whatsapp\" target=\"_blank\" title=\"Haz clic para compartir en WhatsApp\"><span><\/span><span class=\"sharing-screen-reader-text\">Haz clic para compartir en WhatsApp (Se abre en una ventana nueva)<\/span><\/a><\/li><li class=\"share-telegram\"><a rel=\"nofollow noopener noreferrer\" data-shared=\"\" class=\"share-telegram sd-button share-icon no-text\" href=\"http:\/\/www.rtvnoticias.com.ar\/?p=24481&amp;share=telegram\" target=\"_blank\" title=\"Haz clic para compartir en Telegram\"><span><\/span><span class=\"sharing-screen-reader-text\">Haz clic para compartir en Telegram (Se abre en una ventana nueva)<\/span><\/a><\/li><li class=\"share-end\"><\/li><\/ul><\/div><\/div><\/div>","protected":false},"excerpt":{"rendered":"<p>La intendenta Fernanda Alonso realiz\u00f3 un recorrido por distintas empresas de la ciudad que son, desde hace muchos&nbsp; a\u00f1os, comandadas&nbsp; por mujeres, en este mes<\/p>\n<div class=\"sharedaddy sd-sharing-enabled\"><div class=\"robots-nocontent sd-block sd-social sd-social-icon sd-sharing\"><h3 class=\"sd-title\">Comparte esto:<\/h3><div class=\"sd-content\"><ul><li class=\"share-twitter\"><a rel=\"nofollow noopener noreferrer\" data-shared=\"sharing-twitter-24481\" class=\"share-twitter sd-button share-icon no-text\" href=\"http:\/\/www.rtvnoticias.com.ar\/?p=24481&amp;share=twitter\" target=\"_blank\" title=\"Haz clic para compartir en Twitter\"><span><\/span><span class=\"sharing-screen-reader-text\">Haz clic para compartir en Twitter (Se abre en una ventana nueva)<\/span><\/a><\/li><li class=\"share-facebook\"><a rel=\"nofollow noopener noreferrer\" data-shared=\"sharing-facebook-24481\" class=\"share-facebook sd-button share-icon no-text\" href=\"http:\/\/www.rtvnoticias.com.ar\/?p=24481&amp;share=facebook\" target=\"_blank\" title=\"Haz clic para compartir en Facebook\"><span><\/span><span class=\"sharing-screen-reader-text\">Haz clic para compartir en Facebook (Se abre en una ventana nueva)<\/span><\/a><\/li><li class=\"share-jetpack-whatsapp\"><a rel=\"nofollow noopener noreferrer\" data-shared=\"\" class=\"share-jetpack-whatsapp sd-button share-icon no-text\" href=\"http:\/\/www.rtvnoticias.com.ar\/?p=24481&amp;share=jetpack-whatsapp\" target=\"_blank\" title=\"Haz clic para compartir en WhatsApp\"><span><\/span><span class=\"sharing-screen-reader-text\">Haz clic para compartir en WhatsApp (Se abre en una ventana nueva)<\/span><\/a><\/li><li class=\"share-telegram\"><a rel=\"nofollow noopener noreferrer\" data-shared=\"\" class=\"share-telegram sd-button share-icon no-text\" href=\"http:\/\/www.rtvnoticias.com.ar\/?p=24481&amp;share=telegram\" target=\"_blank\" title=\"Haz clic para compartir en Telegram\"><span><\/span><span class=\"sharing-screen-reader-text\">Haz clic para compartir en Telegram (Se abre en una ventana nueva)<\/span><\/a><\/li><li class=\"share-end\"><\/li><\/ul><\/div><\/div><\/div>","protected":false},"author":5,"featured_media":24482,"comment_status":"closed","ping_status":"closed","sticky":false,"template":"","format":"standard","meta":{"spay_email":"","jetpack_publicize_message":"","jetpack_is_tweetstorm":false,"jetpack_publicize_feature_enabled":true},"categories":[3],"tags":[365],"jetpack_featured_media_url":"http:\/\/www.rtvnoticias.com.ar\/wp-content\/uploads\/2020\/11\/emprendendoras-4.jpg","jetpack_publicize_connections":[],"jetpack_sharing_enabled":true,"_links":{"self":[{"href":"http:\/\/www.rtvnoticias.com.ar\/index.php?rest_route=\/wp\/v2\/posts\/24481"}],"collection":[{"href":"http:\/\/www.rtvnoticias.com.ar\/index.php?rest_route=\/wp\/v2\/posts"}],"about":[{"href":"http:\/\/www.rtvnoticias.com.ar\/index.php?rest_route=\/wp\/v2\/types\/post"}],"author":[{"embeddable":true,"href":"http:\/\/www.rtvnoticias.com.ar\/index.php?rest_route=\/wp\/v2\/users\/5"}],"replies":[{"embeddable":true,"href":"http:\/\/www.rtvnoticias.com.ar\/index.php?rest_route=%2Fwp%2Fv2%2Fcomments&post=24481"}],"version-history":[{"count":4,"href":"http:\/\/www.rtvnoticias.com.ar\/index.php?rest_route=\/wp\/v2\/posts\/24481\/revisions"}],"predecessor-version":[{"id":24488,"href":"http:\/\/www.rtvnoticias.com.ar\/index.php?rest_route=\/wp\/v2\/posts\/24481\/revisions\/24488"}],"wp:featuredmedia":[{"embeddable":true,"href":"http:\/\/www.rtvnoticias.com.ar\/index.php?rest_route=\/wp\/v2\/media\/24482"}],"wp:attachment":[{"href":"http:\/\/www.rtvnoticias.com.ar\/index.php?rest_route=%2Fwp%2Fv2%2Fmedia&parent=24481"}],"wp:term":[{"taxonomy":"category","embeddable":true,"href":"http:\/\/www.rtvnoticias.com.ar\/index.php?rest_route=%2Fwp%2Fv2%2Fcategories&post=24481"},{"taxonomy":"post_tag","embeddable":true,"href":"http:\/\/www.rtvnoticias.com.ar\/index.php?rest_route=%2Fwp%2Fv2%2Ftags&post=24481"}],"curies":[{"name":"wp","href":"https:\/\/api.w.org\/{rel}","templated":true}]}}