{"id":24493,"date":"2020-11-17T09:48:43","date_gmt":"2020-11-17T12:48:43","guid":{"rendered":"http:\/\/www.rtvnoticias.com.ar\/?p=24493"},"modified":"2020-11-17T09:48:49","modified_gmt":"2020-11-17T12:48:49","slug":"temporada-de-verano-en-cordoba","status":"publish","type":"post","link":"http:\/\/www.rtvnoticias.com.ar\/?p=24493","title":{"rendered":"Temporada de verano en C\u00f3rdoba"},"content":{"rendered":"\n<p> El presidente de la Agencia C\u00f3rdoba Turismo, Esteban Avil\u00e9s, detall\u00f3 cu\u00e1les son las actividades habilitadas bajo protocolo para la temporada de verano en el territorio cordob\u00e9s. El funcionario dio precisiones de los festivales de verano, teatros, museos y alojamientos. <\/p>\n\n\n\n<p>En todos los casos se debe cumplir el protocolo elaborado para cada actividad y en el caso que el turista contrajera Covid-19, deber\u00e1 volver a su domicilio de destino, salvo que, por una situaci\u00f3n puntual y cr\u00edtica del virus, se lo deba contener en una infraestructura sanitaria. <\/p>\n\n\n\n<p><strong>Teatros<\/strong><\/p>\n\n\n\n<p>\u00abLos teatros ya est\u00e1n<strong>\u00a0<\/strong>habilitados<strong>\u00a0<\/strong>con un protocolo. Est\u00e1n dentro del lineamiento nacional de cultura. Lo m\u00e1s importante es que se lleg\u00f3 a un consenso con el sector para llevar adelante una de las industrias m\u00e1s importantes\u00bb, indic\u00f3.<\/p>\n\n\n\n<p><strong>Festivales en verano<\/strong><\/p>\n\n\n\n<p>\u00abVa a depender de cada caso en especial. No podemos generalizar.&nbsp; Hay que tener en cuenta la infraestructura que complemente al protocolo y el trabajo de cada intendente con la organizaci\u00f3n del evento para analizar la situaci\u00f3n pand\u00e9mica\u00bb, se\u00f1al\u00f3.<\/p>\n\n\n\n<p><strong>Discotecas<\/strong><\/p>\n\n\n\n<p>\u00abHasta el momento, no se ha avanzando con este sector. M\u00e1s adelante se estima poder realizar un protocolo acorde\u00bb, sostuvo.<\/p>\n\n\n\n<p><strong>Museos<\/strong><\/p>\n\n\n\n<p>\u00abEspec\u00edficamente, desconozco que haya un protocolo para este rubro en particular\u00bb, admiti\u00f3.<\/p>\n\n\n\n<p>M\u00e1s tarde, desde la Agencia C\u00f3rdoba Cultura acotaron que los museos que dependen de la misma \u00abya presentaron los protocolos, pero a\u00fan no hay fecha estipulada para la apertura\u00bb.<\/p>\n\n\n\n<p><strong>Circulaci\u00f3n permitida<\/strong><\/p>\n\n\n\n<p>\u00abNo se pedir\u00e1n hisopados previos y habr\u00e1 una total libertad de circulaci\u00f3n en el territorio interdepartamental\u00bb, asegur\u00f3.<\/p>\n\n\n\n<p><strong>Alojamientos&nbsp;<\/strong><\/p>\n\n\n\n<p>\u00abLos protocolos son totalmente sanitaristas, pero tambi\u00e9n se ha cuidado mucho al sector privado cordob\u00e9s, porque sabemos que no puede hacer inversiones por la situaci\u00f3n econ\u00f3mica\u00bb, detall\u00f3.<\/p>\n\n\n\n<p>En ese sentido, aclar\u00f3: \u00abEstos protocolos no condicionan en erogaciones que podr\u00edan condicionar la apertura de la alguna infraestructura tur\u00edstica\u00bb.<\/p>\n\n\n\n<p><strong>Requisito&nbsp;<\/strong><\/p>\n\n\n\n<p>\u00abLo que s\u00ed se suma a la aplicaci\u00f3n nacional Cuidar es\u00a0Cuidar M\u00e1s Turismo, donde cada persona, junto con su familia, va tener que cargar a d\u00f3nde va a ir y por cu\u00e1ntos d\u00edas para hacer un seguimiento\u00bb, explic\u00f3.<\/p>\n\n\n\n<p>En esa l\u00ednea, agreg\u00f3: \u00abTenemos que tener una mirada racional, porque es una pandemia compleja. Hay que disfrutar con responsabilidad y cumplir con las medidas preventivas que todos ya conocemos\u00bb.<\/p>\n\n\n\n<p><strong>Contagio de coronavirus<\/strong><\/p>\n\n\n\n<p>\u00abEn caso de que el turista contrajera Covid-19, deber\u00e1 volver a su domicilio de destino, salvo que, por una situaci\u00f3n puntual y cr\u00edtica del virus, se lo deba contener en una infraestructura sanitaria\u00bb, precis\u00f3.<\/p>\n\n\n\n<p>El funcionario dio estas precisiones a Cadena 3 de C\u00f3rdoba y remarc\u00f3 que se deber\u00e1 cumplir con cada uno de los requisitos.<\/p>\n\n\n\n<figure class=\"wp-block-image\"><img data-attachment-id=\"24495\" data-permalink=\"http:\/\/www.rtvnoticias.com.ar\/?attachment_id=24495\" data-orig-file=\"http:\/\/www.rtvnoticias.com.ar\/wp-content\/uploads\/2020\/11\/c\u00f3rdoba-apertura.jpg\" data-orig-size=\"600,397\" data-comments-opened=\"0\" data-image-meta=\"{&quot;aperture&quot;:&quot;0&quot;,&quot;credit&quot;:&quot;&quot;,&quot;camera&quot;:&quot;&quot;,&quot;caption&quot;:&quot;&quot;,&quot;created_timestamp&quot;:&quot;0&quot;,&quot;copyright&quot;:&quot;&quot;,&quot;focal_length&quot;:&quot;0&quot;,&quot;iso&quot;:&quot;0&quot;,&quot;shutter_speed&quot;:&quot;0&quot;,&quot;title&quot;:&quot;&quot;,&quot;orientation&quot;:&quot;1&quot;}\" data-image-title=\"c\u00f3rdoba-apertura\" data-image-description=\"\" data-image-caption=\"\" data-medium-file=\"http:\/\/www.rtvnoticias.com.ar\/wp-content\/uploads\/2020\/11\/c\u00f3rdoba-apertura-300x199.jpg\" data-large-file=\"http:\/\/www.rtvnoticias.com.ar\/wp-content\/uploads\/2020\/11\/c\u00f3rdoba-apertura.jpg\" decoding=\"async\" loading=\"lazy\" width=\"600\" height=\"397\" src=\"http:\/\/www.rtvnoticias.com.ar\/wp-content\/uploads\/2020\/11\/c\u00f3rdoba-apertura.jpg\" alt=\"\" class=\"wp-image-24495\" srcset=\"http:\/\/www.rtvnoticias.com.ar\/wp-content\/uploads\/2020\/11\/c\u00f3rdoba-apertura.jpg 600w, http:\/\/www.rtvnoticias.com.ar\/wp-content\/uploads\/2020\/11\/c\u00f3rdoba-apertura-300x199.jpg 300w\" sizes=\"(max-width: 600px) 100vw, 600px\" \/><\/figure>\n\n\n\n<p>Fuente: Cadena 3<\/p>\n<div class=\"sharedaddy sd-sharing-enabled\"><div class=\"robots-nocontent sd-block sd-social sd-social-icon sd-sharing\"><h3 class=\"sd-title\">Comparte esto:<\/h3><div class=\"sd-content\"><ul><li class=\"share-twitter\"><a rel=\"nofollow noopener noreferrer\" data-shared=\"sharing-twitter-24493\" class=\"share-twitter sd-button share-icon no-text\" href=\"http:\/\/www.rtvnoticias.com.ar\/?p=24493&amp;share=twitter\" target=\"_blank\" title=\"Haz clic para compartir en Twitter\"><span><\/span><span class=\"sharing-screen-reader-text\">Haz clic para compartir en Twitter (Se abre en una ventana nueva)<\/span><\/a><\/li><li class=\"share-facebook\"><a rel=\"nofollow noopener noreferrer\" data-shared=\"sharing-facebook-24493\" class=\"share-facebook sd-button share-icon no-text\" href=\"http:\/\/www.rtvnoticias.com.ar\/?p=24493&amp;share=facebook\" target=\"_blank\" title=\"Haz clic para compartir en Facebook\"><span><\/span><span class=\"sharing-screen-reader-text\">Haz clic para compartir en Facebook (Se abre en una ventana nueva)<\/span><\/a><\/li><li class=\"share-jetpack-whatsapp\"><a rel=\"nofollow noopener noreferrer\" data-shared=\"\" class=\"share-jetpack-whatsapp sd-button share-icon no-text\" href=\"http:\/\/www.rtvnoticias.com.ar\/?p=24493&amp;share=jetpack-whatsapp\" target=\"_blank\" title=\"Haz clic para compartir en WhatsApp\"><span><\/span><span class=\"sharing-screen-reader-text\">Haz clic para compartir en WhatsApp (Se abre en una ventana nueva)<\/span><\/a><\/li><li class=\"share-telegram\"><a rel=\"nofollow noopener noreferrer\" data-shared=\"\" class=\"share-telegram sd-button share-icon no-text\" href=\"http:\/\/www.rtvnoticias.com.ar\/?p=24493&amp;share=telegram\" target=\"_blank\" title=\"Haz clic para compartir en Telegram\"><span><\/span><span class=\"sharing-screen-reader-text\">Haz clic para compartir en Telegram (Se abre en una ventana nueva)<\/span><\/a><\/li><li class=\"share-end\"><\/li><\/ul><\/div><\/div><\/div>","protected":false},"excerpt":{"rendered":"<p>El presidente de la Agencia C\u00f3rdoba Turismo, Esteban Avil\u00e9s, detall\u00f3 cu\u00e1les son las actividades habilitadas bajo protocolo para la temporada de verano en el territorio<\/p>\n<div class=\"sharedaddy sd-sharing-enabled\"><div class=\"robots-nocontent sd-block sd-social sd-social-icon sd-sharing\"><h3 class=\"sd-title\">Comparte esto:<\/h3><div class=\"sd-content\"><ul><li class=\"share-twitter\"><a rel=\"nofollow noopener noreferrer\" data-shared=\"sharing-twitter-24493\" class=\"share-twitter sd-button share-icon no-text\" href=\"http:\/\/www.rtvnoticias.com.ar\/?p=24493&amp;share=twitter\" target=\"_blank\" title=\"Haz clic para compartir en Twitter\"><span><\/span><span class=\"sharing-screen-reader-text\">Haz clic para compartir en Twitter (Se abre en una ventana nueva)<\/span><\/a><\/li><li class=\"share-facebook\"><a rel=\"nofollow noopener noreferrer\" data-shared=\"sharing-facebook-24493\" class=\"share-facebook sd-button share-icon no-text\" href=\"http:\/\/www.rtvnoticias.com.ar\/?p=24493&amp;share=facebook\" target=\"_blank\" title=\"Haz clic para compartir en Facebook\"><span><\/span><span class=\"sharing-screen-reader-text\">Haz clic para compartir en Facebook (Se abre en una ventana nueva)<\/span><\/a><\/li><li class=\"share-jetpack-whatsapp\"><a rel=\"nofollow noopener noreferrer\" data-shared=\"\" class=\"share-jetpack-whatsapp sd-button share-icon no-text\" href=\"http:\/\/www.rtvnoticias.com.ar\/?p=24493&amp;share=jetpack-whatsapp\" target=\"_blank\" title=\"Haz clic para compartir en WhatsApp\"><span><\/span><span class=\"sharing-screen-reader-text\">Haz clic para compartir en WhatsApp (Se abre en una ventana nueva)<\/span><\/a><\/li><li class=\"share-telegram\"><a rel=\"nofollow noopener noreferrer\" data-shared=\"\" class=\"share-telegram sd-button share-icon no-text\" href=\"http:\/\/www.rtvnoticias.com.ar\/?p=24493&amp;share=telegram\" target=\"_blank\" title=\"Haz clic para compartir en Telegram\"><span><\/span><span class=\"sharing-screen-reader-text\">Haz clic para compartir en Telegram (Se abre en una ventana nueva)<\/span><\/a><\/li><li class=\"share-end\"><\/li><\/ul><\/div><\/div><\/div>","protected":false},"author":5,"featured_media":24494,"comment_status":"closed","ping_status":"closed","sticky":false,"template":"","format":"standard","meta":{"spay_email":"","jetpack_publicize_message":"","jetpack_is_tweetstorm":false,"jetpack_publicize_feature_enabled":true},"categories":[5],"tags":[3567],"jetpack_featured_media_url":"http:\/\/www.rtvnoticias.com.ar\/wp-content\/uploads\/2020\/11\/c\u00f3rdoba-turismo.jpg","jetpack_publicize_connections":[],"jetpack_sharing_enabled":true,"_links":{"self":[{"href":"http:\/\/www.rtvnoticias.com.ar\/index.php?rest_route=\/wp\/v2\/posts\/24493"}],"collection":[{"href":"http:\/\/www.rtvnoticias.com.ar\/index.php?rest_route=\/wp\/v2\/posts"}],"about":[{"href":"http:\/\/www.rtvnoticias.com.ar\/index.php?rest_route=\/wp\/v2\/types\/post"}],"author":[{"embeddable":true,"href":"http:\/\/www.rtvnoticias.com.ar\/index.php?rest_route=\/wp\/v2\/users\/5"}],"replies":[{"embeddable":true,"href":"http:\/\/www.rtvnoticias.com.ar\/index.php?rest_route=%2Fwp%2Fv2%2Fcomments&post=24493"}],"version-history":[{"count":1,"href":"http:\/\/www.rtvnoticias.com.ar\/index.php?rest_route=\/wp\/v2\/posts\/24493\/revisions"}],"predecessor-version":[{"id":24496,"href":"http:\/\/www.rtvnoticias.com.ar\/index.php?rest_route=\/wp\/v2\/posts\/24493\/revisions\/24496"}],"wp:featuredmedia":[{"embeddable":true,"href":"http:\/\/www.rtvnoticias.com.ar\/index.php?rest_route=\/wp\/v2\/media\/24494"}],"wp:attachment":[{"href":"http:\/\/www.rtvnoticias.com.ar\/index.php?rest_route=%2Fwp%2Fv2%2Fmedia&parent=24493"}],"wp:term":[{"taxonomy":"category","embeddable":true,"href":"http:\/\/www.rtvnoticias.com.ar\/index.php?rest_route=%2Fwp%2Fv2%2Fcategories&post=24493"},{"taxonomy":"post_tag","embeddable":true,"href":"http:\/\/www.rtvnoticias.com.ar\/index.php?rest_route=%2Fwp%2Fv2%2Ftags&post=24493"}],"curies":[{"name":"wp","href":"https:\/\/api.w.org\/{rel}","templated":true}]}}