{"id":24497,"date":"2020-11-17T10:26:49","date_gmt":"2020-11-17T13:26:49","guid":{"rendered":"http:\/\/www.rtvnoticias.com.ar\/?p=24497"},"modified":"2020-11-17T10:26:54","modified_gmt":"2020-11-17T13:26:54","slug":"egresados-de-san-luis-tienen-fiesta-con-protocolos-y-en-la-pampa","status":"publish","type":"post","link":"http:\/\/www.rtvnoticias.com.ar\/?p=24497","title":{"rendered":"Egresados de San Luis tienen fiesta con protocolos. \u00bfY en La Pampa?"},"content":{"rendered":"\n<p>El gobernador de la provincia de San Luis, Alberto Rodr\u00edguez Sa\u00e1, anunci\u00f3 que los m\u00e1s de 10 mil alumnos egresados puntanos tendr\u00e1n su fiesta de fin de ciclo, y que ser\u00e1 realizada con un protocolo especial que establece que cada participante ser\u00e1 sometido a un test r\u00e1pido de PCR para coronavirus, con el fin de descartar la propagaci\u00f3n del virus y para que todos puedan celebrar plenamente el final de su formaci\u00f3n secundaria. <\/p>\n\n\n\n<p>En tanto la provincia de La Pampa a\u00fan no tiene definido y padres de alumnos de todos los niveles, primarios y secundarios, siguen reclamando a las autoridades pampeanos trabajar en un protocolo. Quiz\u00e1s esta decisi\u00f3n de San Luis ayude.<\/p>\n\n\n\n<p>Durante el \u00faltimo reporte oficial, Rodr\u00edguez Sa\u00e1 tambi\u00e9n confirm\u00f3 la realizaci\u00f3n de la procesi\u00f3n c\u00edvica de los alumnos del \u00faltimo a\u00f1o de la Escuela \u201cJuan Pascual Pringles\u201d, el pr\u00f3ximo 26 de noviembre, d\u00eda en el que se conmemora la Batalla de Chancay y que se ha convertido con el paso de los a\u00f1os en una actividad muy tradicional y esperada por los alumnos.<\/p>\n\n\n\n<p> Tambi\u00e9n habl\u00f3 en el reporte oficial el ministro de Educaci\u00f3n de San Luis, Andr\u00e9s Dermechkoff, qui\u00e9n indic\u00f3 que han recibido gran cantidad de consultas sobre la realizaci\u00f3n de las fiestas de egresados, y por ello se ha dispuesto un protocolo especial para que se comiencen a organizar los cronogramas y lugares donde podr\u00e1n concretar las celebraciones.<\/p>\n\n\n\n<p> Se\u00f1al\u00f3 que a partir de este martes comenzar\u00e1n a coordinar los preparativos con cada directivo de escuela, para poder tener los listados de alumnos que egresan. <\/p>\n\n\n\n<p>\n\nRodr\u00edguez Sa\u00e1&nbsp;solicit\u00f3 al ministro que se dispongan de alternativas para aquellos chicos que no tengan pautado un sal\u00f3n para el evento, para que se pueda realizar en las propias escuelas, clubes o incluso en Terrazas del Portezuelo.\n\n<\/p>\n<div class=\"sharedaddy sd-sharing-enabled\"><div class=\"robots-nocontent sd-block sd-social sd-social-icon sd-sharing\"><h3 class=\"sd-title\">Comparte esto:<\/h3><div class=\"sd-content\"><ul><li class=\"share-twitter\"><a rel=\"nofollow noopener noreferrer\" data-shared=\"sharing-twitter-24497\" class=\"share-twitter sd-button share-icon no-text\" href=\"http:\/\/www.rtvnoticias.com.ar\/?p=24497&amp;share=twitter\" target=\"_blank\" title=\"Haz clic para compartir en Twitter\"><span><\/span><span class=\"sharing-screen-reader-text\">Haz clic para compartir en Twitter (Se abre en una ventana nueva)<\/span><\/a><\/li><li class=\"share-facebook\"><a rel=\"nofollow noopener noreferrer\" data-shared=\"sharing-facebook-24497\" class=\"share-facebook sd-button share-icon no-text\" href=\"http:\/\/www.rtvnoticias.com.ar\/?p=24497&amp;share=facebook\" target=\"_blank\" title=\"Haz clic para compartir en Facebook\"><span><\/span><span class=\"sharing-screen-reader-text\">Haz clic para compartir en Facebook (Se abre en una ventana nueva)<\/span><\/a><\/li><li class=\"share-jetpack-whatsapp\"><a rel=\"nofollow noopener noreferrer\" data-shared=\"\" class=\"share-jetpack-whatsapp sd-button share-icon no-text\" href=\"http:\/\/www.rtvnoticias.com.ar\/?p=24497&amp;share=jetpack-whatsapp\" target=\"_blank\" title=\"Haz clic para compartir en WhatsApp\"><span><\/span><span class=\"sharing-screen-reader-text\">Haz clic para compartir en WhatsApp (Se abre en una ventana nueva)<\/span><\/a><\/li><li class=\"share-telegram\"><a rel=\"nofollow noopener noreferrer\" data-shared=\"\" class=\"share-telegram sd-button share-icon no-text\" href=\"http:\/\/www.rtvnoticias.com.ar\/?p=24497&amp;share=telegram\" target=\"_blank\" title=\"Haz clic para compartir en Telegram\"><span><\/span><span class=\"sharing-screen-reader-text\">Haz clic para compartir en Telegram (Se abre en una ventana nueva)<\/span><\/a><\/li><li class=\"share-end\"><\/li><\/ul><\/div><\/div><\/div>","protected":false},"excerpt":{"rendered":"<p>El gobernador de la provincia de San Luis, Alberto Rodr\u00edguez Sa\u00e1, anunci\u00f3 que los m\u00e1s de 10 mil alumnos egresados puntanos tendr\u00e1n su fiesta de<\/p>\n<div class=\"sharedaddy sd-sharing-enabled\"><div class=\"robots-nocontent sd-block sd-social sd-social-icon sd-sharing\"><h3 class=\"sd-title\">Comparte esto:<\/h3><div class=\"sd-content\"><ul><li class=\"share-twitter\"><a rel=\"nofollow noopener noreferrer\" data-shared=\"sharing-twitter-24497\" class=\"share-twitter sd-button share-icon no-text\" href=\"http:\/\/www.rtvnoticias.com.ar\/?p=24497&amp;share=twitter\" target=\"_blank\" title=\"Haz clic para compartir en Twitter\"><span><\/span><span class=\"sharing-screen-reader-text\">Haz clic para compartir en Twitter (Se abre en una ventana nueva)<\/span><\/a><\/li><li class=\"share-facebook\"><a rel=\"nofollow noopener noreferrer\" data-shared=\"sharing-facebook-24497\" class=\"share-facebook sd-button share-icon no-text\" href=\"http:\/\/www.rtvnoticias.com.ar\/?p=24497&amp;share=facebook\" target=\"_blank\" title=\"Haz clic para compartir en Facebook\"><span><\/span><span class=\"sharing-screen-reader-text\">Haz clic para compartir en Facebook (Se abre en una ventana nueva)<\/span><\/a><\/li><li class=\"share-jetpack-whatsapp\"><a rel=\"nofollow noopener noreferrer\" data-shared=\"\" class=\"share-jetpack-whatsapp sd-button share-icon no-text\" href=\"http:\/\/www.rtvnoticias.com.ar\/?p=24497&amp;share=jetpack-whatsapp\" target=\"_blank\" title=\"Haz clic para compartir en WhatsApp\"><span><\/span><span class=\"sharing-screen-reader-text\">Haz clic para compartir en WhatsApp (Se abre en una ventana nueva)<\/span><\/a><\/li><li class=\"share-telegram\"><a rel=\"nofollow noopener noreferrer\" data-shared=\"\" class=\"share-telegram sd-button share-icon no-text\" href=\"http:\/\/www.rtvnoticias.com.ar\/?p=24497&amp;share=telegram\" target=\"_blank\" title=\"Haz clic para compartir en Telegram\"><span><\/span><span class=\"sharing-screen-reader-text\">Haz clic para compartir en Telegram (Se abre en una ventana nueva)<\/span><\/a><\/li><li class=\"share-end\"><\/li><\/ul><\/div><\/div><\/div>","protected":false},"author":5,"featured_media":0,"comment_status":"closed","ping_status":"closed","sticky":false,"template":"","format":"standard","meta":{"spay_email":"","jetpack_publicize_message":"","jetpack_is_tweetstorm":false,"jetpack_publicize_feature_enabled":true},"categories":[1],"tags":[],"jetpack_featured_media_url":"","jetpack_publicize_connections":[],"jetpack_sharing_enabled":true,"_links":{"self":[{"href":"http:\/\/www.rtvnoticias.com.ar\/index.php?rest_route=\/wp\/v2\/posts\/24497"}],"collection":[{"href":"http:\/\/www.rtvnoticias.com.ar\/index.php?rest_route=\/wp\/v2\/posts"}],"about":[{"href":"http:\/\/www.rtvnoticias.com.ar\/index.php?rest_route=\/wp\/v2\/types\/post"}],"author":[{"embeddable":true,"href":"http:\/\/www.rtvnoticias.com.ar\/index.php?rest_route=\/wp\/v2\/users\/5"}],"replies":[{"embeddable":true,"href":"http:\/\/www.rtvnoticias.com.ar\/index.php?rest_route=%2Fwp%2Fv2%2Fcomments&post=24497"}],"version-history":[{"count":1,"href":"http:\/\/www.rtvnoticias.com.ar\/index.php?rest_route=\/wp\/v2\/posts\/24497\/revisions"}],"predecessor-version":[{"id":24498,"href":"http:\/\/www.rtvnoticias.com.ar\/index.php?rest_route=\/wp\/v2\/posts\/24497\/revisions\/24498"}],"wp:attachment":[{"href":"http:\/\/www.rtvnoticias.com.ar\/index.php?rest_route=%2Fwp%2Fv2%2Fmedia&parent=24497"}],"wp:term":[{"taxonomy":"category","embeddable":true,"href":"http:\/\/www.rtvnoticias.com.ar\/index.php?rest_route=%2Fwp%2Fv2%2Fcategories&post=24497"},{"taxonomy":"post_tag","embeddable":true,"href":"http:\/\/www.rtvnoticias.com.ar\/index.php?rest_route=%2Fwp%2Fv2%2Ftags&post=24497"}],"curies":[{"name":"wp","href":"https:\/\/api.w.org\/{rel}","templated":true}]}}