{"id":24502,"date":"2020-11-17T18:01:55","date_gmt":"2020-11-17T21:01:55","guid":{"rendered":"http:\/\/www.rtvnoticias.com.ar\/?p=24502"},"modified":"2020-11-17T18:10:25","modified_gmt":"2020-11-17T21:10:25","slug":"alberto-fernandez-anuncio-el-envio-del-proyecto-de-interrupcion-voluntaria-del-embarazo-al-congreso","status":"publish","type":"post","link":"http:\/\/www.rtvnoticias.com.ar\/?p=24502","title":{"rendered":"Alberto Fern\u00e1ndez anunci\u00f3 el env\u00edo del proyecto de interrupci\u00f3n voluntaria del embarazo al Congreso"},"content":{"rendered":"\n<p>El presidente Alberto Fern\u00e1ndez confirm\u00f3 que el oficialismo enviar\u00e1 esta tarde el proyecto de\u00a0interrupci\u00f3n voluntaria del embarazo\u00a0al Congreso de la Naci\u00f3n con el objetivo de que sea tratado en sesiones extraordinarias.<\/p>\n\n\n\n<p>\u201cEnviar\u00e9 al Congreso dos proyectos de ley para que las mujeres accedan al derecho a la salud integral.\u00a0El primero de ellos legaliza la IVE y garantiza que el sistema de salud permita su realizaci\u00f3n en condiciones sanitarias que aseguren su salud y su vida. El segundo instituye el programa de los\u00a0mil d\u00edas\u00a0con el objeto de fortalecer la atenci\u00f3n integral de la salud de la mujer durante el embarazo y de sus hijos e hijas en los primeros a\u00f1os de vida\u201d, asegur\u00f3 el Presidente.<\/p>\n\n\n\n<p>En esa l\u00ednea, el primer mandatario comenz\u00f3 el video asegurando que \u00e9l hab\u00eda tomado un compromiso que buscaba cumplir y resalt\u00f3:\u00a0\u201cMi convicci\u00f3n es que el Estado acompa\u00f1e a todas las personas gestantes en su proyecto de maternidad, pero tambi\u00e9n es responsabilidad del Estado cuidar la vida y la salud de quienes deciden interrumpir su embarazo\u00bb.<\/p>\n\n\n\n<p>\u201cLa criminalizaci\u00f3n del aborto de nada ha servido, solo ha permitido que los abortos ocurran clandestinamente en cifras preocupantes. Cada a\u00f1o se hospitalizan alrededor de\u00a038.000 mujeres\u00a0por abortos mal practicados.\u00a0Desde la recuperaci\u00f3n de la democracia murieron m\u00e1s de 3.000 mujeres\u201d, agreg\u00f3 el mandatario.<\/p>\n\n\n\n<p>En ese sentido, Fern\u00e1ndez asegur\u00f3 que\u00a0\u201cla legalizaci\u00f3n del aborto salva vidas de mujeres y preserva sus capacidades reproductivas, muchas veces afectada por esos abortos inseguros\u201d.<\/p>\n\n\n\n<p>A continuaci\u00f3n, el Presidente resalt\u00f3 que este tipo de proyectos\u00a0\u201cno aumenta la cantidad de abortos ni los promueve.\u00a0Resuelve un problema que afecta a la salud p\u00fablica.\u00a0Adem\u00e1s, genera que disminuyan los abortos y las muertes que ellos causan\u00bb.<\/p>\n\n\n\n<p>\u201cEl debate no es decirle \u2018s\u00ed\u2019 o \u2018no\u2019 al aborto, los abortos ocurren de forma clandestina, y ponen en riesgo la vida y la salud de las mujeres que a ellos se someten.\u00a0Por lo tanto, el dilema que debemos operar es si los abortos se practican en la clandestinidad o en el sistema de salud argentino\u201d, destac\u00f3 el l\u00edder del Frente de Todos.<\/p>\n\n\n\n<p>En tanto, Fern\u00e1ndez dijo que \u201clas mujeres m\u00e1s vulnerables y en situaci\u00f3n de pobreza son las mayores v\u00edctimas de nuestro sistema legal, deben someterse a pr\u00e1cticas inseguras por no poder costear un aborto.\u00a0Muchas mueren y otras quedan afectadas en su salud reproductiva\u00bb.<\/p>\n\n\n\n<p>\u201cPor otra parte, hemos instituido el programa de los mil d\u00edas que busca bajar la mortalidad, la malnutrici\u00f3n y desnutrici\u00f3n, adem\u00e1s de prevenir la violencia protegiendo los v\u00ednculos tempranos, el desarrollo emocional y f\u00edsico,\u00a0y el desarrollo integral de las personas gestantes y sus hijos e hijas hasta los tres a\u00f1os de vida\u201d, explic\u00f3 el Presidente.<\/p>\n\n\n\n<p>Fern\u00e1ndez agreg\u00f3 que \u201ceste proyecto establece una nueva Asignaci\u00f3n por Cuidado de Salud Integral que consiste en una AUH que se paga una vez por a\u00f1o para los ni\u00f1os de tres a\u00f1os.\u00a0Tambi\u00e9n se extiende el pago por la Asignaci\u00f3n Universal por Embarazo, ahora va a ser durante todo el embarazo\u201d.<\/p>\n\n\n\n<p>\u201cAprovechamos tambi\u00e9n para crear el\u00a0Sistema de Alerta Temprana de Nacimientos\u00a0y el Certificado de Hechos Vitales con el objeto de garantizar el derecho a la identidad de los ni\u00f1os y ni\u00f1as reci\u00e9n nacidos\u201d, sostuvo, al tiempo que concluy\u00f3 que\u00a0\u201cfinalmente, se proponen pol\u00edticas prioritarias de g\u00e9nero para prevenir de forma temprana situaciones de violencia de g\u00e9nero o de violencia sexual\u201d.<\/p>\n\n\n\n<p>Por \u00faltimo, dijo que\u00a0\u201cpor convicci\u00f3n personal, estoy seguro de que estamos dando respuesta a una realidad que afecta a la salud p\u00fablica y que con ello estamos ampliando derechos en una sociedad que as\u00ed lo demanda.\u00a0Que sea ley\u201d.<\/p>\n<div class=\"sharedaddy sd-sharing-enabled\"><div class=\"robots-nocontent sd-block sd-social sd-social-icon sd-sharing\"><h3 class=\"sd-title\">Comparte esto:<\/h3><div class=\"sd-content\"><ul><li class=\"share-twitter\"><a rel=\"nofollow noopener noreferrer\" data-shared=\"sharing-twitter-24502\" class=\"share-twitter sd-button share-icon no-text\" href=\"http:\/\/www.rtvnoticias.com.ar\/?p=24502&amp;share=twitter\" target=\"_blank\" title=\"Haz clic para compartir en Twitter\"><span><\/span><span class=\"sharing-screen-reader-text\">Haz clic para compartir en Twitter (Se abre en una ventana nueva)<\/span><\/a><\/li><li class=\"share-facebook\"><a rel=\"nofollow noopener noreferrer\" data-shared=\"sharing-facebook-24502\" class=\"share-facebook sd-button share-icon no-text\" href=\"http:\/\/www.rtvnoticias.com.ar\/?p=24502&amp;share=facebook\" target=\"_blank\" title=\"Haz clic para compartir en Facebook\"><span><\/span><span class=\"sharing-screen-reader-text\">Haz clic para compartir en Facebook (Se abre en una ventana nueva)<\/span><\/a><\/li><li class=\"share-jetpack-whatsapp\"><a rel=\"nofollow noopener noreferrer\" data-shared=\"\" class=\"share-jetpack-whatsapp sd-button share-icon no-text\" href=\"http:\/\/www.rtvnoticias.com.ar\/?p=24502&amp;share=jetpack-whatsapp\" target=\"_blank\" title=\"Haz clic para compartir en WhatsApp\"><span><\/span><span class=\"sharing-screen-reader-text\">Haz clic para compartir en WhatsApp (Se abre en una ventana nueva)<\/span><\/a><\/li><li class=\"share-telegram\"><a rel=\"nofollow noopener noreferrer\" data-shared=\"\" class=\"share-telegram sd-button share-icon no-text\" href=\"http:\/\/www.rtvnoticias.com.ar\/?p=24502&amp;share=telegram\" target=\"_blank\" title=\"Haz clic para compartir en Telegram\"><span><\/span><span class=\"sharing-screen-reader-text\">Haz clic para compartir en Telegram (Se abre en una ventana nueva)<\/span><\/a><\/li><li class=\"share-end\"><\/li><\/ul><\/div><\/div><\/div>","protected":false},"excerpt":{"rendered":"<p>El presidente Alberto Fern\u00e1ndez confirm\u00f3 que el oficialismo enviar\u00e1 esta tarde el proyecto de\u00a0interrupci\u00f3n voluntaria del embarazo\u00a0al Congreso de la Naci\u00f3n con el objetivo de<\/p>\n<div class=\"sharedaddy sd-sharing-enabled\"><div class=\"robots-nocontent sd-block sd-social sd-social-icon sd-sharing\"><h3 class=\"sd-title\">Comparte esto:<\/h3><div class=\"sd-content\"><ul><li class=\"share-twitter\"><a rel=\"nofollow noopener noreferrer\" data-shared=\"sharing-twitter-24502\" class=\"share-twitter sd-button share-icon no-text\" href=\"http:\/\/www.rtvnoticias.com.ar\/?p=24502&amp;share=twitter\" target=\"_blank\" title=\"Haz clic para compartir en Twitter\"><span><\/span><span class=\"sharing-screen-reader-text\">Haz clic para compartir en Twitter (Se abre en una ventana nueva)<\/span><\/a><\/li><li class=\"share-facebook\"><a rel=\"nofollow noopener noreferrer\" data-shared=\"sharing-facebook-24502\" class=\"share-facebook sd-button share-icon no-text\" href=\"http:\/\/www.rtvnoticias.com.ar\/?p=24502&amp;share=facebook\" target=\"_blank\" title=\"Haz clic para compartir en Facebook\"><span><\/span><span class=\"sharing-screen-reader-text\">Haz clic para compartir en Facebook (Se abre en una ventana nueva)<\/span><\/a><\/li><li class=\"share-jetpack-whatsapp\"><a rel=\"nofollow noopener noreferrer\" data-shared=\"\" class=\"share-jetpack-whatsapp sd-button share-icon no-text\" href=\"http:\/\/www.rtvnoticias.com.ar\/?p=24502&amp;share=jetpack-whatsapp\" target=\"_blank\" title=\"Haz clic para compartir en WhatsApp\"><span><\/span><span class=\"sharing-screen-reader-text\">Haz clic para compartir en WhatsApp (Se abre en una ventana nueva)<\/span><\/a><\/li><li class=\"share-telegram\"><a rel=\"nofollow noopener noreferrer\" data-shared=\"\" class=\"share-telegram sd-button share-icon no-text\" href=\"http:\/\/www.rtvnoticias.com.ar\/?p=24502&amp;share=telegram\" target=\"_blank\" title=\"Haz clic para compartir en Telegram\"><span><\/span><span class=\"sharing-screen-reader-text\">Haz clic para compartir en Telegram (Se abre en una ventana nueva)<\/span><\/a><\/li><li class=\"share-end\"><\/li><\/ul><\/div><\/div><\/div>","protected":false},"author":5,"featured_media":24504,"comment_status":"closed","ping_status":"closed","sticky":false,"template":"","format":"standard","meta":{"spay_email":"","jetpack_publicize_message":"","jetpack_is_tweetstorm":false,"jetpack_publicize_feature_enabled":true},"categories":[5,1],"tags":[3569],"jetpack_featured_media_url":"http:\/\/www.rtvnoticias.com.ar\/wp-content\/uploads\/2020\/11\/alberto-corbataverde.jpg","jetpack_publicize_connections":[],"jetpack_sharing_enabled":true,"_links":{"self":[{"href":"http:\/\/www.rtvnoticias.com.ar\/index.php?rest_route=\/wp\/v2\/posts\/24502"}],"collection":[{"href":"http:\/\/www.rtvnoticias.com.ar\/index.php?rest_route=\/wp\/v2\/posts"}],"about":[{"href":"http:\/\/www.rtvnoticias.com.ar\/index.php?rest_route=\/wp\/v2\/types\/post"}],"author":[{"embeddable":true,"href":"http:\/\/www.rtvnoticias.com.ar\/index.php?rest_route=\/wp\/v2\/users\/5"}],"replies":[{"embeddable":true,"href":"http:\/\/www.rtvnoticias.com.ar\/index.php?rest_route=%2Fwp%2Fv2%2Fcomments&post=24502"}],"version-history":[{"count":1,"href":"http:\/\/www.rtvnoticias.com.ar\/index.php?rest_route=\/wp\/v2\/posts\/24502\/revisions"}],"predecessor-version":[{"id":24503,"href":"http:\/\/www.rtvnoticias.com.ar\/index.php?rest_route=\/wp\/v2\/posts\/24502\/revisions\/24503"}],"wp:featuredmedia":[{"embeddable":true,"href":"http:\/\/www.rtvnoticias.com.ar\/index.php?rest_route=\/wp\/v2\/media\/24504"}],"wp:attachment":[{"href":"http:\/\/www.rtvnoticias.com.ar\/index.php?rest_route=%2Fwp%2Fv2%2Fmedia&parent=24502"}],"wp:term":[{"taxonomy":"category","embeddable":true,"href":"http:\/\/www.rtvnoticias.com.ar\/index.php?rest_route=%2Fwp%2Fv2%2Fcategories&post=24502"},{"taxonomy":"post_tag","embeddable":true,"href":"http:\/\/www.rtvnoticias.com.ar\/index.php?rest_route=%2Fwp%2Fv2%2Ftags&post=24502"}],"curies":[{"name":"wp","href":"https:\/\/api.w.org\/{rel}","templated":true}]}}