{"id":24587,"date":"2020-11-22T20:30:40","date_gmt":"2020-11-22T23:30:40","guid":{"rendered":"http:\/\/www.rtvnoticias.com.ar\/?p=24587"},"modified":"2020-11-22T20:30:45","modified_gmt":"2020-11-22T23:30:45","slug":"covid-19-la-pampa-32-nuevos-diagnosticos-positivos-13-santa-rosa-7-general-pico","status":"publish","type":"post","link":"http:\/\/www.rtvnoticias.com.ar\/?p=24587","title":{"rendered":"Covid-19 La Pampa: 32 nuevos diagn\u00f3sticos positivos, 13 Santa Rosa, 7 General Pico"},"content":{"rendered":"\n<figure class=\"wp-block-image\"><img data-attachment-id=\"24588\" data-permalink=\"http:\/\/www.rtvnoticias.com.ar\/?attachment_id=24588\" data-orig-file=\"http:\/\/www.rtvnoticias.com.ar\/wp-content\/uploads\/2020\/11\/2211.jpg\" data-orig-size=\"1203,964\" data-comments-opened=\"0\" data-image-meta=\"{&quot;aperture&quot;:&quot;0&quot;,&quot;credit&quot;:&quot;&quot;,&quot;camera&quot;:&quot;&quot;,&quot;caption&quot;:&quot;&quot;,&quot;created_timestamp&quot;:&quot;0&quot;,&quot;copyright&quot;:&quot;&quot;,&quot;focal_length&quot;:&quot;0&quot;,&quot;iso&quot;:&quot;0&quot;,&quot;shutter_speed&quot;:&quot;0&quot;,&quot;title&quot;:&quot;&quot;,&quot;orientation&quot;:&quot;0&quot;}\" data-image-title=\"2211\" data-image-description=\"\" data-image-caption=\"\" data-medium-file=\"http:\/\/www.rtvnoticias.com.ar\/wp-content\/uploads\/2020\/11\/2211-300x240.jpg\" data-large-file=\"http:\/\/www.rtvnoticias.com.ar\/wp-content\/uploads\/2020\/11\/2211-1024x821.jpg\" decoding=\"async\" loading=\"lazy\" width=\"1203\" height=\"964\" src=\"https:\/\/i0.wp.com\/www.rtvnoticias.com.ar\/wp-content\/uploads\/2020\/11\/2211.jpg?fit=750%2C601\" alt=\"\" class=\"wp-image-24588\" srcset=\"http:\/\/www.rtvnoticias.com.ar\/wp-content\/uploads\/2020\/11\/2211.jpg 1203w, http:\/\/www.rtvnoticias.com.ar\/wp-content\/uploads\/2020\/11\/2211-300x240.jpg 300w, http:\/\/www.rtvnoticias.com.ar\/wp-content\/uploads\/2020\/11\/2211-768x615.jpg 768w, http:\/\/www.rtvnoticias.com.ar\/wp-content\/uploads\/2020\/11\/2211-1024x821.jpg 1024w\" sizes=\"(max-width: 1203px) 100vw, 1203px\" \/><\/figure>\n\n\n\n<p>El Gobierno de la provincia de La Pampa, a trav\u00e9s del Ministerio de Salud, comunic\u00f3 que en horas de la tarde del d\u00eda 22 de noviembre se finaliz\u00f3 con el procesamiento de 202 muestras analizadas en los laboratorios de la Direcci\u00f3n de Epidemiolog\u00eda y del Establecimiento Asistencial Gobernador Centeno y Lucio Molas, como as\u00ed tambi\u00e9n en los diferentes Centros de Salud que analizan test de ant\u00edgenos, de las cuales 32 resultaron positivas para COVID-19.  <\/p>\n\n\n\n<p>De ellas 13 corresponden a residentes en Santa Rosa, 7 en General Pico, 3 en Ingeniero Luiggi, 3 en Realic\u00f3, 2 en Santa Isabel, 2 en Eduardo Castex, 1 en Speluzzi, 1 en Quem\u00fa Quem\u00fa. De los 32 casos confirmados en la tarde de hoy, 17 se encontraban aislados por ser considerados contactos estrechos. Debido a la rapidez del diagn\u00f3stico por ant\u00edgenos (en media hora se otorga el resultado), a\u00fan se contin\u00faa desarrollando la investigaci\u00f3n epidemiol\u00f3gica de 15 casos. Aclaraci\u00f3n sobre la carga de casos confirmados en el Reporte Nacional: Es importante aclarar que existe una diferencia de casos confirmados entre el Reporte Provincial y el Nacional ya que se asisten y notifican pacientes que viven en otras provincias que tienen domicilio legal (el que figura en el DNI) en La Pampa. <\/p>\n\n\n\n<p><strong>B\u00fasqueda Activa y Test R\u00e1pidos<\/strong> <\/p>\n\n\n\n<p>La estrategia de b\u00fasqueda activa con diagn\u00f3stico por ant\u00edgenos lleva entrevistados 18.857 ciudadanos. <\/p>\n\n\n\n<p><strong>Test r\u00e1pidos<\/strong> Centro Sanitario: 9 test r\u00e1pidos, 5 positivos. Hospital Evita:  9 test r\u00e1pidos de los cuales 3 resultaron positivos. Hospital de Toay : 5 test r\u00e1pidos, negativos. Hospital de Eduardo Castex: 8 test r\u00e1pidos, 2 resultaron positivos Hospital de Realic\u00f3:  19 test r\u00e1pidos, 3 positivos Hospital de Guatrach\u00e9:  6 test r\u00e1pidos, negativos. . De un total de 56 muestras analizadas por test de ant\u00edgenos en el d\u00eda, 13 resultaron positivas. Esas personas fueron autom\u00e1ticamente aisladas, al igual que sus contactos estrechos que est\u00e1n en seguimiento. Los diagn\u00f3sticos negativos ser\u00e1n analizados por la t\u00e9cnica de PCR.   <\/p>\n\n\n\n<p><strong>Situaci\u00f3n provincial<\/strong> <\/p>\n\n\n\n<p>Desde el inicio de la pandemia, en la Provincia, se registraron un total 5.098 casos positivos para COVID-19, de los cuales 850 permanecen activos, 70 han fallecido y 4.178 se han recuperado, entre estos \u00faltimos se encuentran, 32 personas de Santa Rosa, 7 de General Pico, 2 de Toay, 1 de Arata, 1 de General Campos, 1 de Bernardo Larroud\u00e9, 1 de Realic\u00f3, 1 de Winifreda. Los casos confirmados activos est\u00e1n distribuidos de la siguiente manera:  434 en la ciudad de Santa Rosa, 133 en General Pico, 26 en Toay,  33 en Catril\u00f3, 18 en Eduardo Castex, 78 en 25 de Mayo, 9 en Trenel,  5 en Winifreda, 2 en Macach\u00edn, 7 en Uriburu,  9 en General Acha, 14 en Santa Isabel,  22 en Realic\u00f3, 1 en Doblas, 3 en Ataliva Roca, 3 en Alpachiri, 1 en Anguil,  2 en General Campos, 24 en Ingeniero Luiggi,   2 en Chacharramendi, 3 en Jacinto Arauz,  1 en Bernasconi, 1 en Monte Nievas, 1 en General San Mart\u00edn, 1 en Unanue, 6 en La Maruja, 6 en Guatrach\u00e9, 1 en Gobernador Duval,  1 en Dorila, 2 en Speluzzi y 1 en Quem\u00fa Quem\u00fa.   Al d\u00eda de la fecha se encuentran aisladas un total de 5.825 personas en toda la Provincia.   <\/p>\n\n\n\n<p><strong>Pacientes internados <\/strong> <\/p>\n\n\n\n<p>Se encuentran internados 47 pacientes confirmados para COVID-19. En General Pico 9 pacientes, 5 de ellos en modulares y 4 en terapia intensiva. En (CEAR-Modulares) de Santa Rosa se encuentran internados 27 pacientes, 13 de ellos en cl\u00ednica m\u00e9dica, 7 en terapia intensiva y 7 en modulares. En el Hospital Evita de Santa Rosa 5 personas internadas en cl\u00ednica m\u00e9dica. Y en el interior de la provincia se encuentran internados en cl\u00ednica m\u00e9dica: Hospital de Guatrach\u00e9: 1 paciente. Hospital de Catril\u00f3: 2. Hospital de General Acha: 2. Instituci\u00f3n Privada de Santa Rosa: 1 COVID positivo, que fue intervenido quir\u00fargicamente.   <\/p>\n\n\n\n<p><strong>Fallecidos<\/strong> En el d\u00eda de la fecha y hasta el momento del cierre del parte diario, ha fallecido 1 persona. -Persona residente en General Pico, sexo masculino, 64 a\u00f1os.<\/p>\n<div class=\"sharedaddy sd-sharing-enabled\"><div class=\"robots-nocontent sd-block sd-social sd-social-icon sd-sharing\"><h3 class=\"sd-title\">Comparte esto:<\/h3><div class=\"sd-content\"><ul><li class=\"share-twitter\"><a rel=\"nofollow noopener noreferrer\" data-shared=\"sharing-twitter-24587\" class=\"share-twitter sd-button share-icon no-text\" href=\"http:\/\/www.rtvnoticias.com.ar\/?p=24587&amp;share=twitter\" target=\"_blank\" title=\"Haz clic para compartir en Twitter\"><span><\/span><span class=\"sharing-screen-reader-text\">Haz clic para compartir en Twitter (Se abre en una ventana nueva)<\/span><\/a><\/li><li class=\"share-facebook\"><a rel=\"nofollow noopener noreferrer\" data-shared=\"sharing-facebook-24587\" class=\"share-facebook sd-button share-icon no-text\" href=\"http:\/\/www.rtvnoticias.com.ar\/?p=24587&amp;share=facebook\" target=\"_blank\" title=\"Haz clic para compartir en Facebook\"><span><\/span><span class=\"sharing-screen-reader-text\">Haz clic para compartir en Facebook (Se abre en una ventana nueva)<\/span><\/a><\/li><li class=\"share-jetpack-whatsapp\"><a rel=\"nofollow noopener noreferrer\" data-shared=\"\" class=\"share-jetpack-whatsapp sd-button share-icon no-text\" href=\"http:\/\/www.rtvnoticias.com.ar\/?p=24587&amp;share=jetpack-whatsapp\" target=\"_blank\" title=\"Haz clic para compartir en WhatsApp\"><span><\/span><span class=\"sharing-screen-reader-text\">Haz clic para compartir en WhatsApp (Se abre en una ventana nueva)<\/span><\/a><\/li><li class=\"share-telegram\"><a rel=\"nofollow noopener noreferrer\" data-shared=\"\" class=\"share-telegram sd-button share-icon no-text\" href=\"http:\/\/www.rtvnoticias.com.ar\/?p=24587&amp;share=telegram\" target=\"_blank\" title=\"Haz clic para compartir en Telegram\"><span><\/span><span class=\"sharing-screen-reader-text\">Haz clic para compartir en Telegram (Se abre en una ventana nueva)<\/span><\/a><\/li><li class=\"share-end\"><\/li><\/ul><\/div><\/div><\/div>","protected":false},"excerpt":{"rendered":"<p>El Gobierno de la provincia de La Pampa, a trav\u00e9s del Ministerio de Salud, comunic\u00f3 que en horas de la tarde del d\u00eda 22 de<\/p>\n<div class=\"sharedaddy sd-sharing-enabled\"><div class=\"robots-nocontent sd-block sd-social sd-social-icon sd-sharing\"><h3 class=\"sd-title\">Comparte esto:<\/h3><div class=\"sd-content\"><ul><li class=\"share-twitter\"><a rel=\"nofollow noopener noreferrer\" data-shared=\"sharing-twitter-24587\" class=\"share-twitter sd-button share-icon no-text\" href=\"http:\/\/www.rtvnoticias.com.ar\/?p=24587&amp;share=twitter\" target=\"_blank\" title=\"Haz clic para compartir en Twitter\"><span><\/span><span class=\"sharing-screen-reader-text\">Haz clic para compartir en Twitter (Se abre en una ventana nueva)<\/span><\/a><\/li><li class=\"share-facebook\"><a rel=\"nofollow noopener noreferrer\" data-shared=\"sharing-facebook-24587\" class=\"share-facebook sd-button share-icon no-text\" href=\"http:\/\/www.rtvnoticias.com.ar\/?p=24587&amp;share=facebook\" target=\"_blank\" title=\"Haz clic para compartir en Facebook\"><span><\/span><span class=\"sharing-screen-reader-text\">Haz clic para compartir en Facebook (Se abre en una ventana nueva)<\/span><\/a><\/li><li class=\"share-jetpack-whatsapp\"><a rel=\"nofollow noopener noreferrer\" data-shared=\"\" class=\"share-jetpack-whatsapp sd-button share-icon no-text\" href=\"http:\/\/www.rtvnoticias.com.ar\/?p=24587&amp;share=jetpack-whatsapp\" target=\"_blank\" title=\"Haz clic para compartir en WhatsApp\"><span><\/span><span class=\"sharing-screen-reader-text\">Haz clic para compartir en WhatsApp (Se abre en una ventana nueva)<\/span><\/a><\/li><li class=\"share-telegram\"><a rel=\"nofollow noopener noreferrer\" data-shared=\"\" class=\"share-telegram sd-button share-icon no-text\" href=\"http:\/\/www.rtvnoticias.com.ar\/?p=24587&amp;share=telegram\" target=\"_blank\" title=\"Haz clic para compartir en Telegram\"><span><\/span><span class=\"sharing-screen-reader-text\">Haz clic para compartir en Telegram (Se abre en una ventana nueva)<\/span><\/a><\/li><li class=\"share-end\"><\/li><\/ul><\/div><\/div><\/div>","protected":false},"author":7,"featured_media":22464,"comment_status":"closed","ping_status":"closed","sticky":false,"template":"","format":"standard","meta":{"spay_email":"","jetpack_publicize_message":"","jetpack_is_tweetstorm":false,"jetpack_publicize_feature_enabled":true},"categories":[1],"tags":[],"jetpack_featured_media_url":"http:\/\/www.rtvnoticias.com.ar\/wp-content\/uploads\/2020\/08\/la-pampa.png","jetpack_publicize_connections":[],"jetpack_sharing_enabled":true,"_links":{"self":[{"href":"http:\/\/www.rtvnoticias.com.ar\/index.php?rest_route=\/wp\/v2\/posts\/24587"}],"collection":[{"href":"http:\/\/www.rtvnoticias.com.ar\/index.php?rest_route=\/wp\/v2\/posts"}],"about":[{"href":"http:\/\/www.rtvnoticias.com.ar\/index.php?rest_route=\/wp\/v2\/types\/post"}],"author":[{"embeddable":true,"href":"http:\/\/www.rtvnoticias.com.ar\/index.php?rest_route=\/wp\/v2\/users\/7"}],"replies":[{"embeddable":true,"href":"http:\/\/www.rtvnoticias.com.ar\/index.php?rest_route=%2Fwp%2Fv2%2Fcomments&post=24587"}],"version-history":[{"count":1,"href":"http:\/\/www.rtvnoticias.com.ar\/index.php?rest_route=\/wp\/v2\/posts\/24587\/revisions"}],"predecessor-version":[{"id":24589,"href":"http:\/\/www.rtvnoticias.com.ar\/index.php?rest_route=\/wp\/v2\/posts\/24587\/revisions\/24589"}],"wp:featuredmedia":[{"embeddable":true,"href":"http:\/\/www.rtvnoticias.com.ar\/index.php?rest_route=\/wp\/v2\/media\/22464"}],"wp:attachment":[{"href":"http:\/\/www.rtvnoticias.com.ar\/index.php?rest_route=%2Fwp%2Fv2%2Fmedia&parent=24587"}],"wp:term":[{"taxonomy":"category","embeddable":true,"href":"http:\/\/www.rtvnoticias.com.ar\/index.php?rest_route=%2Fwp%2Fv2%2Fcategories&post=24587"},{"taxonomy":"post_tag","embeddable":true,"href":"http:\/\/www.rtvnoticias.com.ar\/index.php?rest_route=%2Fwp%2Fv2%2Ftags&post=24587"}],"curies":[{"name":"wp","href":"https:\/\/api.w.org\/{rel}","templated":true}]}}