{"id":24637,"date":"2020-11-26T10:22:19","date_gmt":"2020-11-26T13:22:19","guid":{"rendered":"http:\/\/www.rtvnoticias.com.ar\/?p=24637"},"modified":"2020-11-26T10:22:21","modified_gmt":"2020-11-26T13:22:21","slug":"cuadras-de-fila-para-despedir-a-el-diez","status":"publish","type":"post","link":"http:\/\/www.rtvnoticias.com.ar\/?p=24637","title":{"rendered":"Cuadras de fila para despedir a \u201cEl Diez\u201d"},"content":{"rendered":"\n<p style=\"text-align:center\"><strong>Diego Armando Maradona es velado desde las 6.17 en la Casa Rosada, que abri\u00f3 sus puertas al p\u00fablico general, luego de una despedida de su c\u00edrculo m\u00e1s \u00edntimo que se extendi\u00f3 durante toda la madrugada, con la presencia de su exesposa Claudia Villafa\u00f1e con sus hijas Dalma y Giannina, entre otros, mientras una multitud aguarda en la Plaza de Mayo para ingresar al lugar.<\/strong><\/p>\n\n\n\n<p>Los restos del astro, que falleci\u00f3 este mi\u00e9rcoles, a menos de un mes de haber cumplido 60 a\u00f1os, llegaron a la 1:08 de esta madrugada a la Casa Rosada, donde aguardaban Claudia Villafa\u00f1e con Dalma y Giannina para darle la despedida \u00edntima.<\/p>\n\n\n\n<p>El cuerpo sali\u00f3 0.46 de la casa velatoria Tres Arroyos, en el barrio porte\u00f1o de La Paternal, lugar al que hab\u00eda arribado desde la morgue judicial de San Fernando.<\/p>\n\n\n\n<p>El ingreso del p\u00fablico comenz\u00f3 a realizarse por Avenida de Mayo y 9 de Julio, entrando a la Casa Rosada por Balcarce 50 y en el inicio se produjeron algunos incidentes entre los fan\u00e1ticos de Maradona y efectivos policiales, que incluyeron corridas y agresiones con piedras.<\/p>\n\n\n\n<p>Maradona, de 60 a\u00f1os cumplidos el 30 de octubre pasado, falleci\u00f3 este mi\u00e9rcoles en horas del mediod\u00eda por una descompensaci\u00f3n card\u00edaca que sufri\u00f3 en una casa del barrio San Andr\u00e9s, de la localidad bonaerense de Tigre.<\/p>\n\n\n\n<p>En ese lugar, el astro permanec\u00eda con asistencia m\u00e9dica desde el pasado mi\u00e9rcoles 11, despu\u00e9s de someterse a una operaci\u00f3n por un hematoma subdural en su cabeza, el martes 3 del corriente mes, en la Cl\u00ednica Olivos.<\/p>\n\n\n\n<p>Seg\u00fan informaron a T\u00e9lam fuentes judiciales, la autopsia determin\u00f3 que la causa de su muerte fue un \u201cedema agudo de pulm\u00f3n secundario a una insuficiencia card\u00edaca cr\u00f3nica reagudizada\u201d.<\/p>\n\n\n\n<p style=\"text-align:left\"><strong>Operativo de seguridad<br><\/strong>El velatorio de los restos de Maradona es coordinado por Presidencia de la Naci\u00f3n y tiene a dos ministerios y a tres fuerzas de seguridad en el operativo para controlar el ingreso de los hinchas que se acerquen a despedirlo.<\/p>\n\n\n\n<p>Seg\u00fan inform\u00f3 el Ministerio de Seguridad, el operativo est\u00e1 a cargo de la Polic\u00eda de la Ciudad y cuenta con el apoyo de efectivos de la Polic\u00eda Federal Argentina (PFA) y de la Gendarmer\u00eda Nacional Argentina (GNA).<\/p>\n\n\n\n<p>Se dispuso que el ingreso a pie a la Plaza de Mayo solo se podr\u00e1 realizar por el corredor habilitado, para luego s\u00ed acceder a la Casa Rosada donde ser\u00e1n velados los restos del \u201c10\u2033.<\/p>\n\n\n\n<p>Por su parte, el Ministerio de Defensa coloc\u00f3 siete postas sanitarias en inmediaciones de la Casa de Gobierno para que se brinde asistencia a aquellas personas que lo requieran.<\/p>\n\n\n\n<p>Asimismo, se inform\u00f3 que se delimit\u00f3 un per\u00edmetro en el que est\u00e1 prohibida la circulaci\u00f3n vehicular en la zona c\u00e9ntrica de la Ciudad entre las avenidas Belgrano y Corrientes, en sentido hacia el norte, que comprende tambi\u00e9n la calle Bernardo de Irigoyen y su continuaci\u00f3n Carlos Pellegrini.<\/p>\n\n\n\n<p>Tambi\u00e9n est\u00e1n cortadas al tr\u00e1nsito las avenidas Paseo Col\u00f3n y Leandro N. Alem.<\/p>\n\n\n\n<p>Por \u00faltimo, se solicit\u00f3 a quienes asistan al velatorio de Maradona \u201cextremar las medidas de cuidado en el contexto del DISPO producto de la pandemia covid19\u2033.<\/p>\n\n\n\n<p><em>Con informaci\u00f3n de T\u00e9lam.<\/em><\/p>\n<div class=\"sharedaddy sd-sharing-enabled\"><div class=\"robots-nocontent sd-block sd-social sd-social-icon sd-sharing\"><h3 class=\"sd-title\">Comparte esto:<\/h3><div class=\"sd-content\"><ul><li class=\"share-twitter\"><a rel=\"nofollow noopener noreferrer\" data-shared=\"sharing-twitter-24637\" class=\"share-twitter sd-button share-icon no-text\" href=\"http:\/\/www.rtvnoticias.com.ar\/?p=24637&amp;share=twitter\" target=\"_blank\" title=\"Haz clic para compartir en Twitter\"><span><\/span><span class=\"sharing-screen-reader-text\">Haz clic para compartir en Twitter (Se abre en una ventana nueva)<\/span><\/a><\/li><li class=\"share-facebook\"><a rel=\"nofollow noopener noreferrer\" data-shared=\"sharing-facebook-24637\" class=\"share-facebook sd-button share-icon no-text\" href=\"http:\/\/www.rtvnoticias.com.ar\/?p=24637&amp;share=facebook\" target=\"_blank\" title=\"Haz clic para compartir en Facebook\"><span><\/span><span class=\"sharing-screen-reader-text\">Haz clic para compartir en Facebook (Se abre en una ventana nueva)<\/span><\/a><\/li><li class=\"share-jetpack-whatsapp\"><a rel=\"nofollow noopener noreferrer\" data-shared=\"\" class=\"share-jetpack-whatsapp sd-button share-icon no-text\" href=\"http:\/\/www.rtvnoticias.com.ar\/?p=24637&amp;share=jetpack-whatsapp\" target=\"_blank\" title=\"Haz clic para compartir en WhatsApp\"><span><\/span><span class=\"sharing-screen-reader-text\">Haz clic para compartir en WhatsApp (Se abre en una ventana nueva)<\/span><\/a><\/li><li class=\"share-telegram\"><a rel=\"nofollow noopener noreferrer\" data-shared=\"\" class=\"share-telegram sd-button share-icon no-text\" href=\"http:\/\/www.rtvnoticias.com.ar\/?p=24637&amp;share=telegram\" target=\"_blank\" title=\"Haz clic para compartir en Telegram\"><span><\/span><span class=\"sharing-screen-reader-text\">Haz clic para compartir en Telegram (Se abre en una ventana nueva)<\/span><\/a><\/li><li class=\"share-end\"><\/li><\/ul><\/div><\/div><\/div>","protected":false},"excerpt":{"rendered":"<p>Diego Armando Maradona es velado desde las 6.17 en la Casa Rosada, que abri\u00f3 sus puertas al p\u00fablico general, luego de una despedida de su<\/p>\n<div class=\"sharedaddy sd-sharing-enabled\"><div class=\"robots-nocontent sd-block sd-social sd-social-icon sd-sharing\"><h3 class=\"sd-title\">Comparte esto:<\/h3><div class=\"sd-content\"><ul><li class=\"share-twitter\"><a rel=\"nofollow noopener noreferrer\" data-shared=\"sharing-twitter-24637\" class=\"share-twitter sd-button share-icon no-text\" href=\"http:\/\/www.rtvnoticias.com.ar\/?p=24637&amp;share=twitter\" target=\"_blank\" title=\"Haz clic para compartir en Twitter\"><span><\/span><span class=\"sharing-screen-reader-text\">Haz clic para compartir en Twitter (Se abre en una ventana nueva)<\/span><\/a><\/li><li class=\"share-facebook\"><a rel=\"nofollow noopener noreferrer\" data-shared=\"sharing-facebook-24637\" class=\"share-facebook sd-button share-icon no-text\" href=\"http:\/\/www.rtvnoticias.com.ar\/?p=24637&amp;share=facebook\" target=\"_blank\" title=\"Haz clic para compartir en Facebook\"><span><\/span><span class=\"sharing-screen-reader-text\">Haz clic para compartir en Facebook (Se abre en una ventana nueva)<\/span><\/a><\/li><li class=\"share-jetpack-whatsapp\"><a rel=\"nofollow noopener noreferrer\" data-shared=\"\" class=\"share-jetpack-whatsapp sd-button share-icon no-text\" href=\"http:\/\/www.rtvnoticias.com.ar\/?p=24637&amp;share=jetpack-whatsapp\" target=\"_blank\" title=\"Haz clic para compartir en WhatsApp\"><span><\/span><span class=\"sharing-screen-reader-text\">Haz clic para compartir en WhatsApp (Se abre en una ventana nueva)<\/span><\/a><\/li><li class=\"share-telegram\"><a rel=\"nofollow noopener noreferrer\" data-shared=\"\" class=\"share-telegram sd-button share-icon no-text\" href=\"http:\/\/www.rtvnoticias.com.ar\/?p=24637&amp;share=telegram\" target=\"_blank\" title=\"Haz clic para compartir en Telegram\"><span><\/span><span class=\"sharing-screen-reader-text\">Haz clic para compartir en Telegram (Se abre en una ventana nueva)<\/span><\/a><\/li><li class=\"share-end\"><\/li><\/ul><\/div><\/div><\/div>","protected":false},"author":7,"featured_media":24638,"comment_status":"closed","ping_status":"closed","sticky":false,"template":"","format":"standard","meta":{"spay_email":"","jetpack_publicize_message":"","jetpack_is_tweetstorm":false,"jetpack_publicize_feature_enabled":true},"categories":[1],"tags":[],"jetpack_featured_media_url":"http:\/\/www.rtvnoticias.com.ar\/wp-content\/uploads\/2020\/11\/velatorio.jpg","jetpack_publicize_connections":[],"jetpack_sharing_enabled":true,"_links":{"self":[{"href":"http:\/\/www.rtvnoticias.com.ar\/index.php?rest_route=\/wp\/v2\/posts\/24637"}],"collection":[{"href":"http:\/\/www.rtvnoticias.com.ar\/index.php?rest_route=\/wp\/v2\/posts"}],"about":[{"href":"http:\/\/www.rtvnoticias.com.ar\/index.php?rest_route=\/wp\/v2\/types\/post"}],"author":[{"embeddable":true,"href":"http:\/\/www.rtvnoticias.com.ar\/index.php?rest_route=\/wp\/v2\/users\/7"}],"replies":[{"embeddable":true,"href":"http:\/\/www.rtvnoticias.com.ar\/index.php?rest_route=%2Fwp%2Fv2%2Fcomments&post=24637"}],"version-history":[{"count":1,"href":"http:\/\/www.rtvnoticias.com.ar\/index.php?rest_route=\/wp\/v2\/posts\/24637\/revisions"}],"predecessor-version":[{"id":24639,"href":"http:\/\/www.rtvnoticias.com.ar\/index.php?rest_route=\/wp\/v2\/posts\/24637\/revisions\/24639"}],"wp:featuredmedia":[{"embeddable":true,"href":"http:\/\/www.rtvnoticias.com.ar\/index.php?rest_route=\/wp\/v2\/media\/24638"}],"wp:attachment":[{"href":"http:\/\/www.rtvnoticias.com.ar\/index.php?rest_route=%2Fwp%2Fv2%2Fmedia&parent=24637"}],"wp:term":[{"taxonomy":"category","embeddable":true,"href":"http:\/\/www.rtvnoticias.com.ar\/index.php?rest_route=%2Fwp%2Fv2%2Fcategories&post=24637"},{"taxonomy":"post_tag","embeddable":true,"href":"http:\/\/www.rtvnoticias.com.ar\/index.php?rest_route=%2Fwp%2Fv2%2Ftags&post=24637"}],"curies":[{"name":"wp","href":"https:\/\/api.w.org\/{rel}","templated":true}]}}