{"id":24660,"date":"2020-11-26T20:25:12","date_gmt":"2020-11-26T23:25:12","guid":{"rendered":"http:\/\/www.rtvnoticias.com.ar\/?p=24660"},"modified":"2020-11-26T20:27:09","modified_gmt":"2020-11-26T23:27:09","slug":"despiden-los-restos-de-diego-maradona-en-una-ceremonia-privada-en-el-cementerio-de-bella-vista","status":"publish","type":"post","link":"http:\/\/www.rtvnoticias.com.ar\/?p=24660","title":{"rendered":"Despidieron los restos de Diego Maradona en una ceremonia privada en el cementerio de Bella Vista"},"content":{"rendered":"\n<p style=\"text-align:center\"><strong>Los restos de Diego Armando Maradona fueron trasladados al cementerio Jard\u00edn de Bella Vista, donde el \u201cDiez\u201d ser\u00e1 enterrado junto a sus padres \u201cDon Diego\u201d y \u201cDo\u00f1a Tota\u201d.<\/strong><\/p>\n\n\n\n<p>Luego de una caravana de 40 kil\u00f3metros entre la Casa Rosada y el Jard\u00edn Bella Vista, se llev\u00f3 a cabo una ceremonia \u00edntima con sus familiares y allegados.<\/p>\n\n\n\n<p>El velatorio termin\u00f3 cerca de las 17 luego de que se registraran graves incidentes en la Casa Rosada. La idea inicial era que el cortejo f\u00fanebre transitara por la avenida 9 de Julio hasta la subida de la autopista 25 de mayo Acceso Oeste para las personas que vinieron a despedirse del \u00eddolo argentino y no pudieron acceder a la capilla ardiente.<\/p>\n\n\n\n<p>Sin embargo, cambiaron el recorrido y Maradona fue trasladado por una c\u00e1psula de seguridad por Avenida Paseo Col\u00f3n, autopista 25 de Mayo, Perito Moreno, Acceso Oeste, Camino del Buen Ayre y calle Roca hasta el Cementerio Jard\u00edn de Bella Vista.<\/p>\n\n\n\n<p>Diego falleci\u00f3 el mi\u00e9rcoles a los 60 a\u00f1os y fue velado en la Casa Rosada con la presencia su familia, un peque\u00f1o c\u00edrculo \u00edntimo y miles de fan\u00e1ticos que quisieron despedirlo.<\/p>\n\n\n\n<p>Desde el mi\u00e9rcoles a la noche una multitud se acerc\u00f3 hasta la Plaza de Mayo para pasar la noche y aguardar la apertura de las puertas del sal\u00f3n donde repos\u00f3 el \u00eddolo. Con el correr de las horas, m\u00e1s y m\u00e1s gente se agolp\u00f3 en torno a la Casa de Gobierno para intentar ingresar, y se generaron numerosos incidentes.<\/p>\n\n\n\n<p>La situaci\u00f3n se desbord\u00f3 y la gente comenz\u00f3 a entrar a la fuerza a la Casa Rosada. En un momento, cientos de personas irrumpieron en el \u201cPatio de Las Palmeras\u201d durante el velorio y se refrescaron con el agua de la fuente.<\/p>\n<div class=\"sharedaddy sd-sharing-enabled\"><div class=\"robots-nocontent sd-block sd-social sd-social-icon sd-sharing\"><h3 class=\"sd-title\">Comparte esto:<\/h3><div class=\"sd-content\"><ul><li class=\"share-twitter\"><a rel=\"nofollow noopener noreferrer\" data-shared=\"sharing-twitter-24660\" class=\"share-twitter sd-button share-icon no-text\" href=\"http:\/\/www.rtvnoticias.com.ar\/?p=24660&amp;share=twitter\" target=\"_blank\" title=\"Haz clic para compartir en Twitter\"><span><\/span><span class=\"sharing-screen-reader-text\">Haz clic para compartir en Twitter (Se abre en una ventana nueva)<\/span><\/a><\/li><li class=\"share-facebook\"><a rel=\"nofollow noopener noreferrer\" data-shared=\"sharing-facebook-24660\" class=\"share-facebook sd-button share-icon no-text\" href=\"http:\/\/www.rtvnoticias.com.ar\/?p=24660&amp;share=facebook\" target=\"_blank\" title=\"Haz clic para compartir en Facebook\"><span><\/span><span class=\"sharing-screen-reader-text\">Haz clic para compartir en Facebook (Se abre en una ventana nueva)<\/span><\/a><\/li><li class=\"share-jetpack-whatsapp\"><a rel=\"nofollow noopener noreferrer\" data-shared=\"\" class=\"share-jetpack-whatsapp sd-button share-icon no-text\" href=\"http:\/\/www.rtvnoticias.com.ar\/?p=24660&amp;share=jetpack-whatsapp\" target=\"_blank\" title=\"Haz clic para compartir en WhatsApp\"><span><\/span><span class=\"sharing-screen-reader-text\">Haz clic para compartir en WhatsApp (Se abre en una ventana nueva)<\/span><\/a><\/li><li class=\"share-telegram\"><a rel=\"nofollow noopener noreferrer\" data-shared=\"\" class=\"share-telegram sd-button share-icon no-text\" href=\"http:\/\/www.rtvnoticias.com.ar\/?p=24660&amp;share=telegram\" target=\"_blank\" title=\"Haz clic para compartir en Telegram\"><span><\/span><span class=\"sharing-screen-reader-text\">Haz clic para compartir en Telegram (Se abre en una ventana nueva)<\/span><\/a><\/li><li class=\"share-end\"><\/li><\/ul><\/div><\/div><\/div>","protected":false},"excerpt":{"rendered":"<p>Los restos de Diego Armando Maradona fueron trasladados al cementerio Jard\u00edn de Bella Vista, donde el \u201cDiez\u201d ser\u00e1 enterrado junto a sus padres \u201cDon Diego\u201d<\/p>\n<div class=\"sharedaddy sd-sharing-enabled\"><div class=\"robots-nocontent sd-block sd-social sd-social-icon sd-sharing\"><h3 class=\"sd-title\">Comparte esto:<\/h3><div class=\"sd-content\"><ul><li class=\"share-twitter\"><a rel=\"nofollow noopener noreferrer\" data-shared=\"sharing-twitter-24660\" class=\"share-twitter sd-button share-icon no-text\" href=\"http:\/\/www.rtvnoticias.com.ar\/?p=24660&amp;share=twitter\" target=\"_blank\" title=\"Haz clic para compartir en Twitter\"><span><\/span><span class=\"sharing-screen-reader-text\">Haz clic para compartir en Twitter (Se abre en una ventana nueva)<\/span><\/a><\/li><li class=\"share-facebook\"><a rel=\"nofollow noopener noreferrer\" data-shared=\"sharing-facebook-24660\" class=\"share-facebook sd-button share-icon no-text\" href=\"http:\/\/www.rtvnoticias.com.ar\/?p=24660&amp;share=facebook\" target=\"_blank\" title=\"Haz clic para compartir en Facebook\"><span><\/span><span class=\"sharing-screen-reader-text\">Haz clic para compartir en Facebook (Se abre en una ventana nueva)<\/span><\/a><\/li><li class=\"share-jetpack-whatsapp\"><a rel=\"nofollow noopener noreferrer\" data-shared=\"\" class=\"share-jetpack-whatsapp sd-button share-icon no-text\" href=\"http:\/\/www.rtvnoticias.com.ar\/?p=24660&amp;share=jetpack-whatsapp\" target=\"_blank\" title=\"Haz clic para compartir en WhatsApp\"><span><\/span><span class=\"sharing-screen-reader-text\">Haz clic para compartir en WhatsApp (Se abre en una ventana nueva)<\/span><\/a><\/li><li class=\"share-telegram\"><a rel=\"nofollow noopener noreferrer\" data-shared=\"\" class=\"share-telegram sd-button share-icon no-text\" href=\"http:\/\/www.rtvnoticias.com.ar\/?p=24660&amp;share=telegram\" target=\"_blank\" title=\"Haz clic para compartir en Telegram\"><span><\/span><span class=\"sharing-screen-reader-text\">Haz clic para compartir en Telegram (Se abre en una ventana nueva)<\/span><\/a><\/li><li class=\"share-end\"><\/li><\/ul><\/div><\/div><\/div>","protected":false},"author":7,"featured_media":24661,"comment_status":"closed","ping_status":"closed","sticky":false,"template":"","format":"standard","meta":{"spay_email":"","jetpack_publicize_message":"","jetpack_is_tweetstorm":false,"jetpack_publicize_feature_enabled":true},"categories":[1],"tags":[],"jetpack_featured_media_url":"http:\/\/www.rtvnoticias.com.ar\/wp-content\/uploads\/2020\/11\/entierro.jpeg","jetpack_publicize_connections":[],"jetpack_sharing_enabled":true,"_links":{"self":[{"href":"http:\/\/www.rtvnoticias.com.ar\/index.php?rest_route=\/wp\/v2\/posts\/24660"}],"collection":[{"href":"http:\/\/www.rtvnoticias.com.ar\/index.php?rest_route=\/wp\/v2\/posts"}],"about":[{"href":"http:\/\/www.rtvnoticias.com.ar\/index.php?rest_route=\/wp\/v2\/types\/post"}],"author":[{"embeddable":true,"href":"http:\/\/www.rtvnoticias.com.ar\/index.php?rest_route=\/wp\/v2\/users\/7"}],"replies":[{"embeddable":true,"href":"http:\/\/www.rtvnoticias.com.ar\/index.php?rest_route=%2Fwp%2Fv2%2Fcomments&post=24660"}],"version-history":[{"count":2,"href":"http:\/\/www.rtvnoticias.com.ar\/index.php?rest_route=\/wp\/v2\/posts\/24660\/revisions"}],"predecessor-version":[{"id":24663,"href":"http:\/\/www.rtvnoticias.com.ar\/index.php?rest_route=\/wp\/v2\/posts\/24660\/revisions\/24663"}],"wp:featuredmedia":[{"embeddable":true,"href":"http:\/\/www.rtvnoticias.com.ar\/index.php?rest_route=\/wp\/v2\/media\/24661"}],"wp:attachment":[{"href":"http:\/\/www.rtvnoticias.com.ar\/index.php?rest_route=%2Fwp%2Fv2%2Fmedia&parent=24660"}],"wp:term":[{"taxonomy":"category","embeddable":true,"href":"http:\/\/www.rtvnoticias.com.ar\/index.php?rest_route=%2Fwp%2Fv2%2Fcategories&post=24660"},{"taxonomy":"post_tag","embeddable":true,"href":"http:\/\/www.rtvnoticias.com.ar\/index.php?rest_route=%2Fwp%2Fv2%2Ftags&post=24660"}],"curies":[{"name":"wp","href":"https:\/\/api.w.org\/{rel}","templated":true}]}}