{"id":24664,"date":"2020-11-27T10:27:15","date_gmt":"2020-11-27T13:27:15","guid":{"rendered":"http:\/\/www.rtvnoticias.com.ar\/?p=24664"},"modified":"2020-11-27T10:27:17","modified_gmt":"2020-11-27T13:27:17","slug":"el-ano-proximo-habra-tres-feriados-turisticos","status":"publish","type":"post","link":"http:\/\/www.rtvnoticias.com.ar\/?p=24664","title":{"rendered":"El a\u00f1o pr\u00f3ximo habr\u00e1 tres feriados tur\u00edsticos"},"content":{"rendered":"\n<p style=\"text-align:center\"><strong>As\u00ed lo estableci\u00f3 el Gobierno nacional con el fin de promover la actividad, una de las m\u00e1s castigas por las restricciones impuestas por la pandemia por coronavirus. En total, habr\u00e1 nueve fines de semana largos y se suma un per\u00edodo de cuatro d\u00edas para escapadas primaverales en octubre.<\/strong><\/p>\n\n\n\n<p>El Gobierno nacional inform\u00f3 el cronograma de feriados para el a\u00f1o pr\u00f3ximo, que contempla 11 feriados inamovibles, cuatro trasladables y tres con fines tur\u00edsticos, lo que contabiliza un total de 18 d\u00edas festivos.<\/p>\n\n\n\n<p>En total, habr\u00e1 nueve fines de semana largos y se suma un per\u00edodo de cuatro d\u00edas para escapadas primaverales en octubre, seg\u00fan informaron hoy en un comunicado conjunto los ministerios de Interior, y de Turismo y Deportes.<\/p>\n\n\n\n<p>Los tres feriados con fines tur\u00edsticos -24 de mayo, 8 de octubre y 22 de noviembre- fueron fijados hoy a trav\u00e9s del decreto 947, firmado por el presidente Alberto Fern\u00e1ndez y publicado en el Bolet\u00edn Oficial.<\/p>\n\n\n\n<p>El cronograma de los feriados para el a\u00f1o pr\u00f3ximo queda establecido de la siguiente manera:<\/p>\n\n\n\n<ul><li>Feriados inamovibles: 1 de enero (A\u00f1o Nuevo), 15 y 16 de febrero (feriados de Carnaval), 24 de marzo (D\u00eda Nacional de la Memoria por la Verdad y la Justicia), 2 de abril (D\u00eda del Veterano y de los ca\u00eddos en la Guerra de Malvinas y Viernes Santo), 1 de mayo (D\u00eda del Trabajador), 25 de mayo (D\u00eda de la Revoluci\u00f3n de Mayo), 20 de junio (Paso a la Inmortalidad del Gral. Manuel Belgrano), 9 de julio (D\u00eda de la Independencia), 8 de diciembre (D\u00eda de la Inmaculada Concepci\u00f3n de Mar\u00eda) y 25 de diciembre (Navidad).<\/li><li>Feriados trasladables: 17 de junio (Paso a la Inmortalidad del Gral. G\u00fcemes), que se celebrar\u00e1 el 21 de junio, el 17 de agosto (Paso a la Inmortalidad del Gral. Jos\u00e9 de San Mart\u00edn) al 16 de agosto, el 12 de octubre (D\u00eda del Respeto a la Diversidad Cultural) al 11 de octubre y el 20 de noviembre (D\u00eda de la Soberan\u00eda Nacional).<\/li><li>Feriados con fines tur\u00edsticos: 24 de mayo, 8 de octubre y el 22 de noviembre, que fueron fijados hoy por el decreto presidencial.<\/li><\/ul>\n\n\n\n<p>Seg\u00fan indicaron hoy los ministerios, \u00abcon la incorporaci\u00f3n del fin de semana largo extendido del viernes 8 al lunes 11 de octubre, el Gobierno nacional fomenta las escapadas tur\u00edsticas en primavera para replicar la exitosa experiencia desde la recuperaci\u00f3n de los Feriados de Carnaval y seguir reactivando al sector, golpeado a nivel mundial por la pandemia de la Covid-19\u00bb.<\/p>\n\n\n\n<p>En tanto, acerca de los feriados tur\u00edsticos el decreto recuerda que el Poder Ejecutivo est\u00e1 facultado para \u00abfijar anualmente hasta tres d\u00edas feriados o no laborables destinados a promover la actividad tur\u00edstica, que deber\u00e1n coincidir con los d\u00edas lunes o viernes\u00bb.<\/p>\n\n\n\n<p>En ese sentido, menciona que esa facultad \u00abdeviene en una pol\u00edtica destinada a impulsar el turismo interno\u00bb y que esos tres d\u00edas \u00abest\u00e1n relacionados con coadyuvar a disminuir los efectos negativos de la estacionalidad del sector tur\u00edstico, procurando distribuirlos en el tiempo\u00bb.<\/p>\n\n\n\n<p><em>Fuente: T\u00e9lam<\/em><\/p>\n<div class=\"sharedaddy sd-sharing-enabled\"><div class=\"robots-nocontent sd-block sd-social sd-social-icon sd-sharing\"><h3 class=\"sd-title\">Comparte esto:<\/h3><div class=\"sd-content\"><ul><li class=\"share-twitter\"><a rel=\"nofollow noopener noreferrer\" data-shared=\"sharing-twitter-24664\" class=\"share-twitter sd-button share-icon no-text\" href=\"http:\/\/www.rtvnoticias.com.ar\/?p=24664&amp;share=twitter\" target=\"_blank\" title=\"Haz clic para compartir en Twitter\"><span><\/span><span class=\"sharing-screen-reader-text\">Haz clic para compartir en Twitter (Se abre en una ventana nueva)<\/span><\/a><\/li><li class=\"share-facebook\"><a rel=\"nofollow noopener noreferrer\" data-shared=\"sharing-facebook-24664\" class=\"share-facebook sd-button share-icon no-text\" href=\"http:\/\/www.rtvnoticias.com.ar\/?p=24664&amp;share=facebook\" target=\"_blank\" title=\"Haz clic para compartir en Facebook\"><span><\/span><span class=\"sharing-screen-reader-text\">Haz clic para compartir en Facebook (Se abre en una ventana nueva)<\/span><\/a><\/li><li class=\"share-jetpack-whatsapp\"><a rel=\"nofollow noopener noreferrer\" data-shared=\"\" class=\"share-jetpack-whatsapp sd-button share-icon no-text\" href=\"http:\/\/www.rtvnoticias.com.ar\/?p=24664&amp;share=jetpack-whatsapp\" target=\"_blank\" title=\"Haz clic para compartir en WhatsApp\"><span><\/span><span class=\"sharing-screen-reader-text\">Haz clic para compartir en WhatsApp (Se abre en una ventana nueva)<\/span><\/a><\/li><li class=\"share-telegram\"><a rel=\"nofollow noopener noreferrer\" data-shared=\"\" class=\"share-telegram sd-button share-icon no-text\" href=\"http:\/\/www.rtvnoticias.com.ar\/?p=24664&amp;share=telegram\" target=\"_blank\" title=\"Haz clic para compartir en Telegram\"><span><\/span><span class=\"sharing-screen-reader-text\">Haz clic para compartir en Telegram (Se abre en una ventana nueva)<\/span><\/a><\/li><li class=\"share-end\"><\/li><\/ul><\/div><\/div><\/div>","protected":false},"excerpt":{"rendered":"<p>As\u00ed lo estableci\u00f3 el Gobierno nacional con el fin de promover la actividad, una de las m\u00e1s castigas por las restricciones impuestas por la pandemia<\/p>\n<div class=\"sharedaddy sd-sharing-enabled\"><div class=\"robots-nocontent sd-block sd-social sd-social-icon sd-sharing\"><h3 class=\"sd-title\">Comparte esto:<\/h3><div class=\"sd-content\"><ul><li class=\"share-twitter\"><a rel=\"nofollow noopener noreferrer\" data-shared=\"sharing-twitter-24664\" class=\"share-twitter sd-button share-icon no-text\" href=\"http:\/\/www.rtvnoticias.com.ar\/?p=24664&amp;share=twitter\" target=\"_blank\" title=\"Haz clic para compartir en Twitter\"><span><\/span><span class=\"sharing-screen-reader-text\">Haz clic para compartir en Twitter (Se abre en una ventana nueva)<\/span><\/a><\/li><li class=\"share-facebook\"><a rel=\"nofollow noopener noreferrer\" data-shared=\"sharing-facebook-24664\" class=\"share-facebook sd-button share-icon no-text\" href=\"http:\/\/www.rtvnoticias.com.ar\/?p=24664&amp;share=facebook\" target=\"_blank\" title=\"Haz clic para compartir en Facebook\"><span><\/span><span class=\"sharing-screen-reader-text\">Haz clic para compartir en Facebook (Se abre en una ventana nueva)<\/span><\/a><\/li><li class=\"share-jetpack-whatsapp\"><a rel=\"nofollow noopener noreferrer\" data-shared=\"\" class=\"share-jetpack-whatsapp sd-button share-icon no-text\" href=\"http:\/\/www.rtvnoticias.com.ar\/?p=24664&amp;share=jetpack-whatsapp\" target=\"_blank\" title=\"Haz clic para compartir en WhatsApp\"><span><\/span><span class=\"sharing-screen-reader-text\">Haz clic para compartir en WhatsApp (Se abre en una ventana nueva)<\/span><\/a><\/li><li class=\"share-telegram\"><a rel=\"nofollow noopener noreferrer\" data-shared=\"\" class=\"share-telegram sd-button share-icon no-text\" href=\"http:\/\/www.rtvnoticias.com.ar\/?p=24664&amp;share=telegram\" target=\"_blank\" title=\"Haz clic para compartir en Telegram\"><span><\/span><span class=\"sharing-screen-reader-text\">Haz clic para compartir en Telegram (Se abre en una ventana nueva)<\/span><\/a><\/li><li class=\"share-end\"><\/li><\/ul><\/div><\/div><\/div>","protected":false},"author":7,"featured_media":24665,"comment_status":"closed","ping_status":"closed","sticky":false,"template":"","format":"standard","meta":{"spay_email":"","jetpack_publicize_message":"","jetpack_is_tweetstorm":false,"jetpack_publicize_feature_enabled":true},"categories":[1],"tags":[],"jetpack_featured_media_url":"http:\/\/www.rtvnoticias.com.ar\/wp-content\/uploads\/2020\/11\/iguazu-cataratas-brasil_1745497145.jpg","jetpack_publicize_connections":[],"jetpack_sharing_enabled":true,"_links":{"self":[{"href":"http:\/\/www.rtvnoticias.com.ar\/index.php?rest_route=\/wp\/v2\/posts\/24664"}],"collection":[{"href":"http:\/\/www.rtvnoticias.com.ar\/index.php?rest_route=\/wp\/v2\/posts"}],"about":[{"href":"http:\/\/www.rtvnoticias.com.ar\/index.php?rest_route=\/wp\/v2\/types\/post"}],"author":[{"embeddable":true,"href":"http:\/\/www.rtvnoticias.com.ar\/index.php?rest_route=\/wp\/v2\/users\/7"}],"replies":[{"embeddable":true,"href":"http:\/\/www.rtvnoticias.com.ar\/index.php?rest_route=%2Fwp%2Fv2%2Fcomments&post=24664"}],"version-history":[{"count":1,"href":"http:\/\/www.rtvnoticias.com.ar\/index.php?rest_route=\/wp\/v2\/posts\/24664\/revisions"}],"predecessor-version":[{"id":24666,"href":"http:\/\/www.rtvnoticias.com.ar\/index.php?rest_route=\/wp\/v2\/posts\/24664\/revisions\/24666"}],"wp:featuredmedia":[{"embeddable":true,"href":"http:\/\/www.rtvnoticias.com.ar\/index.php?rest_route=\/wp\/v2\/media\/24665"}],"wp:attachment":[{"href":"http:\/\/www.rtvnoticias.com.ar\/index.php?rest_route=%2Fwp%2Fv2%2Fmedia&parent=24664"}],"wp:term":[{"taxonomy":"category","embeddable":true,"href":"http:\/\/www.rtvnoticias.com.ar\/index.php?rest_route=%2Fwp%2Fv2%2Fcategories&post=24664"},{"taxonomy":"post_tag","embeddable":true,"href":"http:\/\/www.rtvnoticias.com.ar\/index.php?rest_route=%2Fwp%2Fv2%2Ftags&post=24664"}],"curies":[{"name":"wp","href":"https:\/\/api.w.org\/{rel}","templated":true}]}}