{"id":24667,"date":"2020-11-27T17:52:14","date_gmt":"2020-11-27T20:52:14","guid":{"rendered":"http:\/\/www.rtvnoticias.com.ar\/?p=24667"},"modified":"2020-11-27T17:52:17","modified_gmt":"2020-11-27T20:52:17","slug":"salvemos-las-dos-vidas-se-movilizan-manana-en-todo-el-pais-en-contra-del-aborto","status":"publish","type":"post","link":"http:\/\/www.rtvnoticias.com.ar\/?p=24667","title":{"rendered":"\u201cSalvemos las dos vidas\u201d se movilizan ma\u00f1ana en todo el pa\u00eds en contra del aborto"},"content":{"rendered":"\n<p style=\"text-align:center\"><strong>Los sectores contrarios a la legalizaci\u00f3n del aborto, entre ellos la Iglesia cat\u00f3lica, la evang\u00e9lica y organizaciones de la sociedad civil, realizar\u00e1n ma\u00f1ana su primera acci\u00f3n conjunta, con marchas y caravanas en todo el pa\u00eds, para expresar su rechazo al proyecto enviado por el Gobierno Nacional al Congreso.<\/strong><\/p>\n\n\n\n<p>En la Ciudad de Buenos Aires, la convocatoria es a las 15 horas frente al Congreso Nacional, donde la semana pr\u00f3xima comenzar\u00e1 el tratamiento del proyecto en la C\u00e1mara de Diputados, mientras que las manifestaciones se replicar\u00e1n en las principales capitales provinciales.<\/p>\n\n\n\n<p>Los organizadores de la marcha informaron que se realizar\u00e1 con \u201clas medidas de prevenci\u00f3n necesarias, con tapabocas y guardando distancia\u201d entre los manifestantes, en el marco de la etapa de distanciamiento social, preventivo y obligatorio por la pandemia de coronavirus.<\/p>\n\n\n\n<p>Entre las organizaciones convocantes se encuentra la Unidad Provida, que nuclea a m\u00e1s de 150 organizaciones de la sociedad civil. En sus redes sociales y bajo el hashtag #LaMayor\u00edaCeleste, indican que algunos manifestantes se congregar\u00e1n a las 14 en el Obelisco para marchar desde all\u00ed hacia el Congreso, e invitan a llevar pa\u00f1uelos celestes y banderas argentinas.<\/p>\n\n\n\n<p><strong> \u201cA favor del derecho humano a la vida de toda persona\u201d<br><\/strong> Desde la Comisi\u00f3n Episcopal para la Vida, los Laicos y la Familia, que encabeza monse\u00f1or Pedro Laxague, alentaron \u201cfervientemente\u201d a participar de la manifestaci\u00f3n \u201ca favor del derecho humano a la vida de toda persona garantizado en la misma Constituci\u00f3n nacional\u201d, seg\u00fan un comunicado.<\/p>\n\n\n\n<p>Por su parte, la Alianza Cristiana de Iglesias Evang\u00e9licas (Aciera), que nuclea a las comunidades evang\u00e9licas y que tienen un alto poder de convocatoria, tambi\u00e9n se sumaron a la convocatoria para marchar ma\u00f1ana en contra del aborto.<\/p>\n<div class=\"sharedaddy sd-sharing-enabled\"><div class=\"robots-nocontent sd-block sd-social sd-social-icon sd-sharing\"><h3 class=\"sd-title\">Comparte esto:<\/h3><div class=\"sd-content\"><ul><li class=\"share-twitter\"><a rel=\"nofollow noopener noreferrer\" data-shared=\"sharing-twitter-24667\" class=\"share-twitter sd-button share-icon no-text\" href=\"http:\/\/www.rtvnoticias.com.ar\/?p=24667&amp;share=twitter\" target=\"_blank\" title=\"Haz clic para compartir en Twitter\"><span><\/span><span class=\"sharing-screen-reader-text\">Haz clic para compartir en Twitter (Se abre en una ventana nueva)<\/span><\/a><\/li><li class=\"share-facebook\"><a rel=\"nofollow noopener noreferrer\" data-shared=\"sharing-facebook-24667\" class=\"share-facebook sd-button share-icon no-text\" href=\"http:\/\/www.rtvnoticias.com.ar\/?p=24667&amp;share=facebook\" target=\"_blank\" title=\"Haz clic para compartir en Facebook\"><span><\/span><span class=\"sharing-screen-reader-text\">Haz clic para compartir en Facebook (Se abre en una ventana nueva)<\/span><\/a><\/li><li class=\"share-jetpack-whatsapp\"><a rel=\"nofollow noopener noreferrer\" data-shared=\"\" class=\"share-jetpack-whatsapp sd-button share-icon no-text\" href=\"http:\/\/www.rtvnoticias.com.ar\/?p=24667&amp;share=jetpack-whatsapp\" target=\"_blank\" title=\"Haz clic para compartir en WhatsApp\"><span><\/span><span class=\"sharing-screen-reader-text\">Haz clic para compartir en WhatsApp (Se abre en una ventana nueva)<\/span><\/a><\/li><li class=\"share-telegram\"><a rel=\"nofollow noopener noreferrer\" data-shared=\"\" class=\"share-telegram sd-button share-icon no-text\" href=\"http:\/\/www.rtvnoticias.com.ar\/?p=24667&amp;share=telegram\" target=\"_blank\" title=\"Haz clic para compartir en Telegram\"><span><\/span><span class=\"sharing-screen-reader-text\">Haz clic para compartir en Telegram (Se abre en una ventana nueva)<\/span><\/a><\/li><li class=\"share-end\"><\/li><\/ul><\/div><\/div><\/div>","protected":false},"excerpt":{"rendered":"<p>Los sectores contrarios a la legalizaci\u00f3n del aborto, entre ellos la Iglesia cat\u00f3lica, la evang\u00e9lica y organizaciones de la sociedad civil, realizar\u00e1n ma\u00f1ana su primera<\/p>\n<div class=\"sharedaddy sd-sharing-enabled\"><div class=\"robots-nocontent sd-block sd-social sd-social-icon sd-sharing\"><h3 class=\"sd-title\">Comparte esto:<\/h3><div class=\"sd-content\"><ul><li class=\"share-twitter\"><a rel=\"nofollow noopener noreferrer\" data-shared=\"sharing-twitter-24667\" class=\"share-twitter sd-button share-icon no-text\" href=\"http:\/\/www.rtvnoticias.com.ar\/?p=24667&amp;share=twitter\" target=\"_blank\" title=\"Haz clic para compartir en Twitter\"><span><\/span><span class=\"sharing-screen-reader-text\">Haz clic para compartir en Twitter (Se abre en una ventana nueva)<\/span><\/a><\/li><li class=\"share-facebook\"><a rel=\"nofollow noopener noreferrer\" data-shared=\"sharing-facebook-24667\" class=\"share-facebook sd-button share-icon no-text\" href=\"http:\/\/www.rtvnoticias.com.ar\/?p=24667&amp;share=facebook\" target=\"_blank\" title=\"Haz clic para compartir en Facebook\"><span><\/span><span class=\"sharing-screen-reader-text\">Haz clic para compartir en Facebook (Se abre en una ventana nueva)<\/span><\/a><\/li><li class=\"share-jetpack-whatsapp\"><a rel=\"nofollow noopener noreferrer\" data-shared=\"\" class=\"share-jetpack-whatsapp sd-button share-icon no-text\" href=\"http:\/\/www.rtvnoticias.com.ar\/?p=24667&amp;share=jetpack-whatsapp\" target=\"_blank\" title=\"Haz clic para compartir en WhatsApp\"><span><\/span><span class=\"sharing-screen-reader-text\">Haz clic para compartir en WhatsApp (Se abre en una ventana nueva)<\/span><\/a><\/li><li class=\"share-telegram\"><a rel=\"nofollow noopener noreferrer\" data-shared=\"\" class=\"share-telegram sd-button share-icon no-text\" href=\"http:\/\/www.rtvnoticias.com.ar\/?p=24667&amp;share=telegram\" target=\"_blank\" title=\"Haz clic para compartir en Telegram\"><span><\/span><span class=\"sharing-screen-reader-text\">Haz clic para compartir en Telegram (Se abre en una ventana nueva)<\/span><\/a><\/li><li class=\"share-end\"><\/li><\/ul><\/div><\/div><\/div>","protected":false},"author":7,"featured_media":24668,"comment_status":"closed","ping_status":"closed","sticky":false,"template":"","format":"standard","meta":{"spay_email":"","jetpack_publicize_message":"","jetpack_is_tweetstorm":false,"jetpack_publicize_feature_enabled":true},"categories":[1],"tags":[],"jetpack_featured_media_url":"http:\/\/www.rtvnoticias.com.ar\/wp-content\/uploads\/2020\/11\/dosvidas.jpg","jetpack_publicize_connections":[],"jetpack_sharing_enabled":true,"_links":{"self":[{"href":"http:\/\/www.rtvnoticias.com.ar\/index.php?rest_route=\/wp\/v2\/posts\/24667"}],"collection":[{"href":"http:\/\/www.rtvnoticias.com.ar\/index.php?rest_route=\/wp\/v2\/posts"}],"about":[{"href":"http:\/\/www.rtvnoticias.com.ar\/index.php?rest_route=\/wp\/v2\/types\/post"}],"author":[{"embeddable":true,"href":"http:\/\/www.rtvnoticias.com.ar\/index.php?rest_route=\/wp\/v2\/users\/7"}],"replies":[{"embeddable":true,"href":"http:\/\/www.rtvnoticias.com.ar\/index.php?rest_route=%2Fwp%2Fv2%2Fcomments&post=24667"}],"version-history":[{"count":1,"href":"http:\/\/www.rtvnoticias.com.ar\/index.php?rest_route=\/wp\/v2\/posts\/24667\/revisions"}],"predecessor-version":[{"id":24669,"href":"http:\/\/www.rtvnoticias.com.ar\/index.php?rest_route=\/wp\/v2\/posts\/24667\/revisions\/24669"}],"wp:featuredmedia":[{"embeddable":true,"href":"http:\/\/www.rtvnoticias.com.ar\/index.php?rest_route=\/wp\/v2\/media\/24668"}],"wp:attachment":[{"href":"http:\/\/www.rtvnoticias.com.ar\/index.php?rest_route=%2Fwp%2Fv2%2Fmedia&parent=24667"}],"wp:term":[{"taxonomy":"category","embeddable":true,"href":"http:\/\/www.rtvnoticias.com.ar\/index.php?rest_route=%2Fwp%2Fv2%2Fcategories&post=24667"},{"taxonomy":"post_tag","embeddable":true,"href":"http:\/\/www.rtvnoticias.com.ar\/index.php?rest_route=%2Fwp%2Fv2%2Ftags&post=24667"}],"curies":[{"name":"wp","href":"https:\/\/api.w.org\/{rel}","templated":true}]}}