{"id":24673,"date":"2020-11-27T18:02:55","date_gmt":"2020-11-27T21:02:55","guid":{"rendered":"http:\/\/www.rtvnoticias.com.ar\/?p=24673"},"modified":"2020-11-27T18:02:58","modified_gmt":"2020-11-27T21:02:58","slug":"ziliotto-firmo-convenios-con-10-intendentes-para-la-construccion-de-viviendas","status":"publish","type":"post","link":"http:\/\/www.rtvnoticias.com.ar\/?p=24673","title":{"rendered":"Ziliotto firm\u00f3 convenios con 10 Intendentes para la construcci\u00f3n de viviendas"},"content":{"rendered":"\n<p>El mandatario pampeano afirm\u00f3 que \u201cse trata del puntapi\u00e9\u00a0 inicial para cumplir el sue\u00f1o de 1000 familias. Queremos empezar lo antes posible a dar soluciones, porque la inscripci\u00f3n de tantos pampeanos nos exige respuestas r\u00e1pidas y estamos convencidos que donde hay una necesidad existe un derecho\u201d.<br><\/p>\n\n\n\n<p>El acto tuvo lugar en Trenel, en donde el mandatario pampeano estuvo acompa\u00f1ado por el secretario de Asuntos Municipales, Rogelio Schanton; el presidente del Instituto Provincial de la Vivienda, Jorge Lezcano; el intendente anfitri\u00f3n, Horacio Lorenzo, los jefes comunales de las localidades firmantes, las diputadas provinciales Alicia Mayoral, Silvina Larreta, Liliana Caimari y sus pares Julio Gonz\u00e1lez y Mart\u00edn Balsa.<br><\/p>\n\n\n\n<p>El convenio prev\u00e9 que el Gobierno provincial aporte el 100%\u00a0 de los recursos econ\u00f3micos, en tanto que los municipios ser\u00e1n los ejecutores de las viviendas.\u00a0<br><\/p>\n\n\n\n<p>Las localidades firmantes fueron Alta Italia (5 viviendas),\u00a0 Arata (6), Conhelo (4) , Embajador Martini (6), Hilario Lagos (4), Lonquimay (8), Miguel Riglos (10), Rancul (8), Trenel (10) y Villa Mirasol (4).\u00a0<br><\/p>\n\n\n\n<p>Ziliotto destac\u00f3 que \u201ctrabajar con los intendentes nos da mucha tranquilidad. No s\u00f3lo en la parte constructiva sino tambi\u00e9n en el otorgamiento, porque ellos son los que mejor conocen las necesidades y son quienes mejor van a saber determinar los beneficiarios\u201d.<br><\/p>\n\n\n\n<p>Indic\u00f3 que el Programa Provincial de Viviendas \u201cse ha internalizado desde el a\u00f1o 2017, cuando el gobernador Carlos Verna resolvi\u00f3 que hab\u00eda que tomar decisiones porque no est\u00e1bamos teniendo respuestas del Gobierno nacional y la gente ten\u00eda necesidades\u201d.<br><\/p>\n\n\n\n<p>\u201cEl mayor orgullo &#8211; agreg\u00f3- es seguir avanzando en un Programa bien nuestro que tiene las presencia del Estado y el trabajo mancomunado con cada uno de los intendentes m\u00e1s all\u00e1 de la pertenencia partidaria. <\/p>\n\n\n\n<p>Demostramos que los municipios y el sector p\u00fablico pueden ser eficientes. Pero tambi\u00e9n debemos acudir a la solidaridad de los adjudicatarios, quienes tienen su casa por el esfuerzo de los pampeanos y deben contribuir para que m\u00e1s familias puedan tenerla\u201d.<br><\/p>\n\n\n\n<p>Tambi\u00e9n destac\u00f3 el acompa\u00f1amiento de los diputados, \u201choy est\u00e1n ac\u00e1 los de mi Partido demostrando que somos un bloque, que compartimos un proyecto pol\u00edtico, y que todas las iniciativas tienen un objetivo claro que es el cumplimiento de las promesas en el proceso electoral y la reivindicaci\u00f3n de la pol\u00edtica. Porque es la \u00fanica herramienta, es la \u00fanica que le cambia la vida a la gente y cumpliendo con la nuestra vamos obteniendo un pa\u00eds y una provincia m\u00e1s justa\u201d.<br><\/p>\n\n\n\n<p><strong>Palabras de Jorge Lezcano<\/strong><br>El presidente del Instituto Provincial de la Vivienda, Jorge Lezcano, calific\u00f3 el hecho como \u201ctrascendente porque venimos a hablar de un bien social como lo es la vivienda y m\u00e1s pensando en esta asociaci\u00f3n que se profundiza en esta firma con cada uno de los municipios. No estamos m\u00e1s que cumpliendo con el anuncio que hizo el gobernador Sergio Ziliotto el 1 de marzo, y es la continuidad de un programa que empez\u00f3 el gobierno de Carlos Verna, hoy seguimos avanzando llev\u00e1ndole dignidad a las familias a partir de la obtenci\u00f3n de su techo propio\u201d.<br><\/p>\n\n\n\n<p><strong>Conceptos del intendente Horacio Lorenzo<\/strong><br>El jefe comunal de Trenel agradeci\u00f3 la presencia del Gobernador por \u201ceste hecho tan importante como es para cada uno de los intendentes la construcci\u00f3n de viviendas\u201d.<br><\/p>\n\n\n\n<p>\u201cTenemos un Gobierno nacional que nos marca una l\u00ednea y esa l\u00ednea tambi\u00e9n la adopta el Gobierno de La Pampa haciendo que los intendentes vayamos en esa direcci\u00f3n: generando trabajo, generando inclusi\u00f3n y pudiendo, como en este caso, dar un techo digno en estas \u00e9pocas en donde es tan dif\u00edcil acceder a la vivienda propia\u201d, concluy\u00f3. <\/p>\n<div class=\"sharedaddy sd-sharing-enabled\"><div class=\"robots-nocontent sd-block sd-social sd-social-icon sd-sharing\"><h3 class=\"sd-title\">Comparte esto:<\/h3><div class=\"sd-content\"><ul><li class=\"share-twitter\"><a rel=\"nofollow noopener noreferrer\" data-shared=\"sharing-twitter-24673\" class=\"share-twitter sd-button share-icon no-text\" href=\"http:\/\/www.rtvnoticias.com.ar\/?p=24673&amp;share=twitter\" target=\"_blank\" title=\"Haz clic para compartir en Twitter\"><span><\/span><span class=\"sharing-screen-reader-text\">Haz clic para compartir en Twitter (Se abre en una ventana nueva)<\/span><\/a><\/li><li class=\"share-facebook\"><a rel=\"nofollow noopener noreferrer\" data-shared=\"sharing-facebook-24673\" class=\"share-facebook sd-button share-icon no-text\" href=\"http:\/\/www.rtvnoticias.com.ar\/?p=24673&amp;share=facebook\" target=\"_blank\" title=\"Haz clic para compartir en Facebook\"><span><\/span><span class=\"sharing-screen-reader-text\">Haz clic para compartir en Facebook (Se abre en una ventana nueva)<\/span><\/a><\/li><li class=\"share-jetpack-whatsapp\"><a rel=\"nofollow noopener noreferrer\" data-shared=\"\" class=\"share-jetpack-whatsapp sd-button share-icon no-text\" href=\"http:\/\/www.rtvnoticias.com.ar\/?p=24673&amp;share=jetpack-whatsapp\" target=\"_blank\" title=\"Haz clic para compartir en WhatsApp\"><span><\/span><span class=\"sharing-screen-reader-text\">Haz clic para compartir en WhatsApp (Se abre en una ventana nueva)<\/span><\/a><\/li><li class=\"share-telegram\"><a rel=\"nofollow noopener noreferrer\" data-shared=\"\" class=\"share-telegram sd-button share-icon no-text\" href=\"http:\/\/www.rtvnoticias.com.ar\/?p=24673&amp;share=telegram\" target=\"_blank\" title=\"Haz clic para compartir en Telegram\"><span><\/span><span class=\"sharing-screen-reader-text\">Haz clic para compartir en Telegram (Se abre en una ventana nueva)<\/span><\/a><\/li><li class=\"share-end\"><\/li><\/ul><\/div><\/div><\/div>","protected":false},"excerpt":{"rendered":"<p>El mandatario pampeano afirm\u00f3 que \u201cse trata del puntapi\u00e9\u00a0 inicial para cumplir el sue\u00f1o de 1000 familias. Queremos empezar lo antes posible a dar soluciones,<\/p>\n<div class=\"sharedaddy sd-sharing-enabled\"><div class=\"robots-nocontent sd-block sd-social sd-social-icon sd-sharing\"><h3 class=\"sd-title\">Comparte esto:<\/h3><div class=\"sd-content\"><ul><li class=\"share-twitter\"><a rel=\"nofollow noopener noreferrer\" data-shared=\"sharing-twitter-24673\" class=\"share-twitter sd-button share-icon no-text\" href=\"http:\/\/www.rtvnoticias.com.ar\/?p=24673&amp;share=twitter\" target=\"_blank\" title=\"Haz clic para compartir en Twitter\"><span><\/span><span class=\"sharing-screen-reader-text\">Haz clic para compartir en Twitter (Se abre en una ventana nueva)<\/span><\/a><\/li><li class=\"share-facebook\"><a rel=\"nofollow noopener noreferrer\" data-shared=\"sharing-facebook-24673\" class=\"share-facebook sd-button share-icon no-text\" href=\"http:\/\/www.rtvnoticias.com.ar\/?p=24673&amp;share=facebook\" target=\"_blank\" title=\"Haz clic para compartir en Facebook\"><span><\/span><span class=\"sharing-screen-reader-text\">Haz clic para compartir en Facebook (Se abre en una ventana nueva)<\/span><\/a><\/li><li class=\"share-jetpack-whatsapp\"><a rel=\"nofollow noopener noreferrer\" data-shared=\"\" class=\"share-jetpack-whatsapp sd-button share-icon no-text\" href=\"http:\/\/www.rtvnoticias.com.ar\/?p=24673&amp;share=jetpack-whatsapp\" target=\"_blank\" title=\"Haz clic para compartir en WhatsApp\"><span><\/span><span class=\"sharing-screen-reader-text\">Haz clic para compartir en WhatsApp (Se abre en una ventana nueva)<\/span><\/a><\/li><li class=\"share-telegram\"><a rel=\"nofollow noopener noreferrer\" data-shared=\"\" class=\"share-telegram sd-button share-icon no-text\" href=\"http:\/\/www.rtvnoticias.com.ar\/?p=24673&amp;share=telegram\" target=\"_blank\" title=\"Haz clic para compartir en Telegram\"><span><\/span><span class=\"sharing-screen-reader-text\">Haz clic para compartir en Telegram (Se abre en una ventana nueva)<\/span><\/a><\/li><li class=\"share-end\"><\/li><\/ul><\/div><\/div><\/div>","protected":false},"author":7,"featured_media":24674,"comment_status":"closed","ping_status":"closed","sticky":false,"template":"","format":"standard","meta":{"spay_email":"","jetpack_publicize_message":"","jetpack_is_tweetstorm":false,"jetpack_publicize_feature_enabled":true},"categories":[4],"tags":[],"jetpack_featured_media_url":"http:\/\/www.rtvnoticias.com.ar\/wp-content\/uploads\/2020\/11\/convenio-ziliotto.jpg","jetpack_publicize_connections":[],"jetpack_sharing_enabled":true,"_links":{"self":[{"href":"http:\/\/www.rtvnoticias.com.ar\/index.php?rest_route=\/wp\/v2\/posts\/24673"}],"collection":[{"href":"http:\/\/www.rtvnoticias.com.ar\/index.php?rest_route=\/wp\/v2\/posts"}],"about":[{"href":"http:\/\/www.rtvnoticias.com.ar\/index.php?rest_route=\/wp\/v2\/types\/post"}],"author":[{"embeddable":true,"href":"http:\/\/www.rtvnoticias.com.ar\/index.php?rest_route=\/wp\/v2\/users\/7"}],"replies":[{"embeddable":true,"href":"http:\/\/www.rtvnoticias.com.ar\/index.php?rest_route=%2Fwp%2Fv2%2Fcomments&post=24673"}],"version-history":[{"count":1,"href":"http:\/\/www.rtvnoticias.com.ar\/index.php?rest_route=\/wp\/v2\/posts\/24673\/revisions"}],"predecessor-version":[{"id":24675,"href":"http:\/\/www.rtvnoticias.com.ar\/index.php?rest_route=\/wp\/v2\/posts\/24673\/revisions\/24675"}],"wp:featuredmedia":[{"embeddable":true,"href":"http:\/\/www.rtvnoticias.com.ar\/index.php?rest_route=\/wp\/v2\/media\/24674"}],"wp:attachment":[{"href":"http:\/\/www.rtvnoticias.com.ar\/index.php?rest_route=%2Fwp%2Fv2%2Fmedia&parent=24673"}],"wp:term":[{"taxonomy":"category","embeddable":true,"href":"http:\/\/www.rtvnoticias.com.ar\/index.php?rest_route=%2Fwp%2Fv2%2Fcategories&post=24673"},{"taxonomy":"post_tag","embeddable":true,"href":"http:\/\/www.rtvnoticias.com.ar\/index.php?rest_route=%2Fwp%2Fv2%2Ftags&post=24673"}],"curies":[{"name":"wp","href":"https:\/\/api.w.org\/{rel}","templated":true}]}}