{"id":24694,"date":"2020-11-29T21:39:10","date_gmt":"2020-11-30T00:39:10","guid":{"rendered":"http:\/\/www.rtvnoticias.com.ar\/?p=24694"},"modified":"2020-11-29T21:39:15","modified_gmt":"2020-11-30T00:39:15","slug":"charla-virtual-realizo-el-concejo-sobre-violencia-de-genero-y-proteccion-de-derechos","status":"publish","type":"post","link":"http:\/\/www.rtvnoticias.com.ar\/?p=24694","title":{"rendered":"Charla virtual realiz\u00f3 el Concejo sobre violencia de g\u00e9nero y protecci\u00f3n de derechos"},"content":{"rendered":"\n<p>El Concejo Deliberante de la ciudad de General Pico llev\u00f3 a cabo una propuesta en el marco de las actividades programadas por la Comisi\u00f3n Municipal de Pol\u00edticas de G\u00e9nero por el D\u00eda Internacional de la Eliminaci\u00f3n de la Violencia Contra la Mujer.<\/p>\n\n\n\n<p>La convocatoria fue virtual por el contexto de pandemia aunque en la sala de conferencia del nuevo edificio legislativo estuvo presente el presidente del cuerpo, Daniel L\u00f3pez, quien tuvo a cargo las palabras de apertura y recepci\u00f3n de la fiscala Ivana Hern\u00e1ndez y del Comisario Inspector Sergio Horacio Acu\u00f1a, quienes llevaron adelante las disertaciones. Tambi\u00e9n disert\u00f3 desde Santa Rosa Ignacio Dalgalarrondo, Coordinador de la oficina de asistencia a la v\u00edctima y al testigo.<\/p>\n\n\n\n<p>Desde la plataforma zoom esta propuesta cont\u00f3 con la presencia de representantes de m\u00faltiples organizaciones gubernamentales y no gubernamentales, que una vez finalizadas las ponencias abrieron el debate y la participaci\u00f3n en t\u00e9rminos del abordaje y contenci\u00f3n que realizan las instituciones locales a las v\u00edctimas de violencia de g\u00e9nero.<\/p>\n\n\n\n<p>Daniel L\u00f3pez agradeci\u00f3 el compromiso y participaci\u00f3n de quienes tuvieron a cargo el contenido que gir\u00f3 en torno del trabajo de la seguridad y la justicia en materia de violencia de g\u00e9nero en el contexto de pandemia. \u201cGracias Ivana, Sergio, Ignacio por su compromiso, por sumarse a esta actividad que surge de la participaci\u00f3n que tiene este Concejo en las reuniones de la Comisi\u00f3n Municipal de Pol\u00edticas de G\u00e9nero\u201d, sostuvo el vice intendente.<\/p>\n\n\n\n<p>Y agreg\u00f3 \u201cagradezco adem\u00e1s la presencia de concejales, concejalas, de la presidenta de la comisi\u00f3n de G\u00e9neros y Diversidad que fue impulsada desde esta gesti\u00f3n, porque consideramos fundamental el tratamiento espec\u00edfico de estos temas dentro del espacio legislativo\u201d.<\/p>\n\n\n\n<p>El agradecimiento adem\u00e1s se hizo extensivo a funcionarias y funcionarios del Ejecutivo, a la intendenta Fernanda Alonso, quien tambi\u00e9n particip\u00f3 y a los y las referentes de las organizaciones que participan activamente en erradicar la violencia contra la mujer.<\/p>\n\n\n\n<p>\u201cEl 25 de noviembre se conmemor\u00f3 el D\u00eda Internacional de la Eliminaci\u00f3n de la Violencia Contra la Mujer, una problem\u00e1tica que se ha profundizado en este contexto lamentable que nos toca vivir\u201d, sostuvo el presidente del Concejo local.<\/p>\n\n\n\n<p>A su vez agreg\u00f3 que \u201cdesde hace a\u00f1os y en distintos espacios &nbsp;venimos planificando y generando acciones preventivas y promocionales. No quedan dudas que tanto en la agenda p\u00fablica, tanto nacional, como provincial y municipal las pol\u00edticas de g\u00e9nero, la perspectiva de g\u00e9nero y la eliminaci\u00f3n de todo tipo de violencia contra la mujer deben ser prioridad para el Estado, todos los d\u00edas y con planificaci\u00f3n, llevando adelante acciones sostenibles, transversales a todas las \u00e1reas y fundamentalmente en el abordaje y protecci\u00f3n de v\u00edctimas de violencia\u201d.<\/p>\n\n\n\n<p>\u201cTodo esto debe fortalecerse de manera interdisciplinaria, vincularse todos y todas, con planes y programas, profundizando el trabajo de la ruta cr\u00edtica, organismos p\u00fablicos, organizaciones sociales y todos los actores principales deben integrarse para trabajar de manera conjunta y coordinada\u201d, sentenci\u00f3 Daniel L\u00f3pez.<\/p>\n<div class=\"sharedaddy sd-sharing-enabled\"><div class=\"robots-nocontent sd-block sd-social sd-social-icon sd-sharing\"><h3 class=\"sd-title\">Comparte esto:<\/h3><div class=\"sd-content\"><ul><li class=\"share-twitter\"><a rel=\"nofollow noopener noreferrer\" data-shared=\"sharing-twitter-24694\" class=\"share-twitter sd-button share-icon no-text\" href=\"http:\/\/www.rtvnoticias.com.ar\/?p=24694&amp;share=twitter\" target=\"_blank\" title=\"Haz clic para compartir en Twitter\"><span><\/span><span class=\"sharing-screen-reader-text\">Haz clic para compartir en Twitter (Se abre en una ventana nueva)<\/span><\/a><\/li><li class=\"share-facebook\"><a rel=\"nofollow noopener noreferrer\" data-shared=\"sharing-facebook-24694\" class=\"share-facebook sd-button share-icon no-text\" href=\"http:\/\/www.rtvnoticias.com.ar\/?p=24694&amp;share=facebook\" target=\"_blank\" title=\"Haz clic para compartir en Facebook\"><span><\/span><span class=\"sharing-screen-reader-text\">Haz clic para compartir en Facebook (Se abre en una ventana nueva)<\/span><\/a><\/li><li class=\"share-jetpack-whatsapp\"><a rel=\"nofollow noopener noreferrer\" data-shared=\"\" class=\"share-jetpack-whatsapp sd-button share-icon no-text\" href=\"http:\/\/www.rtvnoticias.com.ar\/?p=24694&amp;share=jetpack-whatsapp\" target=\"_blank\" title=\"Haz clic para compartir en WhatsApp\"><span><\/span><span class=\"sharing-screen-reader-text\">Haz clic para compartir en WhatsApp (Se abre en una ventana nueva)<\/span><\/a><\/li><li class=\"share-telegram\"><a rel=\"nofollow noopener noreferrer\" data-shared=\"\" class=\"share-telegram sd-button share-icon no-text\" href=\"http:\/\/www.rtvnoticias.com.ar\/?p=24694&amp;share=telegram\" target=\"_blank\" title=\"Haz clic para compartir en Telegram\"><span><\/span><span class=\"sharing-screen-reader-text\">Haz clic para compartir en Telegram (Se abre en una ventana nueva)<\/span><\/a><\/li><li class=\"share-end\"><\/li><\/ul><\/div><\/div><\/div>","protected":false},"excerpt":{"rendered":"<p>El Concejo Deliberante de la ciudad de General Pico llev\u00f3 a cabo una propuesta en el marco de las actividades programadas por la Comisi\u00f3n Municipal<\/p>\n<div class=\"sharedaddy sd-sharing-enabled\"><div class=\"robots-nocontent sd-block sd-social sd-social-icon sd-sharing\"><h3 class=\"sd-title\">Comparte esto:<\/h3><div class=\"sd-content\"><ul><li class=\"share-twitter\"><a rel=\"nofollow noopener noreferrer\" data-shared=\"sharing-twitter-24694\" class=\"share-twitter sd-button share-icon no-text\" href=\"http:\/\/www.rtvnoticias.com.ar\/?p=24694&amp;share=twitter\" target=\"_blank\" title=\"Haz clic para compartir en Twitter\"><span><\/span><span class=\"sharing-screen-reader-text\">Haz clic para compartir en Twitter (Se abre en una ventana nueva)<\/span><\/a><\/li><li class=\"share-facebook\"><a rel=\"nofollow noopener noreferrer\" data-shared=\"sharing-facebook-24694\" class=\"share-facebook sd-button share-icon no-text\" href=\"http:\/\/www.rtvnoticias.com.ar\/?p=24694&amp;share=facebook\" target=\"_blank\" title=\"Haz clic para compartir en Facebook\"><span><\/span><span class=\"sharing-screen-reader-text\">Haz clic para compartir en Facebook (Se abre en una ventana nueva)<\/span><\/a><\/li><li class=\"share-jetpack-whatsapp\"><a rel=\"nofollow noopener noreferrer\" data-shared=\"\" class=\"share-jetpack-whatsapp sd-button share-icon no-text\" href=\"http:\/\/www.rtvnoticias.com.ar\/?p=24694&amp;share=jetpack-whatsapp\" target=\"_blank\" title=\"Haz clic para compartir en WhatsApp\"><span><\/span><span class=\"sharing-screen-reader-text\">Haz clic para compartir en WhatsApp (Se abre en una ventana nueva)<\/span><\/a><\/li><li class=\"share-telegram\"><a rel=\"nofollow noopener noreferrer\" data-shared=\"\" class=\"share-telegram sd-button share-icon no-text\" href=\"http:\/\/www.rtvnoticias.com.ar\/?p=24694&amp;share=telegram\" target=\"_blank\" title=\"Haz clic para compartir en Telegram\"><span><\/span><span class=\"sharing-screen-reader-text\">Haz clic para compartir en Telegram (Se abre en una ventana nueva)<\/span><\/a><\/li><li class=\"share-end\"><\/li><\/ul><\/div><\/div><\/div>","protected":false},"author":7,"featured_media":24695,"comment_status":"closed","ping_status":"closed","sticky":false,"template":"","format":"standard","meta":{"spay_email":"","jetpack_publicize_message":"","jetpack_is_tweetstorm":false,"jetpack_publicize_feature_enabled":true},"categories":[3],"tags":[3584],"jetpack_featured_media_url":"http:\/\/www.rtvnoticias.com.ar\/wp-content\/uploads\/2020\/11\/concejo-charla.jpg","jetpack_publicize_connections":[],"jetpack_sharing_enabled":true,"_links":{"self":[{"href":"http:\/\/www.rtvnoticias.com.ar\/index.php?rest_route=\/wp\/v2\/posts\/24694"}],"collection":[{"href":"http:\/\/www.rtvnoticias.com.ar\/index.php?rest_route=\/wp\/v2\/posts"}],"about":[{"href":"http:\/\/www.rtvnoticias.com.ar\/index.php?rest_route=\/wp\/v2\/types\/post"}],"author":[{"embeddable":true,"href":"http:\/\/www.rtvnoticias.com.ar\/index.php?rest_route=\/wp\/v2\/users\/7"}],"replies":[{"embeddable":true,"href":"http:\/\/www.rtvnoticias.com.ar\/index.php?rest_route=%2Fwp%2Fv2%2Fcomments&post=24694"}],"version-history":[{"count":1,"href":"http:\/\/www.rtvnoticias.com.ar\/index.php?rest_route=\/wp\/v2\/posts\/24694\/revisions"}],"predecessor-version":[{"id":24696,"href":"http:\/\/www.rtvnoticias.com.ar\/index.php?rest_route=\/wp\/v2\/posts\/24694\/revisions\/24696"}],"wp:featuredmedia":[{"embeddable":true,"href":"http:\/\/www.rtvnoticias.com.ar\/index.php?rest_route=\/wp\/v2\/media\/24695"}],"wp:attachment":[{"href":"http:\/\/www.rtvnoticias.com.ar\/index.php?rest_route=%2Fwp%2Fv2%2Fmedia&parent=24694"}],"wp:term":[{"taxonomy":"category","embeddable":true,"href":"http:\/\/www.rtvnoticias.com.ar\/index.php?rest_route=%2Fwp%2Fv2%2Fcategories&post=24694"},{"taxonomy":"post_tag","embeddable":true,"href":"http:\/\/www.rtvnoticias.com.ar\/index.php?rest_route=%2Fwp%2Fv2%2Ftags&post=24694"}],"curies":[{"name":"wp","href":"https:\/\/api.w.org\/{rel}","templated":true}]}}