{"id":24697,"date":"2020-11-29T21:44:47","date_gmt":"2020-11-30T00:44:47","guid":{"rendered":"http:\/\/www.rtvnoticias.com.ar\/?p=24697"},"modified":"2020-11-29T21:44:52","modified_gmt":"2020-11-30T00:44:52","slug":"coronavirus-56-nuevos-positivos-en-la-provincia-5-510-personas-aisladas","status":"publish","type":"post","link":"http:\/\/www.rtvnoticias.com.ar\/?p=24697","title":{"rendered":"Coronavirus: 56 nuevos positivos en la provincia. 5.510 personas aisladas"},"content":{"rendered":"\n<p>El Gobierno de la provincia de La Pampa a trav\u00e9s del Ministerio de Salud comunica que en horas de la tarde del d\u00eda 29 de noviembre, se finaliz\u00f3 con el procesamiento de 240 muestras analizadas en los laboratorios de la Direcci\u00f3n de Epidemiolog\u00eda y del hospital Gobernador Centeno y Lucio Molas, como as\u00ed tambi\u00e9n en los diferentes Centros de Salud que analizan test de ant\u00edgenos, de las cuales 56 resultaron positivas para COVID-19.\u00a0<\/p>\n\n\n\n<p>De ellos 26 residen en Santa Rosa, 1 en General Pico, 11 en Guatrach\u00e9, 5 en 25 de\u00a0 mayo, 4 en Realic\u00f3, 2 en Lonquimay, 2 en Puel\u00e9n, 1 en Victorica, 1 en General Acha, 1 en Arata, 1 en Luiggi, 1 en Toay.<\/p>\n\n\n\n<figure class=\"wp-block-image\"><img data-attachment-id=\"24698\" data-permalink=\"http:\/\/www.rtvnoticias.com.ar\/?attachment_id=24698\" data-orig-file=\"http:\/\/www.rtvnoticias.com.ar\/wp-content\/uploads\/2020\/11\/covid-29nov.jpg\" data-orig-size=\"600,480\" data-comments-opened=\"0\" data-image-meta=\"{&quot;aperture&quot;:&quot;0&quot;,&quot;credit&quot;:&quot;&quot;,&quot;camera&quot;:&quot;&quot;,&quot;caption&quot;:&quot;&quot;,&quot;created_timestamp&quot;:&quot;0&quot;,&quot;copyright&quot;:&quot;&quot;,&quot;focal_length&quot;:&quot;0&quot;,&quot;iso&quot;:&quot;0&quot;,&quot;shutter_speed&quot;:&quot;0&quot;,&quot;title&quot;:&quot;&quot;,&quot;orientation&quot;:&quot;0&quot;}\" data-image-title=\"covid-29nov\" data-image-description=\"\" data-image-caption=\"\" data-medium-file=\"http:\/\/www.rtvnoticias.com.ar\/wp-content\/uploads\/2020\/11\/covid-29nov-300x240.jpg\" data-large-file=\"http:\/\/www.rtvnoticias.com.ar\/wp-content\/uploads\/2020\/11\/covid-29nov.jpg\" decoding=\"async\" loading=\"lazy\" width=\"600\" height=\"480\" src=\"http:\/\/www.rtvnoticias.com.ar\/wp-content\/uploads\/2020\/11\/covid-29nov.jpg\" alt=\"\" class=\"wp-image-24698\" srcset=\"http:\/\/www.rtvnoticias.com.ar\/wp-content\/uploads\/2020\/11\/covid-29nov.jpg 600w, http:\/\/www.rtvnoticias.com.ar\/wp-content\/uploads\/2020\/11\/covid-29nov-300x240.jpg 300w\" sizes=\"(max-width: 600px) 100vw, 600px\" \/><\/figure>\n\n\n\n<p>De los 56 casos confirmados en la tarde de hoy, 39 se encontraban aislados por ser considerados contactos estrechos. Debido a la rapidez del diagn\u00f3stico por\u00a0 ant\u00edgenos (en media hora se otorga el resultado), a\u00fan se contin\u00faa desarrollando la investigaci\u00f3n epidemiol\u00f3gica de 17 casos.<\/p>\n\n\n\n<p><strong>Aclaraci\u00f3nsobrelacargadecasosconfirmadosenelReporteNacional<\/strong><\/p>\n\n\n\n<p>Es importante aclarar que existe una diferencia de casos confirmados entre el Reporte Provincial y el Nacional ya que se asisten y notifican pacientes que viven en otras provincias que tienen domicilio legal (el que figura en el DNI) en la provincia de La Pampa.<\/p>\n\n\n\n<p><strong>B\u00fasquedaActivaenColoniaMenonitayTestR\u00e1pidos<\/strong><\/p>\n\n\n\n<p>La estrategia de b\u00fasqueda activa con diagn\u00f3stico por ant\u00edgenos lleva entrevistados 23.776 ciudadanos. En el d\u00eda de hoy esta actividad continu\u00f3 en la Colonia Menonita, d\u00f3nde se avanz\u00f3 con el rastrillaje del predio, el cual debido a su gran extensi\u00f3n territorial y a su condici\u00f3n agreste, lleva tres d\u00edas de intenso trabajo. El mismo continuar\u00e1 en el d\u00eda de ma\u00f1ana.<\/p>\n\n\n\n<p>En el desarrollo de esta estrategia en terreno, desde el d\u00eda viernes y hasta el momento, se entrevistaron 700 personas con las que se intercambi\u00f3 informaci\u00f3n, de las cuales 107 presentaban s\u00edntomas y se les realiz\u00f3 el test r\u00e1pido. De ellas, 36 resultaron positivas. <\/p>\n\n\n\n<p>Desde el inicio del brote 46 son los casos confirmados\u00a0 residentes de la Colonia. Desde el Gobierno provincial se contin\u00faa\u00a0 trabajando\u00a0 para intentar controlar el brote.<\/p>\n\n\n\n<p><strong>Testr\u00e1pidos<\/strong><\/p>\n\n\n\n<p>Hospital de Victorica: 3\u00a0 test r\u00e1pidos\u00a0 negativos.<br>Colonia Menonita: 37\u00a0 test r\u00e1pidos, 10 positivos.<br>Hospital de Toay: 9 test r\u00e1pidos, 1 positivo.<br>Hospital de Realic\u00f3:\u00a0 9 test r\u00e1pidos, 3 positivo.<br>Hospital de Colonia Bar\u00f3n: 3 test r\u00e1pidos negativos.<br>Hospital Evita: 7 test r\u00e1pidos negativos.<br>Hospital de Luiggi: 3 test r\u00e1pidos, 1 positivo.<\/p>\n\n\n\n<p>De un total de 71 muestras analizadas por test de ant\u00edgenos en el d\u00eda, 15 resultaron positivas. Esas personas fueron autom\u00e1ticamente aisladas, al igual que sus contactos estrechos que est\u00e1n en seguimiento. Los diagn\u00f3sticos negativos ser\u00e1n analizados por la t\u00e9cnica de PCR.<\/p>\n\n\n\n<p><strong>Situaci\u00f3nProvincial<\/strong><\/p>\n\n\n\n<p>Desde el inicio de la pandemia, en nuestra provincia, se registraron un total 5643 casos positivos para COVID-19, de los cuales\u00a0 930 permanecen activos, 80 han fallecido y 4633 se han recuperado, entre estos \u00faltimos se encuentran,\u00a0 30 personas de Santa Rosa, 12 de General Pico, 4 de Toay, 2 de General Acha, 1 de Castex, 1 de Catril\u00f3, 1 de Realic\u00f3.<\/p>\n\n\n\n<p>Los casos confirmados activos est\u00e1n distribuidos de la siguiente manera:\u00a0 449 en la ciudad de Santa Rosa, 89 en General Pico, 82 en Guatrach\u00e9, 84 en 25 de mayo, 36 en Luiggi, 27 en Realic\u00f3, 22 en Colonia Bar\u00f3n, 20 en Toay, 13 en Castex, 12 en Catril\u00f3,\u00a0 9 en Alpachiri, 9 en La Maruja, 9 en Santa Isabel, 8 en Winifreda, 8 en General Acha, 7 en Uriburu, 5 en Alvear, 4 en Arata,\u00a0 4 en Trenel, 3 en Macach\u00edn, 3 en Metileo, 3 en Victorica, 3 en Quem\u00fa Quem\u00fa, 3 en Lonquimay,\u00a0 2 en Ataliva Roca,\u00a0 1 en Chacharramendi, 1 en Jacinto Arauz, 1 en Monte Nievas, 2 en Unanue, 1 en Gobernador\u00a0 Duval, 1 en Dorila, 2 en Puel\u00e9n, 2 en Quehu\u00e9, 2 en Speluzzi, 1 en General San Mart\u00edn, 1 en El Durazno y 1 en Santa Teresa.<\/p>\n\n\n\n<p>Al d\u00eda de la fecha se encuentran aisladas un total de 5510 personas en toda la provincia.<\/p>\n\n\n\n<p><strong>Personasinternadas<\/strong><\/p>\n\n\n\n<p>Se encuentran internadas 66 personas confirmadas para COVID-19. En General Pico 15 personas internadas, de ellos 10 en modulares y 5 en terapia intensiva. En (CEAR-Modulares) de Santa Rosa se encuentran internadas 29\u00a0 personas, de ellas 14 en cl\u00ednica m\u00e9dica,\u00a0 5 en terapia intensiva y 10 en modulares. En el Hospital Evita de Santa Rosa 6 personas internadas en cl\u00ednica m\u00e9dica. Y en el interior de la provincia se encuentran internados en cl\u00ednica m\u00e9dica:<br>Hospital de Guatrach\u00e9: 5 internado.<br>Hospital de Acha: 1 internados.<br>Hospital de Colonia Bar\u00f3n: 8 internados.<br>Hospital de Winifreda: 2 internados<\/p>\n\n\n\n<p><strong>Fallecidos<\/strong><\/p>\n\n\n\n<p>En el d\u00eda de la fecha y hasta el momento del cierre\u00a0 del parte diario no se\u00a0 han producido decesos.<br><\/p>\n<div class=\"sharedaddy sd-sharing-enabled\"><div class=\"robots-nocontent sd-block sd-social sd-social-icon sd-sharing\"><h3 class=\"sd-title\">Comparte esto:<\/h3><div class=\"sd-content\"><ul><li class=\"share-twitter\"><a rel=\"nofollow noopener noreferrer\" data-shared=\"sharing-twitter-24697\" class=\"share-twitter sd-button share-icon no-text\" href=\"http:\/\/www.rtvnoticias.com.ar\/?p=24697&amp;share=twitter\" target=\"_blank\" title=\"Haz clic para compartir en Twitter\"><span><\/span><span class=\"sharing-screen-reader-text\">Haz clic para compartir en Twitter (Se abre en una ventana nueva)<\/span><\/a><\/li><li class=\"share-facebook\"><a rel=\"nofollow noopener noreferrer\" data-shared=\"sharing-facebook-24697\" class=\"share-facebook sd-button share-icon no-text\" href=\"http:\/\/www.rtvnoticias.com.ar\/?p=24697&amp;share=facebook\" target=\"_blank\" title=\"Haz clic para compartir en Facebook\"><span><\/span><span class=\"sharing-screen-reader-text\">Haz clic para compartir en Facebook (Se abre en una ventana nueva)<\/span><\/a><\/li><li class=\"share-jetpack-whatsapp\"><a rel=\"nofollow noopener noreferrer\" data-shared=\"\" class=\"share-jetpack-whatsapp sd-button share-icon no-text\" href=\"http:\/\/www.rtvnoticias.com.ar\/?p=24697&amp;share=jetpack-whatsapp\" target=\"_blank\" title=\"Haz clic para compartir en WhatsApp\"><span><\/span><span class=\"sharing-screen-reader-text\">Haz clic para compartir en WhatsApp (Se abre en una ventana nueva)<\/span><\/a><\/li><li class=\"share-telegram\"><a rel=\"nofollow noopener noreferrer\" data-shared=\"\" class=\"share-telegram sd-button share-icon no-text\" href=\"http:\/\/www.rtvnoticias.com.ar\/?p=24697&amp;share=telegram\" target=\"_blank\" title=\"Haz clic para compartir en Telegram\"><span><\/span><span class=\"sharing-screen-reader-text\">Haz clic para compartir en Telegram (Se abre en una ventana nueva)<\/span><\/a><\/li><li class=\"share-end\"><\/li><\/ul><\/div><\/div><\/div>","protected":false},"excerpt":{"rendered":"<p>El Gobierno de la provincia de La Pampa a trav\u00e9s del Ministerio de Salud comunica que en horas de la tarde del d\u00eda 29 de<\/p>\n<div class=\"sharedaddy sd-sharing-enabled\"><div class=\"robots-nocontent sd-block sd-social sd-social-icon sd-sharing\"><h3 class=\"sd-title\">Comparte esto:<\/h3><div class=\"sd-content\"><ul><li class=\"share-twitter\"><a rel=\"nofollow noopener noreferrer\" data-shared=\"sharing-twitter-24697\" class=\"share-twitter sd-button share-icon no-text\" href=\"http:\/\/www.rtvnoticias.com.ar\/?p=24697&amp;share=twitter\" target=\"_blank\" title=\"Haz clic para compartir en Twitter\"><span><\/span><span class=\"sharing-screen-reader-text\">Haz clic para compartir en Twitter (Se abre en una ventana nueva)<\/span><\/a><\/li><li class=\"share-facebook\"><a rel=\"nofollow noopener noreferrer\" data-shared=\"sharing-facebook-24697\" class=\"share-facebook sd-button share-icon no-text\" href=\"http:\/\/www.rtvnoticias.com.ar\/?p=24697&amp;share=facebook\" target=\"_blank\" title=\"Haz clic para compartir en Facebook\"><span><\/span><span class=\"sharing-screen-reader-text\">Haz clic para compartir en Facebook (Se abre en una ventana nueva)<\/span><\/a><\/li><li class=\"share-jetpack-whatsapp\"><a rel=\"nofollow noopener noreferrer\" data-shared=\"\" class=\"share-jetpack-whatsapp sd-button share-icon no-text\" href=\"http:\/\/www.rtvnoticias.com.ar\/?p=24697&amp;share=jetpack-whatsapp\" target=\"_blank\" title=\"Haz clic para compartir en WhatsApp\"><span><\/span><span class=\"sharing-screen-reader-text\">Haz clic para compartir en WhatsApp (Se abre en una ventana nueva)<\/span><\/a><\/li><li class=\"share-telegram\"><a rel=\"nofollow noopener noreferrer\" data-shared=\"\" class=\"share-telegram sd-button share-icon no-text\" href=\"http:\/\/www.rtvnoticias.com.ar\/?p=24697&amp;share=telegram\" target=\"_blank\" title=\"Haz clic para compartir en Telegram\"><span><\/span><span class=\"sharing-screen-reader-text\">Haz clic para compartir en Telegram (Se abre en una ventana nueva)<\/span><\/a><\/li><li class=\"share-end\"><\/li><\/ul><\/div><\/div><\/div>","protected":false},"author":7,"featured_media":22464,"comment_status":"closed","ping_status":"closed","sticky":false,"template":"","format":"standard","meta":{"spay_email":"","jetpack_publicize_message":"","jetpack_is_tweetstorm":false,"jetpack_publicize_feature_enabled":true},"categories":[4],"tags":[3187],"jetpack_featured_media_url":"http:\/\/www.rtvnoticias.com.ar\/wp-content\/uploads\/2020\/08\/la-pampa.png","jetpack_publicize_connections":[],"jetpack_sharing_enabled":true,"_links":{"self":[{"href":"http:\/\/www.rtvnoticias.com.ar\/index.php?rest_route=\/wp\/v2\/posts\/24697"}],"collection":[{"href":"http:\/\/www.rtvnoticias.com.ar\/index.php?rest_route=\/wp\/v2\/posts"}],"about":[{"href":"http:\/\/www.rtvnoticias.com.ar\/index.php?rest_route=\/wp\/v2\/types\/post"}],"author":[{"embeddable":true,"href":"http:\/\/www.rtvnoticias.com.ar\/index.php?rest_route=\/wp\/v2\/users\/7"}],"replies":[{"embeddable":true,"href":"http:\/\/www.rtvnoticias.com.ar\/index.php?rest_route=%2Fwp%2Fv2%2Fcomments&post=24697"}],"version-history":[{"count":1,"href":"http:\/\/www.rtvnoticias.com.ar\/index.php?rest_route=\/wp\/v2\/posts\/24697\/revisions"}],"predecessor-version":[{"id":24699,"href":"http:\/\/www.rtvnoticias.com.ar\/index.php?rest_route=\/wp\/v2\/posts\/24697\/revisions\/24699"}],"wp:featuredmedia":[{"embeddable":true,"href":"http:\/\/www.rtvnoticias.com.ar\/index.php?rest_route=\/wp\/v2\/media\/22464"}],"wp:attachment":[{"href":"http:\/\/www.rtvnoticias.com.ar\/index.php?rest_route=%2Fwp%2Fv2%2Fmedia&parent=24697"}],"wp:term":[{"taxonomy":"category","embeddable":true,"href":"http:\/\/www.rtvnoticias.com.ar\/index.php?rest_route=%2Fwp%2Fv2%2Fcategories&post=24697"},{"taxonomy":"post_tag","embeddable":true,"href":"http:\/\/www.rtvnoticias.com.ar\/index.php?rest_route=%2Fwp%2Fv2%2Ftags&post=24697"}],"curies":[{"name":"wp","href":"https:\/\/api.w.org\/{rel}","templated":true}]}}