{"id":24706,"date":"2020-11-30T12:01:34","date_gmt":"2020-11-30T15:01:34","guid":{"rendered":"http:\/\/www.rtvnoticias.com.ar\/?p=24706"},"modified":"2020-11-30T12:01:36","modified_gmt":"2020-11-30T15:01:36","slug":"instalaron-un-hospital-de-campana-en-la-colonia-menonita-para-controlar-el-brote-de-coronavirus","status":"publish","type":"post","link":"http:\/\/www.rtvnoticias.com.ar\/?p=24706","title":{"rendered":"Instalaron un hospital de campa\u00f1a en la Colonia Menonita para controlar el brote de coronavirus"},"content":{"rendered":"\n<p>La decisi\u00f3n fue coordinada entre los ministerios de Salud y de Seguridad, la polic\u00eda y personal del Hospital de Guatrach\u00e9.<\/p>\n\n\n\n<p>D\u00edas pasados se difundi\u00f3 la noticia de que en la madrugada del martes, Abraham Neudorf, el Obispo de la Colonia Menonita \u201cNueva Esperanza\u201d ubicada en la zona rural al oeste de la localidad de Guatrach\u00e9, hab\u00eda fallecido de coronavirus y no hab\u00eda podido ser atendido por el personal de Salud.<\/p>\n\n\n\n<p>De esta manera, trascendi\u00f3 que el Ministerio de Salud ven\u00eda siguiendo de cerca el tema ya que la Colonia sufre una ola de contagios pero los integrantes de esa comunidad se niegan a abandonar el lugar para ser atendidos y no quieren cumplir con los protocolos vigentes.<\/p>\n\n\n\n<p>Ante la situaci\u00f3n, en un primer momento el Gobierno provincial decidi\u00f3 intervenir en forma directa cortando el ingreso y egreso de personas ya que los contagiados no acceden a dejar el lugar.<\/p>\n\n\n\n<p>Ahora, desde los ministerios de Salud y de Seguridad se movilizaron hasta Guatrach\u00e9 para reunirse con referentes de la Direcci\u00f3n de Epidemiolog\u00eda, de Atenci\u00f3n Primaria de la Salud, de la polic\u00eda y del Hospital local para analizar el tema e intentar controlar el brote.<\/p>\n\n\n\n<p>Como resultado, se decidi\u00f3 la instalaci\u00f3n de un hospital de campa\u00f1a dentro de la Colonia, que es un un dispositivo de atenci\u00f3n aut\u00f3noma equipado \u00edntegramente para dar respuestas a urgencias y emergencias en lugares inh\u00f3spitos.<\/p>\n\n\n\n<p>El hospital m\u00f3vil cuenta con seis camas preparadas para internaci\u00f3n, equipos de ox\u00edgeno y un carro de paro con desfibrilador, como parte de su equipamiento, a lo que se agreg\u00f3 dos ambulancias, una casilla equipada con capacidad para cinco personas, camionetas 4&#215;4 y un veh\u00edculo UTV para facilitar la movilizaci\u00f3n en el recorrido de la Colonia.<\/p>\n\n\n\n<p>Se explic\u00f3 que el objetivo de la medida es brindar un acceso sanitario oportuno a los pobladores como as\u00ed tambi\u00e9n intensificar la tarea de b\u00fasqueda de personas sintom\u00e1ticas, la cual se ve\u00eda dificultada, al igual que el seguimiento de los pacientes, por determinadas costumbres culturales de la comunidad Menonita.<\/p>\n\n\n\n<p>En ese sentido, se inform\u00f3 que desde la ma\u00f1ana de este s\u00e1bado se realizar\u00e1 una b\u00fasqueda activa de posibles personas sintom\u00e1ticas en todo el predio, donde participan el equipo de Salud de Guatrach\u00e9 acompa\u00f1ados por los de Alpachiri, Macach\u00edn y Catril\u00f3.<\/p>\n\n\n\n<p>Esta tarea ser\u00e1 apuntalada por referentes de Atenci\u00f3n Primaria de la Salud y de Coordinaci\u00f3n de Desastres y Emergencias Sanitarias, que se encargar\u00e1n de realizar un rastrillaje casa por casa con el objetivo de encontrar personas con s\u00edntomas e intercambiar informaci\u00f3n, recordando a los pobladores las medidas de prevenci\u00f3n.<\/p>\n<div class=\"sharedaddy sd-sharing-enabled\"><div class=\"robots-nocontent sd-block sd-social sd-social-icon sd-sharing\"><h3 class=\"sd-title\">Comparte esto:<\/h3><div class=\"sd-content\"><ul><li class=\"share-twitter\"><a rel=\"nofollow noopener noreferrer\" data-shared=\"sharing-twitter-24706\" class=\"share-twitter sd-button share-icon no-text\" href=\"http:\/\/www.rtvnoticias.com.ar\/?p=24706&amp;share=twitter\" target=\"_blank\" title=\"Haz clic para compartir en Twitter\"><span><\/span><span class=\"sharing-screen-reader-text\">Haz clic para compartir en Twitter (Se abre en una ventana nueva)<\/span><\/a><\/li><li class=\"share-facebook\"><a rel=\"nofollow noopener noreferrer\" data-shared=\"sharing-facebook-24706\" class=\"share-facebook sd-button share-icon no-text\" href=\"http:\/\/www.rtvnoticias.com.ar\/?p=24706&amp;share=facebook\" target=\"_blank\" title=\"Haz clic para compartir en Facebook\"><span><\/span><span class=\"sharing-screen-reader-text\">Haz clic para compartir en Facebook (Se abre en una ventana nueva)<\/span><\/a><\/li><li class=\"share-jetpack-whatsapp\"><a rel=\"nofollow noopener noreferrer\" data-shared=\"\" class=\"share-jetpack-whatsapp sd-button share-icon no-text\" href=\"http:\/\/www.rtvnoticias.com.ar\/?p=24706&amp;share=jetpack-whatsapp\" target=\"_blank\" title=\"Haz clic para compartir en WhatsApp\"><span><\/span><span class=\"sharing-screen-reader-text\">Haz clic para compartir en WhatsApp (Se abre en una ventana nueva)<\/span><\/a><\/li><li class=\"share-telegram\"><a rel=\"nofollow noopener noreferrer\" data-shared=\"\" class=\"share-telegram sd-button share-icon no-text\" href=\"http:\/\/www.rtvnoticias.com.ar\/?p=24706&amp;share=telegram\" target=\"_blank\" title=\"Haz clic para compartir en Telegram\"><span><\/span><span class=\"sharing-screen-reader-text\">Haz clic para compartir en Telegram (Se abre en una ventana nueva)<\/span><\/a><\/li><li class=\"share-end\"><\/li><\/ul><\/div><\/div><\/div>","protected":false},"excerpt":{"rendered":"<p>La decisi\u00f3n fue coordinada entre los ministerios de Salud y de Seguridad, la polic\u00eda y personal del Hospital de Guatrach\u00e9. D\u00edas pasados se difundi\u00f3 la<\/p>\n<div class=\"sharedaddy sd-sharing-enabled\"><div class=\"robots-nocontent sd-block sd-social sd-social-icon sd-sharing\"><h3 class=\"sd-title\">Comparte esto:<\/h3><div class=\"sd-content\"><ul><li class=\"share-twitter\"><a rel=\"nofollow noopener noreferrer\" data-shared=\"sharing-twitter-24706\" class=\"share-twitter sd-button share-icon no-text\" href=\"http:\/\/www.rtvnoticias.com.ar\/?p=24706&amp;share=twitter\" target=\"_blank\" title=\"Haz clic para compartir en Twitter\"><span><\/span><span class=\"sharing-screen-reader-text\">Haz clic para compartir en Twitter (Se abre en una ventana nueva)<\/span><\/a><\/li><li class=\"share-facebook\"><a rel=\"nofollow noopener noreferrer\" data-shared=\"sharing-facebook-24706\" class=\"share-facebook sd-button share-icon no-text\" href=\"http:\/\/www.rtvnoticias.com.ar\/?p=24706&amp;share=facebook\" target=\"_blank\" title=\"Haz clic para compartir en Facebook\"><span><\/span><span class=\"sharing-screen-reader-text\">Haz clic para compartir en Facebook (Se abre en una ventana nueva)<\/span><\/a><\/li><li class=\"share-jetpack-whatsapp\"><a rel=\"nofollow noopener noreferrer\" data-shared=\"\" class=\"share-jetpack-whatsapp sd-button share-icon no-text\" href=\"http:\/\/www.rtvnoticias.com.ar\/?p=24706&amp;share=jetpack-whatsapp\" target=\"_blank\" title=\"Haz clic para compartir en WhatsApp\"><span><\/span><span class=\"sharing-screen-reader-text\">Haz clic para compartir en WhatsApp (Se abre en una ventana nueva)<\/span><\/a><\/li><li class=\"share-telegram\"><a rel=\"nofollow noopener noreferrer\" data-shared=\"\" class=\"share-telegram sd-button share-icon no-text\" href=\"http:\/\/www.rtvnoticias.com.ar\/?p=24706&amp;share=telegram\" target=\"_blank\" title=\"Haz clic para compartir en Telegram\"><span><\/span><span class=\"sharing-screen-reader-text\">Haz clic para compartir en Telegram (Se abre en una ventana nueva)<\/span><\/a><\/li><li class=\"share-end\"><\/li><\/ul><\/div><\/div><\/div>","protected":false},"author":7,"featured_media":24707,"comment_status":"closed","ping_status":"closed","sticky":false,"template":"","format":"standard","meta":{"spay_email":"","jetpack_publicize_message":"","jetpack_is_tweetstorm":false,"jetpack_publicize_feature_enabled":true},"categories":[4],"tags":[],"jetpack_featured_media_url":"http:\/\/www.rtvnoticias.com.ar\/wp-content\/uploads\/2020\/11\/menonitas.jpg","jetpack_publicize_connections":[],"jetpack_sharing_enabled":true,"_links":{"self":[{"href":"http:\/\/www.rtvnoticias.com.ar\/index.php?rest_route=\/wp\/v2\/posts\/24706"}],"collection":[{"href":"http:\/\/www.rtvnoticias.com.ar\/index.php?rest_route=\/wp\/v2\/posts"}],"about":[{"href":"http:\/\/www.rtvnoticias.com.ar\/index.php?rest_route=\/wp\/v2\/types\/post"}],"author":[{"embeddable":true,"href":"http:\/\/www.rtvnoticias.com.ar\/index.php?rest_route=\/wp\/v2\/users\/7"}],"replies":[{"embeddable":true,"href":"http:\/\/www.rtvnoticias.com.ar\/index.php?rest_route=%2Fwp%2Fv2%2Fcomments&post=24706"}],"version-history":[{"count":1,"href":"http:\/\/www.rtvnoticias.com.ar\/index.php?rest_route=\/wp\/v2\/posts\/24706\/revisions"}],"predecessor-version":[{"id":24708,"href":"http:\/\/www.rtvnoticias.com.ar\/index.php?rest_route=\/wp\/v2\/posts\/24706\/revisions\/24708"}],"wp:featuredmedia":[{"embeddable":true,"href":"http:\/\/www.rtvnoticias.com.ar\/index.php?rest_route=\/wp\/v2\/media\/24707"}],"wp:attachment":[{"href":"http:\/\/www.rtvnoticias.com.ar\/index.php?rest_route=%2Fwp%2Fv2%2Fmedia&parent=24706"}],"wp:term":[{"taxonomy":"category","embeddable":true,"href":"http:\/\/www.rtvnoticias.com.ar\/index.php?rest_route=%2Fwp%2Fv2%2Fcategories&post=24706"},{"taxonomy":"post_tag","embeddable":true,"href":"http:\/\/www.rtvnoticias.com.ar\/index.php?rest_route=%2Fwp%2Fv2%2Ftags&post=24706"}],"curies":[{"name":"wp","href":"https:\/\/api.w.org\/{rel}","templated":true}]}}