{"id":24712,"date":"2020-11-30T17:25:35","date_gmt":"2020-11-30T20:25:35","guid":{"rendered":"http:\/\/www.rtvnoticias.com.ar\/?p=24712"},"modified":"2020-11-30T17:25:38","modified_gmt":"2020-11-30T20:25:38","slug":"ley-de-desarrollo-energetico-el-gobierno-asegura-que-no-afecta-puestos-de-trabajo-ni-el-convenio-colectivo","status":"publish","type":"post","link":"http:\/\/www.rtvnoticias.com.ar\/?p=24712","title":{"rendered":"Ley de Desarrollo Energ\u00e9tico: el gobierno asegura que no afecta puestos de trabajo ni el Convenio Colectivo"},"content":{"rendered":"\n<p>El Gobierno provincial desminti\u00f3 al sindicato y la cooperativa que intentaron comparar el plan energ\u00e9tico con pol\u00edticas macristas, y resaltaron que lo que se hace es modificar una Norma Jur\u00eddica de Facto.<\/p>\n\n\n\n<p>\u201cComo ha definido el gobernador Ziliotto nuestra ideolog\u00eda nos indica la necesidad de tener un Estado presente y ese esquema no es compatible con la idea de privatizar parte de un servicio esencial\u201d, subray\u00f3 el secretario de Energ\u00eda, Mat\u00edas Toso. Reiter\u00f3 que \u201cel Proyecto de Ley de R\u00e9gimen de Desarrollo Energ\u00e9tico\u00a0 enviado \u00a0a Diputados no deroga la NJF 1101 en cuanto a las funciones de la APE, no pone en riesgo puestos de trabajo, ni el Convenio Colectivo\u201d. <\/p>\n\n\n\n<p>Toso ratific\u00f3 que el gobernador Sergio Ziliotto defini\u00f3 pol\u00edticas p\u00fablicas en las que \u201cel Estado interviene toda vez que sea necesario para que no se produzcan desequilibrios que terminen afectando a los sectores m\u00e1s vulnerables\u201d.<\/p>\n\n\n\n<p>El Proyecto de Ley denominado R\u00e9gimen de Desarrollo Energ\u00e9tico, \u201cbusca, como lo ha dicho en reiteradas oportunidades el Gobernador, avanzar en la soberan\u00eda energ\u00e9tica de La Pampa, y eso es imposible siquiera pensarlo en el marco de una privatizaci\u00f3n del sistema\u201d.<\/p>\n\n\n\n<p>\u201cLe hemos informado a los trabajadores de la Administraci\u00f3n Provincial de Energ\u00eda que el Proyecto enviado a Diputados no deroga la NJF 1101 en cuanto a las funciones de ese organismo. Seguir\u00e1n prestando servicio en la zona no concesionadas, mantendr\u00e1n el rol de controlar la potencia y energ\u00eda para proveer a las 29 cooperativas que brindan el servicio p\u00fablico de distribuci\u00f3n \u201c, detall\u00f3 el funcionario.<\/p>\n\n\n\n<p>Aclar\u00f3 que el Proyecto enviado a Diputados no pone en riesgo los puestos de trabajo ni el Convenio Colectivo de Trabajo N\u00b0 36\/75, sino que por el contrario \u201cenriquece y fortalece el organismo y lo constituye como centro de control y operaciones del Mercado Local de Energ\u00eda El\u00e9ctrica\u201d.<\/p>\n\n\n\n<p><br><strong>\u201cUn sistema equilibrado\u201d<\/strong><\/p>\n\n\n\n<p>En di\u00e1logo con la Agencia Provincial de Noticias, Toso precis\u00f3 que \u201cpor escrito hemos respondido todas las inquietudes que han presentado, tanto desde las cooperativas como desde el sector de los trabajadores\u201d.<\/p>\n\n\n\n<p>\u201cBuscamos tener un sistema equilibrado donde no existen sectores de poder que impongan condiciones, como por ejemplo, tarifas\u201d, dijo, al tiempo que ratific\u00f3 que como \u201cEstado tenemos la obligaci\u00f3n de intervenir para evitar situaciones que podr\u00edan fomentar desigualdades entre los pampeanos\u201d, se\u00f1al\u00f3 el funcionario.<\/p>\n\n\n\n<p>En este mismo sentido dijo que \u201cel rol de las cooperativas es y seguir\u00e1 siendo fundamental, lo mismo que el de la Administraci\u00f3n Provincial de Energ\u00eda. Para nosotros es fundamental que los usuarios, m\u00e1s all\u00e1 de donde vivan, tengan igual calidad de servicio y las mismas tarifas\u201d, afirm\u00f3.<\/p>\n\n\n\n<p>Sostuvo adem\u00e1s\u00a0 que \u00a0el Proyecto de Ley propuesto \u201cno afecta los derechos adquiridos ni pone en riesgo las concesiones que detentan las Cooperativas, sino que se las reconoce como aliadas estrat\u00e9gicas del Gobierno provincial en la meta de lograr un sistema el\u00e9ctrico cada vez m\u00e1s justo y eficiente, que se traduzca en beneficios para toda la comunidad pampeana\u201d. <\/p>\n<div class=\"sharedaddy sd-sharing-enabled\"><div class=\"robots-nocontent sd-block sd-social sd-social-icon sd-sharing\"><h3 class=\"sd-title\">Comparte esto:<\/h3><div class=\"sd-content\"><ul><li class=\"share-twitter\"><a rel=\"nofollow noopener noreferrer\" data-shared=\"sharing-twitter-24712\" class=\"share-twitter sd-button share-icon no-text\" href=\"http:\/\/www.rtvnoticias.com.ar\/?p=24712&amp;share=twitter\" target=\"_blank\" title=\"Haz clic para compartir en Twitter\"><span><\/span><span class=\"sharing-screen-reader-text\">Haz clic para compartir en Twitter (Se abre en una ventana nueva)<\/span><\/a><\/li><li class=\"share-facebook\"><a rel=\"nofollow noopener noreferrer\" data-shared=\"sharing-facebook-24712\" class=\"share-facebook sd-button share-icon no-text\" href=\"http:\/\/www.rtvnoticias.com.ar\/?p=24712&amp;share=facebook\" target=\"_blank\" title=\"Haz clic para compartir en Facebook\"><span><\/span><span class=\"sharing-screen-reader-text\">Haz clic para compartir en Facebook (Se abre en una ventana nueva)<\/span><\/a><\/li><li class=\"share-jetpack-whatsapp\"><a rel=\"nofollow noopener noreferrer\" data-shared=\"\" class=\"share-jetpack-whatsapp sd-button share-icon no-text\" href=\"http:\/\/www.rtvnoticias.com.ar\/?p=24712&amp;share=jetpack-whatsapp\" target=\"_blank\" title=\"Haz clic para compartir en WhatsApp\"><span><\/span><span class=\"sharing-screen-reader-text\">Haz clic para compartir en WhatsApp (Se abre en una ventana nueva)<\/span><\/a><\/li><li class=\"share-telegram\"><a rel=\"nofollow noopener noreferrer\" data-shared=\"\" class=\"share-telegram sd-button share-icon no-text\" href=\"http:\/\/www.rtvnoticias.com.ar\/?p=24712&amp;share=telegram\" target=\"_blank\" title=\"Haz clic para compartir en Telegram\"><span><\/span><span class=\"sharing-screen-reader-text\">Haz clic para compartir en Telegram (Se abre en una ventana nueva)<\/span><\/a><\/li><li class=\"share-end\"><\/li><\/ul><\/div><\/div><\/div>","protected":false},"excerpt":{"rendered":"<p>El Gobierno provincial desminti\u00f3 al sindicato y la cooperativa que intentaron comparar el plan energ\u00e9tico con pol\u00edticas macristas, y resaltaron que lo que se hace<\/p>\n<div class=\"sharedaddy sd-sharing-enabled\"><div class=\"robots-nocontent sd-block sd-social sd-social-icon sd-sharing\"><h3 class=\"sd-title\">Comparte esto:<\/h3><div class=\"sd-content\"><ul><li class=\"share-twitter\"><a rel=\"nofollow noopener noreferrer\" data-shared=\"sharing-twitter-24712\" class=\"share-twitter sd-button share-icon no-text\" href=\"http:\/\/www.rtvnoticias.com.ar\/?p=24712&amp;share=twitter\" target=\"_blank\" title=\"Haz clic para compartir en Twitter\"><span><\/span><span class=\"sharing-screen-reader-text\">Haz clic para compartir en Twitter (Se abre en una ventana nueva)<\/span><\/a><\/li><li class=\"share-facebook\"><a rel=\"nofollow noopener noreferrer\" data-shared=\"sharing-facebook-24712\" class=\"share-facebook sd-button share-icon no-text\" href=\"http:\/\/www.rtvnoticias.com.ar\/?p=24712&amp;share=facebook\" target=\"_blank\" title=\"Haz clic para compartir en Facebook\"><span><\/span><span class=\"sharing-screen-reader-text\">Haz clic para compartir en Facebook (Se abre en una ventana nueva)<\/span><\/a><\/li><li class=\"share-jetpack-whatsapp\"><a rel=\"nofollow noopener noreferrer\" data-shared=\"\" class=\"share-jetpack-whatsapp sd-button share-icon no-text\" href=\"http:\/\/www.rtvnoticias.com.ar\/?p=24712&amp;share=jetpack-whatsapp\" target=\"_blank\" title=\"Haz clic para compartir en WhatsApp\"><span><\/span><span class=\"sharing-screen-reader-text\">Haz clic para compartir en WhatsApp (Se abre en una ventana nueva)<\/span><\/a><\/li><li class=\"share-telegram\"><a rel=\"nofollow noopener noreferrer\" data-shared=\"\" class=\"share-telegram sd-button share-icon no-text\" href=\"http:\/\/www.rtvnoticias.com.ar\/?p=24712&amp;share=telegram\" target=\"_blank\" title=\"Haz clic para compartir en Telegram\"><span><\/span><span class=\"sharing-screen-reader-text\">Haz clic para compartir en Telegram (Se abre en una ventana nueva)<\/span><\/a><\/li><li class=\"share-end\"><\/li><\/ul><\/div><\/div><\/div>","protected":false},"author":5,"featured_media":24713,"comment_status":"closed","ping_status":"closed","sticky":false,"template":"","format":"standard","meta":{"spay_email":"","jetpack_publicize_message":"","jetpack_is_tweetstorm":false,"jetpack_publicize_feature_enabled":true},"categories":[4],"tags":[3586],"jetpack_featured_media_url":"http:\/\/www.rtvnoticias.com.ar\/wp-content\/uploads\/2020\/11\/toso.jpg","jetpack_publicize_connections":[],"jetpack_sharing_enabled":true,"_links":{"self":[{"href":"http:\/\/www.rtvnoticias.com.ar\/index.php?rest_route=\/wp\/v2\/posts\/24712"}],"collection":[{"href":"http:\/\/www.rtvnoticias.com.ar\/index.php?rest_route=\/wp\/v2\/posts"}],"about":[{"href":"http:\/\/www.rtvnoticias.com.ar\/index.php?rest_route=\/wp\/v2\/types\/post"}],"author":[{"embeddable":true,"href":"http:\/\/www.rtvnoticias.com.ar\/index.php?rest_route=\/wp\/v2\/users\/5"}],"replies":[{"embeddable":true,"href":"http:\/\/www.rtvnoticias.com.ar\/index.php?rest_route=%2Fwp%2Fv2%2Fcomments&post=24712"}],"version-history":[{"count":1,"href":"http:\/\/www.rtvnoticias.com.ar\/index.php?rest_route=\/wp\/v2\/posts\/24712\/revisions"}],"predecessor-version":[{"id":24714,"href":"http:\/\/www.rtvnoticias.com.ar\/index.php?rest_route=\/wp\/v2\/posts\/24712\/revisions\/24714"}],"wp:featuredmedia":[{"embeddable":true,"href":"http:\/\/www.rtvnoticias.com.ar\/index.php?rest_route=\/wp\/v2\/media\/24713"}],"wp:attachment":[{"href":"http:\/\/www.rtvnoticias.com.ar\/index.php?rest_route=%2Fwp%2Fv2%2Fmedia&parent=24712"}],"wp:term":[{"taxonomy":"category","embeddable":true,"href":"http:\/\/www.rtvnoticias.com.ar\/index.php?rest_route=%2Fwp%2Fv2%2Fcategories&post=24712"},{"taxonomy":"post_tag","embeddable":true,"href":"http:\/\/www.rtvnoticias.com.ar\/index.php?rest_route=%2Fwp%2Fv2%2Ftags&post=24712"}],"curies":[{"name":"wp","href":"https:\/\/api.w.org\/{rel}","templated":true}]}}