{"id":24766,"date":"2020-12-05T07:33:14","date_gmt":"2020-12-05T10:33:14","guid":{"rendered":"http:\/\/www.rtvnoticias.com.ar\/?p=24766"},"modified":"2020-12-04T19:42:43","modified_gmt":"2020-12-04T22:42:43","slug":"metileo-tendra-canchas-de-arena-para-la-practica-de-varios-deportes","status":"publish","type":"post","link":"http:\/\/www.rtvnoticias.com.ar\/?p=24766","title":{"rendered":"Metileo tendr\u00e1 canchas de arena para la pr\u00e1ctica de varios deportes"},"content":{"rendered":"\n<p>Autoridades provinciales y municipales anunciaron que Metileo tendr\u00e1 la primera cancha para practicar deportes en arena, como beach f\u00fatbol, v\u00f3ley, handball, rugby, entre otros,  en la provincia de La Pampa. <\/p>\n\n\n\n<p>El intendente local, Juan Carlos Pavoni, recibi\u00f3 la visita del subsecretario de Deportes de Provincia, Ceferino Almud\u00e9var, con quien recorri\u00f3 el movimiento de suelo que ya se realiza para este novedoso espacio. Adem\u00e1s visitaron las instalaciones del gimnasio municipal y mantuvieron una breve reuni\u00f3n en el sal\u00f3n del Concejo Deliberante, donde se entreg\u00f3 un aporte a las Escuelas de Fortalecimiento Deportivo.<\/p>\n\n\n\n<p>\u201cVinimos a Metileo porque hay un emprendimiento que para nosotros va a ser un quiebre, en una actividad que se viene con todo, que son los deportes de playa, es una localidad que apuesta al deporte y en esta oportunidad nos vimos gratamente sorprendidos porque est\u00e1n construyendo una cancha de beach f\u00fatbol, beach handball, beach v\u00f3ley, beach rugby, beach cesto, tiene una particularidad, que se trabaja en la arena y en la provincia de La Pampa es la primera. Para nosotros es un orgullo enorme estar viendo desde el nacimiento lo que va a ser una cancha muy utilizada\u201d, se\u00f1al\u00f3 el funcionario.<\/p>\n\n\n\n<figure class=\"wp-block-image\"><img data-attachment-id=\"24768\" data-permalink=\"http:\/\/www.rtvnoticias.com.ar\/?attachment_id=24768\" data-orig-file=\"http:\/\/www.rtvnoticias.com.ar\/wp-content\/uploads\/2020\/12\/metileo-deportes2.jpg\" data-orig-size=\"600,450\" data-comments-opened=\"0\" data-image-meta=\"{&quot;aperture&quot;:&quot;0&quot;,&quot;credit&quot;:&quot;&quot;,&quot;camera&quot;:&quot;&quot;,&quot;caption&quot;:&quot;&quot;,&quot;created_timestamp&quot;:&quot;0&quot;,&quot;copyright&quot;:&quot;&quot;,&quot;focal_length&quot;:&quot;0&quot;,&quot;iso&quot;:&quot;0&quot;,&quot;shutter_speed&quot;:&quot;0&quot;,&quot;title&quot;:&quot;&quot;,&quot;orientation&quot;:&quot;0&quot;}\" data-image-title=\"metileo-deportes2\" data-image-description=\"\" data-image-caption=\"\" data-medium-file=\"http:\/\/www.rtvnoticias.com.ar\/wp-content\/uploads\/2020\/12\/metileo-deportes2-300x225.jpg\" data-large-file=\"http:\/\/www.rtvnoticias.com.ar\/wp-content\/uploads\/2020\/12\/metileo-deportes2.jpg\" decoding=\"async\" loading=\"lazy\" width=\"600\" height=\"450\" src=\"http:\/\/www.rtvnoticias.com.ar\/wp-content\/uploads\/2020\/12\/metileo-deportes2.jpg\" alt=\"\" class=\"wp-image-24768\" srcset=\"http:\/\/www.rtvnoticias.com.ar\/wp-content\/uploads\/2020\/12\/metileo-deportes2.jpg 600w, http:\/\/www.rtvnoticias.com.ar\/wp-content\/uploads\/2020\/12\/metileo-deportes2-300x225.jpg 300w\" sizes=\"(max-width: 600px) 100vw, 600px\" \/><figcaption><strong>Juan Carlos Pavoni con funcionarios provinciales del \u00e1rea de Deporte<\/strong>s<\/figcaption><\/figure>\n\n\n\n<p>Contando que en el pa\u00eds es una actividad en pleno crecimiento, el subsecretario de Deportes a\u00f1adi\u00f3 que \u201cen La Pampa no tenemos playa, entonces lo tenemos que hacer de manera artificial, Metileo va a ser la primera y vamos a venir a jugar ac\u00e1 con nuestros jugadores que participan del circuito de playa en el verano. Esto va a ser un centro de referencia que seguramente se va a replicar en toda la Provincia, porque la actividad se viene con todo\u201d.<\/p>\n\n\n\n<p>En dicho contexto, el funcionario provincial se refiri\u00f3 al corredor deportivo de Metileo, con la cancha de f\u00fatbol 5, cancha de f\u00fatbol 11, pileta de nataci\u00f3n, una buena forestaci\u00f3n, gimnasio, sal\u00f3n, \u201cy el agregado de la cancha de beach le da un plus important\u00edsimo al sector para el desarrollo de este deporte en la Provincia, porque seguramente despu\u00e9s de esta se van a replicar algunas m\u00e1s\u201d.<\/p>\n\n\n\n<p> Almud\u00e9var se refiri\u00f3 a los fondos otorgados en el marco del Programa de Escuelas de Fortalecimiento o Fomento Deportivo, con fondos para diversos actores de la pol\u00edtica deportiva, en el caso de Metileo fueron para el profesor Cristian Ber\u00f3n, que es el encargado del \u00e1rea Deportes de la Municipalidad y quien desarrolla el F\u00fatbol Playa Femenino.<br><br><strong>CONCEPTOS DE PAVONI<\/strong><\/p>\n\n\n\n<p>Juan Carlos Pavoni habl\u00f3 de una impronta de la gesti\u00f3n de Gobierno a la hora de apostar al deporte, \u201chab\u00edamos hablado algo con Cristian (Ber\u00f3n) y evaluado la posibilidad. Tomamos la decisi\u00f3n de empezar a hacer la cancha a trav\u00e9s de unas charlas con el subsecretario y ac\u00e1 estamos en plena tarea\u201d, sostuvo.<\/p>\n\n\n\n<p>La cancha lleva unos 800 mil kilos de arena rubia, \u201ceso es un dinero que vamos a ir manejando dependiendo de los recursos, la parte de movimiento de suelo y otras tareas complementarias ya las estamos iniciando desde el municipio\u201d.<\/p>\n\n\n\n<p>Pavoni cont\u00f3 que desde la Municipalidad de General Pico, a partir de una charla con la intendenta Fernanda Alonso, se colaborar\u00e1 con neum\u00e1ticos que ya no se utilizan, los cuales fueron puestos a disposici\u00f3n, \u201cnuestra idea es aprovechar un lateral con gradas, tipo tribunas, de manera ecol\u00f3gica, con cubiertas que recuperaremos\u201d.<\/p>\n\n\n\n<p>A modo de cierre, expres\u00f3 su satisfacci\u00f3n por ver crecer a Metileo en materia deportiva como lo est\u00e1 haciendo, \u201cpara nosotros es important\u00edsimo que los j\u00f3venes, los adolescentes, los adultos, nuestros mayores, tengan las posibilidades de practicar deportes. Hace dos a\u00f1os hicimos la cancha de f\u00fatbol 5 con sint\u00e9tico e iluminaci\u00f3n, iluminamos con led toda la cancha de f\u00fatbol 11, siempre estamos trabajando en este lineamiento\u201d.<br><br><strong>Deportista<\/strong><\/p>\n\n\n\n<p>Yanel Orueta form\u00f3 parte de la Selecci\u00f3n pampeana de f\u00fatbol playa y hoy acompa\u00f1\u00f3 la recorrida con gran entusiasmo, \u201ces muy lindo tener esta posibilidad en el pueblo, yo lo pude vivir en el verano, una experiencia espectacular, s\u00faper diferente, me trajo mucha alegr\u00eda y un gran aprendizaje. <\/p>\n\n\n\n<p>Las chicas que no pudieron ir van a tener la posibilidad de conocer y aprender este deporte, es un juego nuevo, con nuevas reglas, y es importante que toda la gente, chicos y grandes, puedan participar, nunca tuvimos f\u00fatbol playa, yo no sab\u00eda que exist\u00eda hasta el verano cuando fui a participar\u201d. <\/p>\n<div class=\"sharedaddy sd-sharing-enabled\"><div class=\"robots-nocontent sd-block sd-social sd-social-icon sd-sharing\"><h3 class=\"sd-title\">Comparte esto:<\/h3><div class=\"sd-content\"><ul><li class=\"share-twitter\"><a rel=\"nofollow noopener noreferrer\" data-shared=\"sharing-twitter-24766\" class=\"share-twitter sd-button share-icon no-text\" href=\"http:\/\/www.rtvnoticias.com.ar\/?p=24766&amp;share=twitter\" target=\"_blank\" title=\"Haz clic para compartir en Twitter\"><span><\/span><span class=\"sharing-screen-reader-text\">Haz clic para compartir en Twitter (Se abre en una ventana nueva)<\/span><\/a><\/li><li class=\"share-facebook\"><a rel=\"nofollow noopener noreferrer\" data-shared=\"sharing-facebook-24766\" class=\"share-facebook sd-button share-icon no-text\" href=\"http:\/\/www.rtvnoticias.com.ar\/?p=24766&amp;share=facebook\" target=\"_blank\" title=\"Haz clic para compartir en Facebook\"><span><\/span><span class=\"sharing-screen-reader-text\">Haz clic para compartir en Facebook (Se abre en una ventana nueva)<\/span><\/a><\/li><li class=\"share-jetpack-whatsapp\"><a rel=\"nofollow noopener noreferrer\" data-shared=\"\" class=\"share-jetpack-whatsapp sd-button share-icon no-text\" href=\"http:\/\/www.rtvnoticias.com.ar\/?p=24766&amp;share=jetpack-whatsapp\" target=\"_blank\" title=\"Haz clic para compartir en WhatsApp\"><span><\/span><span class=\"sharing-screen-reader-text\">Haz clic para compartir en WhatsApp (Se abre en una ventana nueva)<\/span><\/a><\/li><li class=\"share-telegram\"><a rel=\"nofollow noopener noreferrer\" data-shared=\"\" class=\"share-telegram sd-button share-icon no-text\" href=\"http:\/\/www.rtvnoticias.com.ar\/?p=24766&amp;share=telegram\" target=\"_blank\" title=\"Haz clic para compartir en Telegram\"><span><\/span><span class=\"sharing-screen-reader-text\">Haz clic para compartir en Telegram (Se abre en una ventana nueva)<\/span><\/a><\/li><li class=\"share-end\"><\/li><\/ul><\/div><\/div><\/div>","protected":false},"excerpt":{"rendered":"<p>Autoridades provinciales y municipales anunciaron que Metileo tendr\u00e1 la primera cancha para practicar deportes en arena, como beach f\u00fatbol, v\u00f3ley, handball, rugby, entre otros, en<\/p>\n<div class=\"sharedaddy sd-sharing-enabled\"><div class=\"robots-nocontent sd-block sd-social sd-social-icon sd-sharing\"><h3 class=\"sd-title\">Comparte esto:<\/h3><div class=\"sd-content\"><ul><li class=\"share-twitter\"><a rel=\"nofollow noopener noreferrer\" data-shared=\"sharing-twitter-24766\" class=\"share-twitter sd-button share-icon no-text\" href=\"http:\/\/www.rtvnoticias.com.ar\/?p=24766&amp;share=twitter\" target=\"_blank\" title=\"Haz clic para compartir en Twitter\"><span><\/span><span class=\"sharing-screen-reader-text\">Haz clic para compartir en Twitter (Se abre en una ventana nueva)<\/span><\/a><\/li><li class=\"share-facebook\"><a rel=\"nofollow noopener noreferrer\" data-shared=\"sharing-facebook-24766\" class=\"share-facebook sd-button share-icon no-text\" href=\"http:\/\/www.rtvnoticias.com.ar\/?p=24766&amp;share=facebook\" target=\"_blank\" title=\"Haz clic para compartir en Facebook\"><span><\/span><span class=\"sharing-screen-reader-text\">Haz clic para compartir en Facebook (Se abre en una ventana nueva)<\/span><\/a><\/li><li class=\"share-jetpack-whatsapp\"><a rel=\"nofollow noopener noreferrer\" data-shared=\"\" class=\"share-jetpack-whatsapp sd-button share-icon no-text\" href=\"http:\/\/www.rtvnoticias.com.ar\/?p=24766&amp;share=jetpack-whatsapp\" target=\"_blank\" title=\"Haz clic para compartir en WhatsApp\"><span><\/span><span class=\"sharing-screen-reader-text\">Haz clic para compartir en WhatsApp (Se abre en una ventana nueva)<\/span><\/a><\/li><li class=\"share-telegram\"><a rel=\"nofollow noopener noreferrer\" data-shared=\"\" class=\"share-telegram sd-button share-icon no-text\" href=\"http:\/\/www.rtvnoticias.com.ar\/?p=24766&amp;share=telegram\" target=\"_blank\" title=\"Haz clic para compartir en Telegram\"><span><\/span><span class=\"sharing-screen-reader-text\">Haz clic para compartir en Telegram (Se abre en una ventana nueva)<\/span><\/a><\/li><li class=\"share-end\"><\/li><\/ul><\/div><\/div><\/div>","protected":false},"author":7,"featured_media":24767,"comment_status":"closed","ping_status":"closed","sticky":false,"template":"","format":"standard","meta":{"spay_email":"","jetpack_publicize_message":"","jetpack_is_tweetstorm":false,"jetpack_publicize_feature_enabled":true},"categories":[3],"tags":[3592],"jetpack_featured_media_url":"http:\/\/www.rtvnoticias.com.ar\/wp-content\/uploads\/2020\/12\/metileo-deportes.jpg","jetpack_publicize_connections":[],"jetpack_sharing_enabled":true,"_links":{"self":[{"href":"http:\/\/www.rtvnoticias.com.ar\/index.php?rest_route=\/wp\/v2\/posts\/24766"}],"collection":[{"href":"http:\/\/www.rtvnoticias.com.ar\/index.php?rest_route=\/wp\/v2\/posts"}],"about":[{"href":"http:\/\/www.rtvnoticias.com.ar\/index.php?rest_route=\/wp\/v2\/types\/post"}],"author":[{"embeddable":true,"href":"http:\/\/www.rtvnoticias.com.ar\/index.php?rest_route=\/wp\/v2\/users\/7"}],"replies":[{"embeddable":true,"href":"http:\/\/www.rtvnoticias.com.ar\/index.php?rest_route=%2Fwp%2Fv2%2Fcomments&post=24766"}],"version-history":[{"count":1,"href":"http:\/\/www.rtvnoticias.com.ar\/index.php?rest_route=\/wp\/v2\/posts\/24766\/revisions"}],"predecessor-version":[{"id":24769,"href":"http:\/\/www.rtvnoticias.com.ar\/index.php?rest_route=\/wp\/v2\/posts\/24766\/revisions\/24769"}],"wp:featuredmedia":[{"embeddable":true,"href":"http:\/\/www.rtvnoticias.com.ar\/index.php?rest_route=\/wp\/v2\/media\/24767"}],"wp:attachment":[{"href":"http:\/\/www.rtvnoticias.com.ar\/index.php?rest_route=%2Fwp%2Fv2%2Fmedia&parent=24766"}],"wp:term":[{"taxonomy":"category","embeddable":true,"href":"http:\/\/www.rtvnoticias.com.ar\/index.php?rest_route=%2Fwp%2Fv2%2Fcategories&post=24766"},{"taxonomy":"post_tag","embeddable":true,"href":"http:\/\/www.rtvnoticias.com.ar\/index.php?rest_route=%2Fwp%2Fv2%2Ftags&post=24766"}],"curies":[{"name":"wp","href":"https:\/\/api.w.org\/{rel}","templated":true}]}}