{"id":24780,"date":"2020-12-06T22:21:31","date_gmt":"2020-12-07T01:21:31","guid":{"rendered":"http:\/\/www.rtvnoticias.com.ar\/?p=24780"},"modified":"2020-12-06T22:21:38","modified_gmt":"2020-12-07T01:21:38","slug":"coronavirus-63-nuevos-casos-positivos-y-dos-personas-fallecieron","status":"publish","type":"post","link":"http:\/\/www.rtvnoticias.com.ar\/?p=24780","title":{"rendered":"Coronavirus: 63 nuevos casos positivos y dos personas fallecieron"},"content":{"rendered":"\n<p>El Gobierno de la provincia de La Pampa, a trav\u00e9s del Ministerio de Salud, comunic\u00f3 que en horas de la tarde del d\u00eda 6 de diciembre se finaliz\u00f3 con el procesamiento de 294 muestras en los laboratorios de la Direcci\u00f3n de Epidemiolog\u00eda y del hospital Establecimiento Asistencial Gobernador Centeno y Lucio Molas, como as\u00ed tambi\u00e9n en los diferentes Centros de Salud que analizan test de ant\u00edgenos, de las cuales 63 resultaron positivas para COVID-19. Dos personas residentes en Santa Rosa fallecieron.<\/p>\n\n\n\n<p>De los diagn\u00f3sticos positivos, 18 corresponden a residentes en Santa Rosa, 23 en General Pico, 5 en 25 de Mayo,3 en Eduardo Castex, 3 en Alta Italia, 2 en Ingeniero Luiggi, 2 en Victorica, 2 en Realic\u00f3, 1 en Toay, 1 en Intendente Alvear, 1 en Anguil, 1 en Tel\u00e9n y 1 en Trenel.<\/p>\n\n\n\n<p> De los 63 casos confirmados en la tarde de hoy, 40 se encontraban aislados por ser considerados contactos estrechos. Debido a la rapidez del diagn\u00f3stico por ant\u00edgenos, se contin\u00faa desarrollando la investigaci\u00f3n epidemiol\u00f3gica de 23 casos.<\/p>\n\n\n\n<figure class=\"wp-block-image\"><img data-attachment-id=\"24781\" data-permalink=\"http:\/\/www.rtvnoticias.com.ar\/?attachment_id=24781\" data-orig-file=\"http:\/\/www.rtvnoticias.com.ar\/wp-content\/uploads\/2020\/12\/corona6nov.jpg\" data-orig-size=\"600,480\" data-comments-opened=\"0\" data-image-meta=\"{&quot;aperture&quot;:&quot;0&quot;,&quot;credit&quot;:&quot;&quot;,&quot;camera&quot;:&quot;&quot;,&quot;caption&quot;:&quot;&quot;,&quot;created_timestamp&quot;:&quot;0&quot;,&quot;copyright&quot;:&quot;&quot;,&quot;focal_length&quot;:&quot;0&quot;,&quot;iso&quot;:&quot;0&quot;,&quot;shutter_speed&quot;:&quot;0&quot;,&quot;title&quot;:&quot;&quot;,&quot;orientation&quot;:&quot;0&quot;}\" data-image-title=\"corona6nov\" data-image-description=\"\" data-image-caption=\"\" data-medium-file=\"http:\/\/www.rtvnoticias.com.ar\/wp-content\/uploads\/2020\/12\/corona6nov-300x240.jpg\" data-large-file=\"http:\/\/www.rtvnoticias.com.ar\/wp-content\/uploads\/2020\/12\/corona6nov.jpg\" decoding=\"async\" loading=\"lazy\" width=\"600\" height=\"480\" src=\"http:\/\/www.rtvnoticias.com.ar\/wp-content\/uploads\/2020\/12\/corona6nov.jpg\" alt=\"\" class=\"wp-image-24781\" srcset=\"http:\/\/www.rtvnoticias.com.ar\/wp-content\/uploads\/2020\/12\/corona6nov.jpg 600w, http:\/\/www.rtvnoticias.com.ar\/wp-content\/uploads\/2020\/12\/corona6nov-300x240.jpg 300w\" sizes=\"(max-width: 600px) 100vw, 600px\" \/><\/figure>\n\n\n\n<p><br><strong>\u00a0Colonia Menonita<\/strong><\/p>\n\n\n\n<p>Se confirmaron en Colonia Menonita, hasta el momento, 98 casos positivos. Se considera que el foco est\u00e1 bajo control, aunque pueden seguir surgiendo casos \u201cpor goteo\u201d.\u00a0 Desde el Hospital M\u00f3vil, instalado en el predio, se contin\u00faa trabajando y asistiendo a los pobladores.<\/p>\n\n\n\n<p><br><strong>Test r\u00e1pidos<\/strong><\/p>\n\n\n\n<p>Hospital de Centro Sanitario:\u00a0 10 test r\u00e1pidos, 4 positivos.<br>Establecimiento Asistencial Gobernador Centeno: 24, 3 positivos.<br>Hospital Realic\u00f3: 7, 1 positivo.<br>Hospital Evita: 3 negativos.<br>Hospital de Eduardo Castex: 8 test r\u00e1pidos, 2 positivos.<br>Hospitral de Toay: 7, 1 positivo.<br>Hospital de Victorica: 3, 2 positivos.<br>Hospital de 25 de Mayo: 10, 5 positivos.<br>Hospital de Ingeniero Luiggi: 4, 2 positivos.<br><br>De un total de 76 muestras analizadas por test de ant\u00edgenos en el d\u00eda, 20 resultaron positivas. Esas personas fueron autom\u00e1ticamente aisladas, al igual que sus contactos estrechos que est\u00e1n en seguimiento. Los diagn\u00f3sticos negativos ser\u00e1n analizados por la t\u00e9cnica de PCR<br><\/p>\n\n\n\n<p><br><strong>Fallecidos<\/strong><\/p>\n\n\n\n<p>En el d\u00eda de hoy y hasta el momento del cierre del parte diario, se han producido 2 fallecimientos. Una persona residente en Santa Rosa, sexo masculino, 74 a\u00f1os de 74 a\u00f1os y otra femenino de 79 a\u00f1os.<br><br><\/p>\n<div class=\"sharedaddy sd-sharing-enabled\"><div class=\"robots-nocontent sd-block sd-social sd-social-icon sd-sharing\"><h3 class=\"sd-title\">Comparte esto:<\/h3><div class=\"sd-content\"><ul><li class=\"share-twitter\"><a rel=\"nofollow noopener noreferrer\" data-shared=\"sharing-twitter-24780\" class=\"share-twitter sd-button share-icon no-text\" href=\"http:\/\/www.rtvnoticias.com.ar\/?p=24780&amp;share=twitter\" target=\"_blank\" title=\"Haz clic para compartir en Twitter\"><span><\/span><span class=\"sharing-screen-reader-text\">Haz clic para compartir en Twitter (Se abre en una ventana nueva)<\/span><\/a><\/li><li class=\"share-facebook\"><a rel=\"nofollow noopener noreferrer\" data-shared=\"sharing-facebook-24780\" class=\"share-facebook sd-button share-icon no-text\" href=\"http:\/\/www.rtvnoticias.com.ar\/?p=24780&amp;share=facebook\" target=\"_blank\" title=\"Haz clic para compartir en Facebook\"><span><\/span><span class=\"sharing-screen-reader-text\">Haz clic para compartir en Facebook (Se abre en una ventana nueva)<\/span><\/a><\/li><li class=\"share-jetpack-whatsapp\"><a rel=\"nofollow noopener noreferrer\" data-shared=\"\" class=\"share-jetpack-whatsapp sd-button share-icon no-text\" href=\"http:\/\/www.rtvnoticias.com.ar\/?p=24780&amp;share=jetpack-whatsapp\" target=\"_blank\" title=\"Haz clic para compartir en WhatsApp\"><span><\/span><span class=\"sharing-screen-reader-text\">Haz clic para compartir en WhatsApp (Se abre en una ventana nueva)<\/span><\/a><\/li><li class=\"share-telegram\"><a rel=\"nofollow noopener noreferrer\" data-shared=\"\" class=\"share-telegram sd-button share-icon no-text\" href=\"http:\/\/www.rtvnoticias.com.ar\/?p=24780&amp;share=telegram\" target=\"_blank\" title=\"Haz clic para compartir en Telegram\"><span><\/span><span class=\"sharing-screen-reader-text\">Haz clic para compartir en Telegram (Se abre en una ventana nueva)<\/span><\/a><\/li><li class=\"share-end\"><\/li><\/ul><\/div><\/div><\/div>","protected":false},"excerpt":{"rendered":"<p>El Gobierno de la provincia de La Pampa, a trav\u00e9s del Ministerio de Salud, comunic\u00f3 que en horas de la tarde del d\u00eda 6 de<\/p>\n<div class=\"sharedaddy sd-sharing-enabled\"><div class=\"robots-nocontent sd-block sd-social sd-social-icon sd-sharing\"><h3 class=\"sd-title\">Comparte esto:<\/h3><div class=\"sd-content\"><ul><li class=\"share-twitter\"><a rel=\"nofollow noopener noreferrer\" data-shared=\"sharing-twitter-24780\" class=\"share-twitter sd-button share-icon no-text\" href=\"http:\/\/www.rtvnoticias.com.ar\/?p=24780&amp;share=twitter\" target=\"_blank\" title=\"Haz clic para compartir en Twitter\"><span><\/span><span class=\"sharing-screen-reader-text\">Haz clic para compartir en Twitter (Se abre en una ventana nueva)<\/span><\/a><\/li><li class=\"share-facebook\"><a rel=\"nofollow noopener noreferrer\" data-shared=\"sharing-facebook-24780\" class=\"share-facebook sd-button share-icon no-text\" href=\"http:\/\/www.rtvnoticias.com.ar\/?p=24780&amp;share=facebook\" target=\"_blank\" title=\"Haz clic para compartir en Facebook\"><span><\/span><span class=\"sharing-screen-reader-text\">Haz clic para compartir en Facebook (Se abre en una ventana nueva)<\/span><\/a><\/li><li class=\"share-jetpack-whatsapp\"><a rel=\"nofollow noopener noreferrer\" data-shared=\"\" class=\"share-jetpack-whatsapp sd-button share-icon no-text\" href=\"http:\/\/www.rtvnoticias.com.ar\/?p=24780&amp;share=jetpack-whatsapp\" target=\"_blank\" title=\"Haz clic para compartir en WhatsApp\"><span><\/span><span class=\"sharing-screen-reader-text\">Haz clic para compartir en WhatsApp (Se abre en una ventana nueva)<\/span><\/a><\/li><li class=\"share-telegram\"><a rel=\"nofollow noopener noreferrer\" data-shared=\"\" class=\"share-telegram sd-button share-icon no-text\" href=\"http:\/\/www.rtvnoticias.com.ar\/?p=24780&amp;share=telegram\" target=\"_blank\" title=\"Haz clic para compartir en Telegram\"><span><\/span><span class=\"sharing-screen-reader-text\">Haz clic para compartir en Telegram (Se abre en una ventana nueva)<\/span><\/a><\/li><li class=\"share-end\"><\/li><\/ul><\/div><\/div><\/div>","protected":false},"author":7,"featured_media":22464,"comment_status":"closed","ping_status":"closed","sticky":false,"template":"","format":"standard","meta":{"spay_email":"","jetpack_publicize_message":"","jetpack_is_tweetstorm":false,"jetpack_publicize_feature_enabled":true},"categories":[4],"tags":[3151],"jetpack_featured_media_url":"http:\/\/www.rtvnoticias.com.ar\/wp-content\/uploads\/2020\/08\/la-pampa.png","jetpack_publicize_connections":[],"jetpack_sharing_enabled":true,"_links":{"self":[{"href":"http:\/\/www.rtvnoticias.com.ar\/index.php?rest_route=\/wp\/v2\/posts\/24780"}],"collection":[{"href":"http:\/\/www.rtvnoticias.com.ar\/index.php?rest_route=\/wp\/v2\/posts"}],"about":[{"href":"http:\/\/www.rtvnoticias.com.ar\/index.php?rest_route=\/wp\/v2\/types\/post"}],"author":[{"embeddable":true,"href":"http:\/\/www.rtvnoticias.com.ar\/index.php?rest_route=\/wp\/v2\/users\/7"}],"replies":[{"embeddable":true,"href":"http:\/\/www.rtvnoticias.com.ar\/index.php?rest_route=%2Fwp%2Fv2%2Fcomments&post=24780"}],"version-history":[{"count":1,"href":"http:\/\/www.rtvnoticias.com.ar\/index.php?rest_route=\/wp\/v2\/posts\/24780\/revisions"}],"predecessor-version":[{"id":24782,"href":"http:\/\/www.rtvnoticias.com.ar\/index.php?rest_route=\/wp\/v2\/posts\/24780\/revisions\/24782"}],"wp:featuredmedia":[{"embeddable":true,"href":"http:\/\/www.rtvnoticias.com.ar\/index.php?rest_route=\/wp\/v2\/media\/22464"}],"wp:attachment":[{"href":"http:\/\/www.rtvnoticias.com.ar\/index.php?rest_route=%2Fwp%2Fv2%2Fmedia&parent=24780"}],"wp:term":[{"taxonomy":"category","embeddable":true,"href":"http:\/\/www.rtvnoticias.com.ar\/index.php?rest_route=%2Fwp%2Fv2%2Fcategories&post=24780"},{"taxonomy":"post_tag","embeddable":true,"href":"http:\/\/www.rtvnoticias.com.ar\/index.php?rest_route=%2Fwp%2Fv2%2Ftags&post=24780"}],"curies":[{"name":"wp","href":"https:\/\/api.w.org\/{rel}","templated":true}]}}