{"id":24888,"date":"2020-12-17T11:54:26","date_gmt":"2020-12-17T14:54:26","guid":{"rendered":"http:\/\/www.rtvnoticias.com.ar\/?p=24888"},"modified":"2020-12-17T11:54:34","modified_gmt":"2020-12-17T14:54:34","slug":"salud-pide-desesperadamente-que-la-sociedad-se-cuide","status":"publish","type":"post","link":"http:\/\/www.rtvnoticias.com.ar\/?p=24888","title":{"rendered":"Salud pide desesperadamente que la sociedad se cuide"},"content":{"rendered":"\n<p>La provincia de La Pampa contin\u00faa en Fase 5, pero desde el ministerio de  Salud pidieron tomar medidas preventivas dada la aceleraci\u00f3n de la curva de contagios. \u00abSi seguimos con 200 casos diarios, a este ritmo, el sistema colapsa\u00bb, asegur\u00f3 el ministro Mario Kohan.<\/p>\n\n\n\n<p>El ministro de Salud, Mario Kohan, junto al subsecretario de Salud, Gustavo Vera, y  la m\u00e9dica Patricia Estrella, de Epidemiolog\u00eda,  manifest\u00f3 la preocupaci\u00f3n ante el aumento de casos de coronavirus. \u00abEstamos superando los 200 casos por d\u00eda y si se mantiene en 30 d\u00edas vamos a tener 6 mil casos por mes\u00bb, afirm\u00f3. \u00abEste n\u00famero es insostenible\u00bb, advirti\u00f3 el subsecretario de Salud, Gustavo Vera.<\/p>\n\n\n\n<p>Kohan pidi\u00f3 \u00abun esfuerzo m\u00e1s\u00bb para llegar en una situaci\u00f3n epidemiol\u00f3gica m\u00e1s aceptable al momento en que comience a aplicarse la vacuna. Las autoridades hicieron un llamado casi dram\u00e1tico: aseguraron que el sistema colapsa si se mantiene una tasa de contagios de m\u00e1s de 200 casos diarios.<\/p>\n\n\n\n<p>\u00abAl ritmo que vamos, no se si llegamos a festejar a\u00f1o nuevo -en fase 5-. Ojal\u00e1 lleguemos\u00bb, dijo el funcionario, en relaci\u00f3n al sostenido incremento de casos de la \u00faltima semana.<\/p>\n\n\n\n<p>Sobre lo realizado hasta ahora, el ministro dijo que se usaron todas las  herramientas que ten\u00edan al alcance, \u00abhicimos una importante inversi\u00f3n y usamos todo lo que estaba a la mano. Tambi\u00e9n aprendimos de lo que ocurri\u00f3 en el mundo, no hay dudas de que hay que usar el barbijo y el distanciamiento social, son conductas que quedan para siempre y van a sufrir las pandemias que van a venir\u00bb.<\/p>\n\n\n\n<p>Denunci\u00f3 que hay \u00abreuniones de gente, que comparten el mate, el pico de la botella, el hacinamiento de las personas\u00bb. \u00ab\u00bfQu\u00e9 podemos esperar? Entre un 30 y 40% de los casos no tienen s\u00edntomas. Y nosotros no tomamos medidas de recaudo. Sugerimos la actividad al aire libre, para ir a comer por ejemplo, porque en lugares cerrados se multiplica por 20. Pero las sillas est\u00e1n pegadas en lugar de mantener la distancia\u00bb, lament\u00f3.<\/p>\n\n\n\n<p>\u00abEn lugares cerrados el barbijo llega el momento que pierde efectividad\u00bb y pidi\u00f3 extremar los cuidados y no hacer reuniones previos a la fiestas.<\/p>\n\n\n\n<p>\u00abTenemos una familia de coronavirus circulando en el mundo. Este coronavirus, si bien tiene inteligencia para esquivarnos y que no podamos reaccionar oportunamente, tiene una baja mortalidad. Pero si hubi\u00e9ramos enfrentado otro tiene una mortalidad del 35 o 40%, y ser\u00eda una verdadera cat\u00e1strofe el mundo. No es que lo que le pasa a La Pampa nos pasa solo\u00a0 a nosotros. Nosotros llegamos al final, porque tuvimos mucho cuidado, pero si el 20% no est\u00e1 dispuesta a acompa\u00f1arnos, va a destruir el esfuerzo del otro 80%\u00bb, se\u00f1al\u00f3.<\/p>\n\n\n\n<p> El ministro y el subsecretario de Salud pidieron \u00abresponsabilidad\u00bb ante la pandemia y solicit\u00f3 acompa\u00f1amiento en las medidas preventivas.<\/p>\n\n\n\n<p>\u00abTen\u00edamos 40 o 50 casos diarios y hoy tenemos 200. Esto va a provocar el colapso del sistema de salud en alg\u00fan moment<strong>o.<\/strong> Hay que dejar de creer en teor\u00edas conspirativas, dejemos esos dilemas de salud o econom\u00eda, son las dos cosas. Es imprescindible que lo entendamos, los j\u00f3venes nos tienen que ayudar, porque los que tenemos juventud acumulada van a morir cinco de cada diez. Los m\u00e1s j\u00f3venes tienen que ser solidarios con los m\u00e1s antiguos. Ac\u00e1 no hay salvaci\u00f3n individual\u00bb, asegur\u00f3 el ministro.<\/p>\n\n\n\n<p>En tanto el subsecretario de Salud Gustavo Vera dijo que \u00absin responsabilidad social\u00bb la situaci\u00f3n se encamina a \u00abun colapso p\u00fablico y privado\u00bb del sistema de salud. Record\u00f3 que el personal de Salud \u00abse enferma permanentemente y est\u00e1 cansado y con miedo\u00bb.<\/p>\n\n\n\n<p>\u00abSi los j\u00f3venes no nos acompa\u00f1an, m\u00e1s all\u00e1 de las fases, vamos por mal camino. Lo que puede ocurrir es que pongamos una fase y no se cumpla. Necesitamos acompa\u00f1amiento para poder llegar a la vacunaci\u00f3n y a marzo con cerca de 100 mil personas vacunadas\u00bb, afirm\u00f3 <\/p>\n<div class=\"sharedaddy sd-sharing-enabled\"><div class=\"robots-nocontent sd-block sd-social sd-social-icon sd-sharing\"><h3 class=\"sd-title\">Comparte esto:<\/h3><div class=\"sd-content\"><ul><li class=\"share-twitter\"><a rel=\"nofollow noopener noreferrer\" data-shared=\"sharing-twitter-24888\" class=\"share-twitter sd-button share-icon no-text\" href=\"http:\/\/www.rtvnoticias.com.ar\/?p=24888&amp;share=twitter\" target=\"_blank\" title=\"Haz clic para compartir en Twitter\"><span><\/span><span class=\"sharing-screen-reader-text\">Haz clic para compartir en Twitter (Se abre en una ventana nueva)<\/span><\/a><\/li><li class=\"share-facebook\"><a rel=\"nofollow noopener noreferrer\" data-shared=\"sharing-facebook-24888\" class=\"share-facebook sd-button share-icon no-text\" href=\"http:\/\/www.rtvnoticias.com.ar\/?p=24888&amp;share=facebook\" target=\"_blank\" title=\"Haz clic para compartir en Facebook\"><span><\/span><span class=\"sharing-screen-reader-text\">Haz clic para compartir en Facebook (Se abre en una ventana nueva)<\/span><\/a><\/li><li class=\"share-jetpack-whatsapp\"><a rel=\"nofollow noopener noreferrer\" data-shared=\"\" class=\"share-jetpack-whatsapp sd-button share-icon no-text\" href=\"http:\/\/www.rtvnoticias.com.ar\/?p=24888&amp;share=jetpack-whatsapp\" target=\"_blank\" title=\"Haz clic para compartir en WhatsApp\"><span><\/span><span class=\"sharing-screen-reader-text\">Haz clic para compartir en WhatsApp (Se abre en una ventana nueva)<\/span><\/a><\/li><li class=\"share-telegram\"><a rel=\"nofollow noopener noreferrer\" data-shared=\"\" class=\"share-telegram sd-button share-icon no-text\" href=\"http:\/\/www.rtvnoticias.com.ar\/?p=24888&amp;share=telegram\" target=\"_blank\" title=\"Haz clic para compartir en Telegram\"><span><\/span><span class=\"sharing-screen-reader-text\">Haz clic para compartir en Telegram (Se abre en una ventana nueva)<\/span><\/a><\/li><li class=\"share-end\"><\/li><\/ul><\/div><\/div><\/div>","protected":false},"excerpt":{"rendered":"<p>La provincia de La Pampa contin\u00faa en Fase 5, pero desde el ministerio de Salud pidieron tomar medidas preventivas dada la aceleraci\u00f3n de la curva<\/p>\n<div class=\"sharedaddy sd-sharing-enabled\"><div class=\"robots-nocontent sd-block sd-social sd-social-icon sd-sharing\"><h3 class=\"sd-title\">Comparte esto:<\/h3><div class=\"sd-content\"><ul><li class=\"share-twitter\"><a rel=\"nofollow noopener noreferrer\" data-shared=\"sharing-twitter-24888\" class=\"share-twitter sd-button share-icon no-text\" href=\"http:\/\/www.rtvnoticias.com.ar\/?p=24888&amp;share=twitter\" target=\"_blank\" title=\"Haz clic para compartir en Twitter\"><span><\/span><span class=\"sharing-screen-reader-text\">Haz clic para compartir en Twitter (Se abre en una ventana nueva)<\/span><\/a><\/li><li class=\"share-facebook\"><a rel=\"nofollow noopener noreferrer\" data-shared=\"sharing-facebook-24888\" class=\"share-facebook sd-button share-icon no-text\" href=\"http:\/\/www.rtvnoticias.com.ar\/?p=24888&amp;share=facebook\" target=\"_blank\" title=\"Haz clic para compartir en Facebook\"><span><\/span><span class=\"sharing-screen-reader-text\">Haz clic para compartir en Facebook (Se abre en una ventana nueva)<\/span><\/a><\/li><li class=\"share-jetpack-whatsapp\"><a rel=\"nofollow noopener noreferrer\" data-shared=\"\" class=\"share-jetpack-whatsapp sd-button share-icon no-text\" href=\"http:\/\/www.rtvnoticias.com.ar\/?p=24888&amp;share=jetpack-whatsapp\" target=\"_blank\" title=\"Haz clic para compartir en WhatsApp\"><span><\/span><span class=\"sharing-screen-reader-text\">Haz clic para compartir en WhatsApp (Se abre en una ventana nueva)<\/span><\/a><\/li><li class=\"share-telegram\"><a rel=\"nofollow noopener noreferrer\" data-shared=\"\" class=\"share-telegram sd-button share-icon no-text\" href=\"http:\/\/www.rtvnoticias.com.ar\/?p=24888&amp;share=telegram\" target=\"_blank\" title=\"Haz clic para compartir en Telegram\"><span><\/span><span class=\"sharing-screen-reader-text\">Haz clic para compartir en Telegram (Se abre en una ventana nueva)<\/span><\/a><\/li><li class=\"share-end\"><\/li><\/ul><\/div><\/div><\/div>","protected":false},"author":5,"featured_media":24889,"comment_status":"closed","ping_status":"closed","sticky":false,"template":"","format":"standard","meta":{"spay_email":"","jetpack_publicize_message":"","jetpack_is_tweetstorm":false,"jetpack_publicize_feature_enabled":true},"categories":[4],"tags":[3595],"jetpack_featured_media_url":"http:\/\/www.rtvnoticias.com.ar\/wp-content\/uploads\/2020\/12\/kohan-conferencia.jpg","jetpack_publicize_connections":[],"jetpack_sharing_enabled":true,"_links":{"self":[{"href":"http:\/\/www.rtvnoticias.com.ar\/index.php?rest_route=\/wp\/v2\/posts\/24888"}],"collection":[{"href":"http:\/\/www.rtvnoticias.com.ar\/index.php?rest_route=\/wp\/v2\/posts"}],"about":[{"href":"http:\/\/www.rtvnoticias.com.ar\/index.php?rest_route=\/wp\/v2\/types\/post"}],"author":[{"embeddable":true,"href":"http:\/\/www.rtvnoticias.com.ar\/index.php?rest_route=\/wp\/v2\/users\/5"}],"replies":[{"embeddable":true,"href":"http:\/\/www.rtvnoticias.com.ar\/index.php?rest_route=%2Fwp%2Fv2%2Fcomments&post=24888"}],"version-history":[{"count":1,"href":"http:\/\/www.rtvnoticias.com.ar\/index.php?rest_route=\/wp\/v2\/posts\/24888\/revisions"}],"predecessor-version":[{"id":24890,"href":"http:\/\/www.rtvnoticias.com.ar\/index.php?rest_route=\/wp\/v2\/posts\/24888\/revisions\/24890"}],"wp:featuredmedia":[{"embeddable":true,"href":"http:\/\/www.rtvnoticias.com.ar\/index.php?rest_route=\/wp\/v2\/media\/24889"}],"wp:attachment":[{"href":"http:\/\/www.rtvnoticias.com.ar\/index.php?rest_route=%2Fwp%2Fv2%2Fmedia&parent=24888"}],"wp:term":[{"taxonomy":"category","embeddable":true,"href":"http:\/\/www.rtvnoticias.com.ar\/index.php?rest_route=%2Fwp%2Fv2%2Fcategories&post=24888"},{"taxonomy":"post_tag","embeddable":true,"href":"http:\/\/www.rtvnoticias.com.ar\/index.php?rest_route=%2Fwp%2Fv2%2Ftags&post=24888"}],"curies":[{"name":"wp","href":"https:\/\/api.w.org\/{rel}","templated":true}]}}