{"id":24907,"date":"2020-12-18T12:03:26","date_gmt":"2020-12-18T15:03:26","guid":{"rendered":"http:\/\/www.rtvnoticias.com.ar\/?p=24907"},"modified":"2020-12-18T12:03:30","modified_gmt":"2020-12-18T15:03:30","slug":"forte-dejo-la-presidente-del-ipcva-y-sigue-como-director","status":"publish","type":"post","link":"http:\/\/www.rtvnoticias.com.ar\/?p=24907","title":{"rendered":"Forte dej\u00f3 la presidente del IPCVA y sigue como director"},"content":{"rendered":"\n<p>Ulises \u00abChito\u00bb Forte dej\u00f3 la presidencia del Instituto de la Promoci\u00f3n Carne Vacuna Argentina -IPCVA- en manos de Juan Jos\u00e9 Grigera Na\u00f3n, representante de la Sociedad Rural Argentina, tras la asamblea realizada en los \u00faltimos d\u00edas. Forte seguir\u00e1 ocupando un importante lugar en la instituci\u00f3n en representaci\u00f3n de Federaci\u00f3n Agraria Argentina, ya que continuar\u00e1 en la conducci\u00f3n como director titular.<\/p>\n\n\n\n<p>Forte recibi\u00f3 el saludo por el trabajo realizado por parte del los dirigentes del Distrito 8 La Pampa y el \u00e9xito alcanzado en su gesti\u00f3n.<\/p>\n\n\n\n<p>El complejo federado nacional y muy en especial el pampeano, Distrito 8, se sinti\u00f3 representado  en ese organismo tan importante para el desarrollo ganadero como lo es el Instituto de Promoci\u00f3n de la Carne Vacuna Argentina, presidido hasta estos \u00faltimos d\u00edas por  Ulises \u00abChito\u00bb Forte, per\u00edodo que correspondi\u00f3 la conducci\u00f3n a Federaci\u00f3n Agraria Argentina en esa organizaci\u00f3n.<\/p>\n\n\n\n<p>Indudablemente fue un halago que este firme militante federado pampeano representara al productor ganadero estando al frente de un organismo tan importante, vuelos de miles y miles de kil\u00f3metros trasladaron a \u00e9l y sus colaboradores a distintos lugares del Mundo con la misi\u00f3n de imponer nuestras carnes vacunas, tarea que tuvo un notable \u00e9xito.<\/p>\n\n\n\n<p> Durante su gesti\u00f3n, innumerables jornadas ganaderas auspiciadas y organizadas por el IPCVA fueron realizadas a lo largo y ancho de nuestro pa\u00eds, encuentros a campo y auditorios se transformaron sin duda en una herramienta de capacitaci\u00f3n para los asistentes, ya que destacados profesionales de la producci\u00f3n ganadera y comercializaci\u00f3n  brindaron sus conocimientos a miles de productores.<\/p>\n\n\n\n<p> Desde el Distrito 8 de Federaci\u00f3n Agraria Argentina, expresamos nuestro inmenso reconocimiento a quien tan bien nos representara, defendiendo una causa tan importante como lo es la producci\u00f3n c\u00e1rnica que desde los inicios de nuestra Organizaci\u00f3n Nacional  fue eslab\u00f3n principal en la econom\u00eda y alimentaci\u00f3n.<\/p>\n<div class=\"sharedaddy sd-sharing-enabled\"><div class=\"robots-nocontent sd-block sd-social sd-social-icon sd-sharing\"><h3 class=\"sd-title\">Comparte esto:<\/h3><div class=\"sd-content\"><ul><li class=\"share-twitter\"><a rel=\"nofollow noopener noreferrer\" data-shared=\"sharing-twitter-24907\" class=\"share-twitter sd-button share-icon no-text\" href=\"http:\/\/www.rtvnoticias.com.ar\/?p=24907&amp;share=twitter\" target=\"_blank\" title=\"Haz clic para compartir en Twitter\"><span><\/span><span class=\"sharing-screen-reader-text\">Haz clic para compartir en Twitter (Se abre en una ventana nueva)<\/span><\/a><\/li><li class=\"share-facebook\"><a rel=\"nofollow noopener noreferrer\" data-shared=\"sharing-facebook-24907\" class=\"share-facebook sd-button share-icon no-text\" href=\"http:\/\/www.rtvnoticias.com.ar\/?p=24907&amp;share=facebook\" target=\"_blank\" title=\"Haz clic para compartir en Facebook\"><span><\/span><span class=\"sharing-screen-reader-text\">Haz clic para compartir en Facebook (Se abre en una ventana nueva)<\/span><\/a><\/li><li class=\"share-jetpack-whatsapp\"><a rel=\"nofollow noopener noreferrer\" data-shared=\"\" class=\"share-jetpack-whatsapp sd-button share-icon no-text\" href=\"http:\/\/www.rtvnoticias.com.ar\/?p=24907&amp;share=jetpack-whatsapp\" target=\"_blank\" title=\"Haz clic para compartir en WhatsApp\"><span><\/span><span class=\"sharing-screen-reader-text\">Haz clic para compartir en WhatsApp (Se abre en una ventana nueva)<\/span><\/a><\/li><li class=\"share-telegram\"><a rel=\"nofollow noopener noreferrer\" data-shared=\"\" class=\"share-telegram sd-button share-icon no-text\" href=\"http:\/\/www.rtvnoticias.com.ar\/?p=24907&amp;share=telegram\" target=\"_blank\" title=\"Haz clic para compartir en Telegram\"><span><\/span><span class=\"sharing-screen-reader-text\">Haz clic para compartir en Telegram (Se abre en una ventana nueva)<\/span><\/a><\/li><li class=\"share-end\"><\/li><\/ul><\/div><\/div><\/div>","protected":false},"excerpt":{"rendered":"<p>Ulises \u00abChito\u00bb Forte dej\u00f3 la presidencia del Instituto de la Promoci\u00f3n Carne Vacuna Argentina -IPCVA- en manos de Juan Jos\u00e9 Grigera Na\u00f3n, representante de la<\/p>\n<div class=\"sharedaddy sd-sharing-enabled\"><div class=\"robots-nocontent sd-block sd-social sd-social-icon sd-sharing\"><h3 class=\"sd-title\">Comparte esto:<\/h3><div class=\"sd-content\"><ul><li class=\"share-twitter\"><a rel=\"nofollow noopener noreferrer\" data-shared=\"sharing-twitter-24907\" class=\"share-twitter sd-button share-icon no-text\" href=\"http:\/\/www.rtvnoticias.com.ar\/?p=24907&amp;share=twitter\" target=\"_blank\" title=\"Haz clic para compartir en Twitter\"><span><\/span><span class=\"sharing-screen-reader-text\">Haz clic para compartir en Twitter (Se abre en una ventana nueva)<\/span><\/a><\/li><li class=\"share-facebook\"><a rel=\"nofollow noopener noreferrer\" data-shared=\"sharing-facebook-24907\" class=\"share-facebook sd-button share-icon no-text\" href=\"http:\/\/www.rtvnoticias.com.ar\/?p=24907&amp;share=facebook\" target=\"_blank\" title=\"Haz clic para compartir en Facebook\"><span><\/span><span class=\"sharing-screen-reader-text\">Haz clic para compartir en Facebook (Se abre en una ventana nueva)<\/span><\/a><\/li><li class=\"share-jetpack-whatsapp\"><a rel=\"nofollow noopener noreferrer\" data-shared=\"\" class=\"share-jetpack-whatsapp sd-button share-icon no-text\" href=\"http:\/\/www.rtvnoticias.com.ar\/?p=24907&amp;share=jetpack-whatsapp\" target=\"_blank\" title=\"Haz clic para compartir en WhatsApp\"><span><\/span><span class=\"sharing-screen-reader-text\">Haz clic para compartir en WhatsApp (Se abre en una ventana nueva)<\/span><\/a><\/li><li class=\"share-telegram\"><a rel=\"nofollow noopener noreferrer\" data-shared=\"\" class=\"share-telegram sd-button share-icon no-text\" href=\"http:\/\/www.rtvnoticias.com.ar\/?p=24907&amp;share=telegram\" target=\"_blank\" title=\"Haz clic para compartir en Telegram\"><span><\/span><span class=\"sharing-screen-reader-text\">Haz clic para compartir en Telegram (Se abre en una ventana nueva)<\/span><\/a><\/li><li class=\"share-end\"><\/li><\/ul><\/div><\/div><\/div>","protected":false},"author":5,"featured_media":13146,"comment_status":"closed","ping_status":"closed","sticky":false,"template":"","format":"standard","meta":{"spay_email":"","jetpack_publicize_message":"","jetpack_is_tweetstorm":false,"jetpack_publicize_feature_enabled":true},"categories":[1],"tags":[],"jetpack_featured_media_url":"http:\/\/www.rtvnoticias.com.ar\/wp-content\/uploads\/2019\/06\/forte-solo.jpg","jetpack_publicize_connections":[],"jetpack_sharing_enabled":true,"_links":{"self":[{"href":"http:\/\/www.rtvnoticias.com.ar\/index.php?rest_route=\/wp\/v2\/posts\/24907"}],"collection":[{"href":"http:\/\/www.rtvnoticias.com.ar\/index.php?rest_route=\/wp\/v2\/posts"}],"about":[{"href":"http:\/\/www.rtvnoticias.com.ar\/index.php?rest_route=\/wp\/v2\/types\/post"}],"author":[{"embeddable":true,"href":"http:\/\/www.rtvnoticias.com.ar\/index.php?rest_route=\/wp\/v2\/users\/5"}],"replies":[{"embeddable":true,"href":"http:\/\/www.rtvnoticias.com.ar\/index.php?rest_route=%2Fwp%2Fv2%2Fcomments&post=24907"}],"version-history":[{"count":1,"href":"http:\/\/www.rtvnoticias.com.ar\/index.php?rest_route=\/wp\/v2\/posts\/24907\/revisions"}],"predecessor-version":[{"id":24909,"href":"http:\/\/www.rtvnoticias.com.ar\/index.php?rest_route=\/wp\/v2\/posts\/24907\/revisions\/24909"}],"wp:featuredmedia":[{"embeddable":true,"href":"http:\/\/www.rtvnoticias.com.ar\/index.php?rest_route=\/wp\/v2\/media\/13146"}],"wp:attachment":[{"href":"http:\/\/www.rtvnoticias.com.ar\/index.php?rest_route=%2Fwp%2Fv2%2Fmedia&parent=24907"}],"wp:term":[{"taxonomy":"category","embeddable":true,"href":"http:\/\/www.rtvnoticias.com.ar\/index.php?rest_route=%2Fwp%2Fv2%2Fcategories&post=24907"},{"taxonomy":"post_tag","embeddable":true,"href":"http:\/\/www.rtvnoticias.com.ar\/index.php?rest_route=%2Fwp%2Fv2%2Ftags&post=24907"}],"curies":[{"name":"wp","href":"https:\/\/api.w.org\/{rel}","templated":true}]}}