{"id":24934,"date":"2020-12-20T21:24:52","date_gmt":"2020-12-21T00:24:52","guid":{"rendered":"http:\/\/www.rtvnoticias.com.ar\/?p=24934"},"modified":"2020-12-20T21:24:57","modified_gmt":"2020-12-21T00:24:57","slug":"coronavirus-166-nuevos-casos-positivos-y-un-hombre-fallecio","status":"publish","type":"post","link":"http:\/\/www.rtvnoticias.com.ar\/?p=24934","title":{"rendered":"Coronavirus: 166  nuevos casos positivos y un hombre falleci\u00f3"},"content":{"rendered":"\n<p>El Gobierno de la provincia de La Pampa, a trav\u00e9s del Ministerio de Salud, comunic\u00f3 que esta tarde se finaliz\u00f3 con el procesamiento de 830 muestras, analizadas en los laboratorios de la Direcci\u00f3n de Epidemiolo\u00eda y de los hospitales Gobernador Centeno y Lucio Molas, como as\u00ed tambi\u00e9n en los diferentes Centros de Salud que analizan test de ant\u00edgenos, de las cuales 166 resultaron positivas para COVID-19.<\/p>\n\n\n\n<p>De ellas 66 corresponden a residentes en Santa Rosa, 21 en General Pico, 38 en General Acha, 13 en Toay, 9 en Parera, 3 en Realic\u00f3, 3 en Guatrach\u00e9, 3 en Victorica, 3 en Macach\u00edn, 2 en Metileo, 2 en General San Mart\u00edn, 1 en Caleuf\u00fa, 1 en Quem\u00fa Quem\u00fa, 1 en Eduardo Castex.<\/p>\n\n\n\n<p>De los 166 casos confirmados en la tarde de hoy 98 se encontraban aislados por ser considerados contactos estrechos. Debido a la rapidez del diagn\u00f3stico por ant\u00edgenos (en media hora se otorga el resultado), a\u00fan se contin\u00faa desarrollando la investigaci\u00f3n epidemiol\u00f3gica de 68 casos. <br><br>Los casos confirmados activos est\u00e1n distribuidos de la siguiente manera: 938 en la ciudad de Santa Rosa, 256 en General Pico, 197 en General Acha, 96 en Toay, 60 en Realic\u00f3,\u00a0 68 en 25 de Mayo, 25 en Victorica, 23 en Eduardo Castex, 22 en Parera, 18 en Quem\u00fa Quem\u00fa, 18 en Guatrach\u00e9, 14 en Lonquimay, 14 en General San Mart\u00edn, 13 en Winifreda, 11 en Macach\u00edn , 8 en Colonia Bar\u00f3n, 8 en Alpachiri,7 en Catril\u00f3, 7 en Trenel, 5 en Puel\u00e9n, \u00a04 en Ingeniero Luiggi, 6 en General Campos, 2 en Anguil, 3 en Colonia Santa Teresa,\u00a0 5 en Tel\u00e9n, 3 en Santa Isabel, 1 en Dorila, 2 en Rancul, 1 en Falucho, 1 en Jacinto Arauz, 3 en Cuchillo C\u00f3, 5 en Bernasconi, 5 en Mauricio Mayer, 2 en Ataliva Roca, 1 en Quehu\u00e9, 1 en Limay Mahuida, 4 en Chacharramendi, 1 en La Adela, 1 en Rol\u00f3n, 2 en Caleuf\u00fa, 4 en Metileo, 1 en Puelches, 1 en Luan Toro, 1 en Monte Nievas, 1 en La Maruja, 1 en Intendente Alvear.<\/p>\n\n\n\n<p>Al d\u00eda de la fecha se encuentran aisladas un total de 7.324 personas en toda la provincia.<br><br><strong>Pacientes internados&nbsp;<\/strong><br>Se encuentran internados 66 pacientes confirmados para COVID-19. En General Pico 17 pacientes, 12 de ellos en modulares y 5 en terapia intensiva. En (CEAR-Modulares) de Santa Rosa 26 pacientes, 11 de ellos en cl\u00ednica m\u00e9dica, 7 en terapia intensiva y 8 en modulares. En el Hospital Evita de Santa Rosa 7 pacientes en cl\u00ednica m\u00e9dica. Y en el interior de la provincia se encuentran internados en cl\u00ednica m\u00e9dica:<br>Hospital de Acha: 4 pacientes; de Colonia Bar\u00f3n, 2,&nbsp;de Macach\u00edn: 1,&nbsp;de 25 de Mayo: 1,&nbsp;de Toay: 2,&nbsp;de Alpachiri: 1, de Trenel: 1,&nbsp;de Intendente Alvear:1,&nbsp;de Winifreda: 1, de Guatrach\u00e9&nbsp;1,&nbsp;de Quem\u00fa Quem\u00fa: 1.<br><br><br><strong>Fallecidos<\/strong><br>Hasta el momento del cierre del parte diario se ha informado el fallecimiento de un hombre de 85 a\u00f1os, residente en General Pico.\n\n<\/p>\n<div class=\"sharedaddy sd-sharing-enabled\"><div class=\"robots-nocontent sd-block sd-social sd-social-icon sd-sharing\"><h3 class=\"sd-title\">Comparte esto:<\/h3><div class=\"sd-content\"><ul><li class=\"share-twitter\"><a rel=\"nofollow noopener noreferrer\" data-shared=\"sharing-twitter-24934\" class=\"share-twitter sd-button share-icon no-text\" href=\"http:\/\/www.rtvnoticias.com.ar\/?p=24934&amp;share=twitter\" target=\"_blank\" title=\"Haz clic para compartir en Twitter\"><span><\/span><span class=\"sharing-screen-reader-text\">Haz clic para compartir en Twitter (Se abre en una ventana nueva)<\/span><\/a><\/li><li class=\"share-facebook\"><a rel=\"nofollow noopener noreferrer\" data-shared=\"sharing-facebook-24934\" class=\"share-facebook sd-button share-icon no-text\" href=\"http:\/\/www.rtvnoticias.com.ar\/?p=24934&amp;share=facebook\" target=\"_blank\" title=\"Haz clic para compartir en Facebook\"><span><\/span><span class=\"sharing-screen-reader-text\">Haz clic para compartir en Facebook (Se abre en una ventana nueva)<\/span><\/a><\/li><li class=\"share-jetpack-whatsapp\"><a rel=\"nofollow noopener noreferrer\" data-shared=\"\" class=\"share-jetpack-whatsapp sd-button share-icon no-text\" href=\"http:\/\/www.rtvnoticias.com.ar\/?p=24934&amp;share=jetpack-whatsapp\" target=\"_blank\" title=\"Haz clic para compartir en WhatsApp\"><span><\/span><span class=\"sharing-screen-reader-text\">Haz clic para compartir en WhatsApp (Se abre en una ventana nueva)<\/span><\/a><\/li><li class=\"share-telegram\"><a rel=\"nofollow noopener noreferrer\" data-shared=\"\" class=\"share-telegram sd-button share-icon no-text\" href=\"http:\/\/www.rtvnoticias.com.ar\/?p=24934&amp;share=telegram\" target=\"_blank\" title=\"Haz clic para compartir en Telegram\"><span><\/span><span class=\"sharing-screen-reader-text\">Haz clic para compartir en Telegram (Se abre en una ventana nueva)<\/span><\/a><\/li><li class=\"share-end\"><\/li><\/ul><\/div><\/div><\/div>","protected":false},"excerpt":{"rendered":"<p>El Gobierno de la provincia de La Pampa, a trav\u00e9s del Ministerio de Salud, comunic\u00f3 que esta tarde se finaliz\u00f3 con el procesamiento de 830<\/p>\n<div class=\"sharedaddy sd-sharing-enabled\"><div class=\"robots-nocontent sd-block sd-social sd-social-icon sd-sharing\"><h3 class=\"sd-title\">Comparte esto:<\/h3><div class=\"sd-content\"><ul><li class=\"share-twitter\"><a rel=\"nofollow noopener noreferrer\" data-shared=\"sharing-twitter-24934\" class=\"share-twitter sd-button share-icon no-text\" href=\"http:\/\/www.rtvnoticias.com.ar\/?p=24934&amp;share=twitter\" target=\"_blank\" title=\"Haz clic para compartir en Twitter\"><span><\/span><span class=\"sharing-screen-reader-text\">Haz clic para compartir en Twitter (Se abre en una ventana nueva)<\/span><\/a><\/li><li class=\"share-facebook\"><a rel=\"nofollow noopener noreferrer\" data-shared=\"sharing-facebook-24934\" class=\"share-facebook sd-button share-icon no-text\" href=\"http:\/\/www.rtvnoticias.com.ar\/?p=24934&amp;share=facebook\" target=\"_blank\" title=\"Haz clic para compartir en Facebook\"><span><\/span><span class=\"sharing-screen-reader-text\">Haz clic para compartir en Facebook (Se abre en una ventana nueva)<\/span><\/a><\/li><li class=\"share-jetpack-whatsapp\"><a rel=\"nofollow noopener noreferrer\" data-shared=\"\" class=\"share-jetpack-whatsapp sd-button share-icon no-text\" href=\"http:\/\/www.rtvnoticias.com.ar\/?p=24934&amp;share=jetpack-whatsapp\" target=\"_blank\" title=\"Haz clic para compartir en WhatsApp\"><span><\/span><span class=\"sharing-screen-reader-text\">Haz clic para compartir en WhatsApp (Se abre en una ventana nueva)<\/span><\/a><\/li><li class=\"share-telegram\"><a rel=\"nofollow noopener noreferrer\" data-shared=\"\" class=\"share-telegram sd-button share-icon no-text\" href=\"http:\/\/www.rtvnoticias.com.ar\/?p=24934&amp;share=telegram\" target=\"_blank\" title=\"Haz clic para compartir en Telegram\"><span><\/span><span class=\"sharing-screen-reader-text\">Haz clic para compartir en Telegram (Se abre en una ventana nueva)<\/span><\/a><\/li><li class=\"share-end\"><\/li><\/ul><\/div><\/div><\/div>","protected":false},"author":5,"featured_media":22464,"comment_status":"closed","ping_status":"closed","sticky":false,"template":"","format":"standard","meta":{"spay_email":"","jetpack_publicize_message":"","jetpack_is_tweetstorm":false,"jetpack_publicize_feature_enabled":true},"categories":[4],"tags":[3151],"jetpack_featured_media_url":"http:\/\/www.rtvnoticias.com.ar\/wp-content\/uploads\/2020\/08\/la-pampa.png","jetpack_publicize_connections":[],"jetpack_sharing_enabled":true,"_links":{"self":[{"href":"http:\/\/www.rtvnoticias.com.ar\/index.php?rest_route=\/wp\/v2\/posts\/24934"}],"collection":[{"href":"http:\/\/www.rtvnoticias.com.ar\/index.php?rest_route=\/wp\/v2\/posts"}],"about":[{"href":"http:\/\/www.rtvnoticias.com.ar\/index.php?rest_route=\/wp\/v2\/types\/post"}],"author":[{"embeddable":true,"href":"http:\/\/www.rtvnoticias.com.ar\/index.php?rest_route=\/wp\/v2\/users\/5"}],"replies":[{"embeddable":true,"href":"http:\/\/www.rtvnoticias.com.ar\/index.php?rest_route=%2Fwp%2Fv2%2Fcomments&post=24934"}],"version-history":[{"count":1,"href":"http:\/\/www.rtvnoticias.com.ar\/index.php?rest_route=\/wp\/v2\/posts\/24934\/revisions"}],"predecessor-version":[{"id":24935,"href":"http:\/\/www.rtvnoticias.com.ar\/index.php?rest_route=\/wp\/v2\/posts\/24934\/revisions\/24935"}],"wp:featuredmedia":[{"embeddable":true,"href":"http:\/\/www.rtvnoticias.com.ar\/index.php?rest_route=\/wp\/v2\/media\/22464"}],"wp:attachment":[{"href":"http:\/\/www.rtvnoticias.com.ar\/index.php?rest_route=%2Fwp%2Fv2%2Fmedia&parent=24934"}],"wp:term":[{"taxonomy":"category","embeddable":true,"href":"http:\/\/www.rtvnoticias.com.ar\/index.php?rest_route=%2Fwp%2Fv2%2Fcategories&post=24934"},{"taxonomy":"post_tag","embeddable":true,"href":"http:\/\/www.rtvnoticias.com.ar\/index.php?rest_route=%2Fwp%2Fv2%2Ftags&post=24934"}],"curies":[{"name":"wp","href":"https:\/\/api.w.org\/{rel}","templated":true}]}}