{"id":25047,"date":"2020-12-29T12:32:49","date_gmt":"2020-12-29T15:32:49","guid":{"rendered":"http:\/\/www.rtvnoticias.com.ar\/?p=25047"},"modified":"2020-12-29T12:34:40","modified_gmt":"2020-12-29T15:34:40","slug":"general-pico-comenzo-la-vacunacion-a-personal-de-servicios-criticos-de-salud","status":"publish","type":"post","link":"http:\/\/www.rtvnoticias.com.ar\/?p=25047","title":{"rendered":"General Pico: comenz\u00f3 la vacunaci\u00f3n a personal de servicios cr\u00edticos de Salud"},"content":{"rendered":"\n<p style=\"text-align:center\"><strong>Esta ma\u00f1ana, en una de las carpas estructurales armadas por el Regimiento de Caballer\u00eda Ligero 13 especialmente para la oportunidad, dio inicio la campa\u00f1a de vacunaci\u00f3n contra la COVID-19 en General Pico.<\/strong><\/p>\n\n\n\n<p>El director del Establecimiento Asistencial Gobernador Centeno, Esteban Vianello, explic\u00f3 a la Agencia Provincial de Noticias, que la vacunaci\u00f3n est\u00e1 programada para desarrollarla por servicios. \u201cSe diagram\u00f3 hacer los servicios cr\u00edticos, que trabajan directamente con la gente que est\u00e1 padeciendo la enfermedad COVID, comenzamos con Guardia Central, Terapia, M\u00f3dulo, Servicio de Emergencias M\u00e9dicas y algunos servicios m\u00e1s que se van amoldando. Trabajamos en estas jornadas extendidas, que ser\u00e1n hasta las 5 o 6 de la tarde, vacunando en turnos por servicios\u201d.<br><\/p>\n\n\n\n<p>Consultado por su sensaci\u00f3n personal al recibir la vacuna, el m\u00e9dico expres\u00f3: \u201ces un esquema m\u00e1s de vacunaci\u00f3n que se implementa a nivel nacional y a nivel mundial en este caso, lo vamos transitando como toda estrategia que se hace en medicina preventiva, esto es netamente prevenci\u00f3n primaria, porque la vacuna lo que hace es prevenir que se desarrollen las enfermedades. Hace que el sistema de Salud tenga una herramienta m\u00e1s para disminuir los casos, es uno de los objetivos de la vacuna, y como segundo par\u00e1metro, a aquellos que son vacunados y padecen la enfermedad es que tengan menores complicaciones\u201d.<br><\/p>\n\n\n\n<p>Una vez aplicada la vacuna se guarda media hora de reposo, por tal motivo, personal del Ej\u00e9rcito arm\u00f3 otra carpa de mayores dimensiones para pasar de la carpa de vacunaci\u00f3n hacia este sector.<br><\/p>\n\n\n\n<p>Finalmente, Esteban Vianello coment\u00f3 que con las 450 dosis recibidas \u201cnos permite trabajar c\u00f3modamente con todos los servicios cr\u00edticos y ampliar la cobertura en caso de que haya disponibilidad\u201d.<\/p>\n\n\n\n<p><strong>El Ej\u00e9rcito Argentino instal\u00f3 dos carpas que se utilizar\u00e1n en la vacunaci\u00f3n<\/strong><\/p>\n\n\n\n<p>Personal del Regimiento de Caballer\u00eda Ligero 13, con asiento en General Pico, procedi\u00f3 al armado de dos carpas de importantes dimensiones en el predio ubicado en el servicio de vacunaci\u00f3n del hospital Gobernador Centeno, que ser\u00e1n utilizadas para la vacunaci\u00f3n que comenzar\u00e1 el d\u00eda de ma\u00f1ana.La instalaci\u00f3n de las carpas tiene como fin dar mayor accesibilidad al sector, mejorando la circulaci\u00f3n, teniendo en cuenta que se comenzar\u00e1 el proceso vacunatorio al personal que est\u00e1 en la atenci\u00f3n directa con pacientes COVID.<br><\/p>\n\n\n\n<p>De acuerdo a la informaci\u00f3n suministrada por autoridades del Establecimiento Asistencial Gobernador Centeno, se prev\u00e9 dentro de los trabajos de log\u00edstica, que ambas carpas se mantengan instaladas en el predio para ser utilizadas a lo largo del per\u00edodo de tiempo en que se realice la vacunaci\u00f3n. <\/p>\n\n\n\n<figure class=\"wp-block-image\"><img decoding=\"async\" src=\"https:\/\/apn.lapampa.gob.ar\/images\/multimedia\/225696_whatsapp-image-2020-12-28-at-18.15.58.jpeg\" alt=\"El Ej\u00e9rcito Argentino instal\u00f3 dos carpas que se utilizar\u00e1n en la vacunaci\u00f3n \"\/><\/figure>\n<div class=\"sharedaddy sd-sharing-enabled\"><div class=\"robots-nocontent sd-block sd-social sd-social-icon sd-sharing\"><h3 class=\"sd-title\">Comparte esto:<\/h3><div class=\"sd-content\"><ul><li class=\"share-twitter\"><a rel=\"nofollow noopener noreferrer\" data-shared=\"sharing-twitter-25047\" class=\"share-twitter sd-button share-icon no-text\" href=\"http:\/\/www.rtvnoticias.com.ar\/?p=25047&amp;share=twitter\" target=\"_blank\" title=\"Haz clic para compartir en Twitter\"><span><\/span><span class=\"sharing-screen-reader-text\">Haz clic para compartir en Twitter (Se abre en una ventana nueva)<\/span><\/a><\/li><li class=\"share-facebook\"><a rel=\"nofollow noopener noreferrer\" data-shared=\"sharing-facebook-25047\" class=\"share-facebook sd-button share-icon no-text\" href=\"http:\/\/www.rtvnoticias.com.ar\/?p=25047&amp;share=facebook\" target=\"_blank\" title=\"Haz clic para compartir en Facebook\"><span><\/span><span class=\"sharing-screen-reader-text\">Haz clic para compartir en Facebook (Se abre en una ventana nueva)<\/span><\/a><\/li><li class=\"share-jetpack-whatsapp\"><a rel=\"nofollow noopener noreferrer\" data-shared=\"\" class=\"share-jetpack-whatsapp sd-button share-icon no-text\" href=\"http:\/\/www.rtvnoticias.com.ar\/?p=25047&amp;share=jetpack-whatsapp\" target=\"_blank\" title=\"Haz clic para compartir en WhatsApp\"><span><\/span><span class=\"sharing-screen-reader-text\">Haz clic para compartir en WhatsApp (Se abre en una ventana nueva)<\/span><\/a><\/li><li class=\"share-telegram\"><a rel=\"nofollow noopener noreferrer\" data-shared=\"\" class=\"share-telegram sd-button share-icon no-text\" href=\"http:\/\/www.rtvnoticias.com.ar\/?p=25047&amp;share=telegram\" target=\"_blank\" title=\"Haz clic para compartir en Telegram\"><span><\/span><span class=\"sharing-screen-reader-text\">Haz clic para compartir en Telegram (Se abre en una ventana nueva)<\/span><\/a><\/li><li class=\"share-end\"><\/li><\/ul><\/div><\/div><\/div>","protected":false},"excerpt":{"rendered":"<p>Esta ma\u00f1ana, en una de las carpas estructurales armadas por el Regimiento de Caballer\u00eda Ligero 13 especialmente para la oportunidad, dio inicio la campa\u00f1a de<\/p>\n<div class=\"sharedaddy sd-sharing-enabled\"><div class=\"robots-nocontent sd-block sd-social sd-social-icon sd-sharing\"><h3 class=\"sd-title\">Comparte esto:<\/h3><div class=\"sd-content\"><ul><li class=\"share-twitter\"><a rel=\"nofollow noopener noreferrer\" data-shared=\"sharing-twitter-25047\" class=\"share-twitter sd-button share-icon no-text\" href=\"http:\/\/www.rtvnoticias.com.ar\/?p=25047&amp;share=twitter\" target=\"_blank\" title=\"Haz clic para compartir en Twitter\"><span><\/span><span class=\"sharing-screen-reader-text\">Haz clic para compartir en Twitter (Se abre en una ventana nueva)<\/span><\/a><\/li><li class=\"share-facebook\"><a rel=\"nofollow noopener noreferrer\" data-shared=\"sharing-facebook-25047\" class=\"share-facebook sd-button share-icon no-text\" href=\"http:\/\/www.rtvnoticias.com.ar\/?p=25047&amp;share=facebook\" target=\"_blank\" title=\"Haz clic para compartir en Facebook\"><span><\/span><span class=\"sharing-screen-reader-text\">Haz clic para compartir en Facebook (Se abre en una ventana nueva)<\/span><\/a><\/li><li class=\"share-jetpack-whatsapp\"><a rel=\"nofollow noopener noreferrer\" data-shared=\"\" class=\"share-jetpack-whatsapp sd-button share-icon no-text\" href=\"http:\/\/www.rtvnoticias.com.ar\/?p=25047&amp;share=jetpack-whatsapp\" target=\"_blank\" title=\"Haz clic para compartir en WhatsApp\"><span><\/span><span class=\"sharing-screen-reader-text\">Haz clic para compartir en WhatsApp (Se abre en una ventana nueva)<\/span><\/a><\/li><li class=\"share-telegram\"><a rel=\"nofollow noopener noreferrer\" data-shared=\"\" class=\"share-telegram sd-button share-icon no-text\" href=\"http:\/\/www.rtvnoticias.com.ar\/?p=25047&amp;share=telegram\" target=\"_blank\" title=\"Haz clic para compartir en Telegram\"><span><\/span><span class=\"sharing-screen-reader-text\">Haz clic para compartir en Telegram (Se abre en una ventana nueva)<\/span><\/a><\/li><li class=\"share-end\"><\/li><\/ul><\/div><\/div><\/div>","protected":false},"author":7,"featured_media":25048,"comment_status":"closed","ping_status":"closed","sticky":false,"template":"","format":"standard","meta":{"spay_email":"","jetpack_publicize_message":"","jetpack_is_tweetstorm":false,"jetpack_publicize_feature_enabled":true},"categories":[1],"tags":[],"jetpack_featured_media_url":"http:\/\/www.rtvnoticias.com.ar\/wp-content\/uploads\/2020\/12\/vianello-vacuna.jpg","jetpack_publicize_connections":[],"jetpack_sharing_enabled":true,"_links":{"self":[{"href":"http:\/\/www.rtvnoticias.com.ar\/index.php?rest_route=\/wp\/v2\/posts\/25047"}],"collection":[{"href":"http:\/\/www.rtvnoticias.com.ar\/index.php?rest_route=\/wp\/v2\/posts"}],"about":[{"href":"http:\/\/www.rtvnoticias.com.ar\/index.php?rest_route=\/wp\/v2\/types\/post"}],"author":[{"embeddable":true,"href":"http:\/\/www.rtvnoticias.com.ar\/index.php?rest_route=\/wp\/v2\/users\/7"}],"replies":[{"embeddable":true,"href":"http:\/\/www.rtvnoticias.com.ar\/index.php?rest_route=%2Fwp%2Fv2%2Fcomments&post=25047"}],"version-history":[{"count":2,"href":"http:\/\/www.rtvnoticias.com.ar\/index.php?rest_route=\/wp\/v2\/posts\/25047\/revisions"}],"predecessor-version":[{"id":25050,"href":"http:\/\/www.rtvnoticias.com.ar\/index.php?rest_route=\/wp\/v2\/posts\/25047\/revisions\/25050"}],"wp:featuredmedia":[{"embeddable":true,"href":"http:\/\/www.rtvnoticias.com.ar\/index.php?rest_route=\/wp\/v2\/media\/25048"}],"wp:attachment":[{"href":"http:\/\/www.rtvnoticias.com.ar\/index.php?rest_route=%2Fwp%2Fv2%2Fmedia&parent=25047"}],"wp:term":[{"taxonomy":"category","embeddable":true,"href":"http:\/\/www.rtvnoticias.com.ar\/index.php?rest_route=%2Fwp%2Fv2%2Fcategories&post=25047"},{"taxonomy":"post_tag","embeddable":true,"href":"http:\/\/www.rtvnoticias.com.ar\/index.php?rest_route=%2Fwp%2Fv2%2Ftags&post=25047"}],"curies":[{"name":"wp","href":"https:\/\/api.w.org\/{rel}","templated":true}]}}