{"id":25051,"date":"2020-12-29T12:43:34","date_gmt":"2020-12-29T15:43:34","guid":{"rendered":"http:\/\/www.rtvnoticias.com.ar\/?p=25051"},"modified":"2020-12-29T12:43:36","modified_gmt":"2020-12-29T15:43:36","slug":"diputados-sesiona-para-convertir-en-ley-la-nueva-formula-de-movilidad","status":"publish","type":"post","link":"http:\/\/www.rtvnoticias.com.ar\/?p=25051","title":{"rendered":"Diputados sesiona para convertir en ley la nueva f\u00f3rmula de movilidad"},"content":{"rendered":"\n<p style=\"text-align:center\"><strong>La C\u00e1mara de Diputados sesiona para discutir el proyecto de movilidad jubilatoria que el oficialismo, con el respaldo de bloques provinciales, aspira a convertir en ley para formalizar la aplicaci\u00f3n de un ajuste trimestral de los haberes previsionales con una f\u00f3rmula que combina un 50% de la recaudaci\u00f3n de la Anses y otro 50% de la variaci\u00f3n salarial.<\/strong><\/p>\n\n\n\n<p>La sesi\u00f3n comenz\u00f3 a las 11.40 y se realiza bajo la movilidad presencial, con las excepciones de conexi\u00f3n remota para aquellos diputados que integran grupos de riesgo, ya sea por cuestiones de edad o de salud.<\/p>\n\n\n\n<p>Est\u00e1 previsto que los debates se extiendan por unas 15 horas y se estima que el dictamen de mayor\u00eda se votar\u00e1 cerca de las 2 o 3 de la ma\u00f1ana del mi\u00e9rcoles, seg\u00fan el acuerdo alcanzado en la reuni\u00f3n de Labor Parlamentaria.<\/p>\n\n\n\n<p>El presidente de la C\u00e1mara, Sergio Massa, y los jefes de los bloques parlamentarios acordaron que la sesi\u00f3n especial no se prolongue mas all\u00e1 de la madrugada, debido a que muchos legisladores tienen vuelos desde las 6 de la ma\u00f1ana para retornar a sus provincias.<\/p>\n\n\n\n<p>Adem\u00e1s de los tiempos que tiene cada bancada, habr\u00e1 35 oradores de los interbloques y otros 10 individuales, seg\u00fan se\u00f1alaron fuentes parlamentarias,aunque como sucede siempre, esa lista se podr\u00e1 ampliar.<\/p>\n\n\n\n<p>En el pedido de sesi\u00f3n impulsado por el bloque oficialista del Frente de Todos tambi\u00e9n se incluyeron otros dos expedientes: uno para autorizar a Alberto Fern\u00e1ndez a viajar fuera del pa\u00eds durante 2021 y otro sobre la aprobaci\u00f3n de un acuerdo con el gobierno de Qatar, para evitar la sobreimposici\u00f3n y prevenir la evasi\u00f3n fiscal en materia de impuestos a la renta y al patrimonio.<\/p>\n\n\n\n<p><strong>La nueva f\u00f3rmula<\/strong><\/p>\n\n\n\n<p>La nueva movilidad para el sector pasivo, por la cual las jubilaciones se ajustar\u00e1n con una f\u00f3rmula que combina en un 50% la recaudaci\u00f3n de la Anses y en otro 50% la variaci\u00f3n salarial, ya cuenta con media sanci\u00f3n del Senado.<\/p>\n\n\n\n<p>Antes de llegar al recinto el proyecto obtuvo las firmas de los diputados del Frente de Todos y cont\u00f3 con el apoyo de los diputados del bloque C\u00f3rdoba Federal, los misioneros y el titular del Interbloque Unidad Federal para el Desarrollo, Jos\u00e9 Luis Ram\u00f3n, con lo cual se estima garantizada la aprobaci\u00f3n en la sesi\u00f3n de este mi\u00e9rcoles.<\/p>\n\n\n\n<p>En tanto, Juntos por el Cambio, Consenso Federal y el Frente de Izquierda objetaron que la nueva f\u00f3rmula no incluye a la inflaci\u00f3n como variable de ajuste de las jubilaciones.<\/p>\n\n\n\n<p>En declaraciones a T\u00e9lam, el diputado del Frente de Todos Marcelo Casaretto, afirm\u00f3: \u00abCreemos que en la salida de la pandemia la Argentina va a crecer, van a mejorar los salarios y va a mejorar la recaudaci\u00f3n\u00bb.<\/p>\n\n\n\n<p>\u00abPor lo tanto, va a haber un proceso de redistribuci\u00f3n del ingreso y por eso queremos que los jubilados participen de ese proceso de distribuci\u00f3n del ingreso y ese es el objetivo de esta ley\u00bb, asever\u00f3 elpresidente de la comisi\u00f3n de Previsi\u00f3n Social.<\/p>\n\n\n\n<p>Desde la oposici\u00f3n, el diputado radical Alejandro Cacace, vicepresidente de la comisi\u00f3n de Previsi\u00f3n, consider\u00f3 que \u00abeste es un ajuste para los jubilados que se hizo en 2020 con la suspensi\u00f3n de la ley de movilidad desde el que cobra la m\u00e1xima al que cobra la m\u00ednima que les ocasion\u00f3 p\u00e9rdidas de entre 5 mil y 150 mil pesos donde varios tribunales ya les dieron la raz\u00f3n a los jubilados\u00bb.<\/p>\n\n\n\n<p>\u00abLa \u00fanica raz\u00f3n que tiene el Gobierno para hacerlo es ahorrar recursos en 2021 y lo que se busca es desenganchar de la inflaci\u00f3n, en un a\u00f1o en el que se estima una inflaci\u00f3n del 50% que significa que la ca\u00edda de la jubilaci\u00f3n no tenga piso\u00bb, enfatiz\u00f3 Cacace en declaraciones a T\u00e9lam.<\/p>\n\n\n\n<p>El nuevo \u00edndice est\u00e1 basado en la f\u00f3rmula aplicada desde 2009 por el Gobierno de Cristina Fern\u00e1ndez de Kirchner, que luego Mauricio Macri dej\u00f3 sin efecto, estableciendo su propio esquema jubilatorio que, seg\u00fan los analistas, perjudic\u00f3 los haberes del sector pasivo.De esta forma, y de aprobarse la iniciativa, se volver\u00e1 a aplicar la f\u00f3rmula con la que los jubilados, seg\u00fan el oficialismo, ganaron un 26% por encima de la inflaci\u00f3n.<\/p>\n\n\n\n<p>En su paso por el Senado, y por sugerencia del Frente de Todos, se le introdujeron cambios sustanciales para que, entre otros aspectos, los aumentos previsionales sean trimestrales, con lo cual habr\u00e1 cuatro incrementos por a\u00f1o.<\/p>\n\n\n\n<p>El proyecto original establec\u00eda que los cambios en la f\u00f3rmula de movilidad se iban a producir cada seis meses.<\/p>\n\n\n\n<p>Esa modificaci\u00f3n fue adoptada para \u00abempalmar\u00bb los meses de \u00abenero, febrero y marzo\u00bb, que estaban \u00abafuera\u00bb de la actualizaci\u00f3n, porque la f\u00f3rmula del anterior Gobierno de Macri se aprob\u00f3 en diciembre de 2017, pero empez\u00f3 a regir en marzo de 2018.<\/p>\n<div class=\"sharedaddy sd-sharing-enabled\"><div class=\"robots-nocontent sd-block sd-social sd-social-icon sd-sharing\"><h3 class=\"sd-title\">Comparte esto:<\/h3><div class=\"sd-content\"><ul><li class=\"share-twitter\"><a rel=\"nofollow noopener noreferrer\" data-shared=\"sharing-twitter-25051\" class=\"share-twitter sd-button share-icon no-text\" href=\"http:\/\/www.rtvnoticias.com.ar\/?p=25051&amp;share=twitter\" target=\"_blank\" title=\"Haz clic para compartir en Twitter\"><span><\/span><span class=\"sharing-screen-reader-text\">Haz clic para compartir en Twitter (Se abre en una ventana nueva)<\/span><\/a><\/li><li class=\"share-facebook\"><a rel=\"nofollow noopener noreferrer\" data-shared=\"sharing-facebook-25051\" class=\"share-facebook sd-button share-icon no-text\" href=\"http:\/\/www.rtvnoticias.com.ar\/?p=25051&amp;share=facebook\" target=\"_blank\" title=\"Haz clic para compartir en Facebook\"><span><\/span><span class=\"sharing-screen-reader-text\">Haz clic para compartir en Facebook (Se abre en una ventana nueva)<\/span><\/a><\/li><li class=\"share-jetpack-whatsapp\"><a rel=\"nofollow noopener noreferrer\" data-shared=\"\" class=\"share-jetpack-whatsapp sd-button share-icon no-text\" href=\"http:\/\/www.rtvnoticias.com.ar\/?p=25051&amp;share=jetpack-whatsapp\" target=\"_blank\" title=\"Haz clic para compartir en WhatsApp\"><span><\/span><span class=\"sharing-screen-reader-text\">Haz clic para compartir en WhatsApp (Se abre en una ventana nueva)<\/span><\/a><\/li><li class=\"share-telegram\"><a rel=\"nofollow noopener noreferrer\" data-shared=\"\" class=\"share-telegram sd-button share-icon no-text\" href=\"http:\/\/www.rtvnoticias.com.ar\/?p=25051&amp;share=telegram\" target=\"_blank\" title=\"Haz clic para compartir en Telegram\"><span><\/span><span class=\"sharing-screen-reader-text\">Haz clic para compartir en Telegram (Se abre en una ventana nueva)<\/span><\/a><\/li><li class=\"share-end\"><\/li><\/ul><\/div><\/div><\/div>","protected":false},"excerpt":{"rendered":"<p>La C\u00e1mara de Diputados sesiona para discutir el proyecto de movilidad jubilatoria que el oficialismo, con el respaldo de bloques provinciales, aspira a convertir en<\/p>\n<div class=\"sharedaddy sd-sharing-enabled\"><div class=\"robots-nocontent sd-block sd-social sd-social-icon sd-sharing\"><h3 class=\"sd-title\">Comparte esto:<\/h3><div class=\"sd-content\"><ul><li class=\"share-twitter\"><a rel=\"nofollow noopener noreferrer\" data-shared=\"sharing-twitter-25051\" class=\"share-twitter sd-button share-icon no-text\" href=\"http:\/\/www.rtvnoticias.com.ar\/?p=25051&amp;share=twitter\" target=\"_blank\" title=\"Haz clic para compartir en Twitter\"><span><\/span><span class=\"sharing-screen-reader-text\">Haz clic para compartir en Twitter (Se abre en una ventana nueva)<\/span><\/a><\/li><li class=\"share-facebook\"><a rel=\"nofollow noopener noreferrer\" data-shared=\"sharing-facebook-25051\" class=\"share-facebook sd-button share-icon no-text\" href=\"http:\/\/www.rtvnoticias.com.ar\/?p=25051&amp;share=facebook\" target=\"_blank\" title=\"Haz clic para compartir en Facebook\"><span><\/span><span class=\"sharing-screen-reader-text\">Haz clic para compartir en Facebook (Se abre en una ventana nueva)<\/span><\/a><\/li><li class=\"share-jetpack-whatsapp\"><a rel=\"nofollow noopener noreferrer\" data-shared=\"\" class=\"share-jetpack-whatsapp sd-button share-icon no-text\" href=\"http:\/\/www.rtvnoticias.com.ar\/?p=25051&amp;share=jetpack-whatsapp\" target=\"_blank\" title=\"Haz clic para compartir en WhatsApp\"><span><\/span><span class=\"sharing-screen-reader-text\">Haz clic para compartir en WhatsApp (Se abre en una ventana nueva)<\/span><\/a><\/li><li class=\"share-telegram\"><a rel=\"nofollow noopener noreferrer\" data-shared=\"\" class=\"share-telegram sd-button share-icon no-text\" href=\"http:\/\/www.rtvnoticias.com.ar\/?p=25051&amp;share=telegram\" target=\"_blank\" title=\"Haz clic para compartir en Telegram\"><span><\/span><span class=\"sharing-screen-reader-text\">Haz clic para compartir en Telegram (Se abre en una ventana nueva)<\/span><\/a><\/li><li class=\"share-end\"><\/li><\/ul><\/div><\/div><\/div>","protected":false},"author":7,"featured_media":25052,"comment_status":"closed","ping_status":"closed","sticky":false,"template":"","format":"standard","meta":{"spay_email":"","jetpack_publicize_message":"","jetpack_is_tweetstorm":false,"jetpack_publicize_feature_enabled":true},"categories":[1],"tags":[],"jetpack_featured_media_url":"http:\/\/www.rtvnoticias.com.ar\/wp-content\/uploads\/2020\/12\/diputados.jpg","jetpack_publicize_connections":[],"jetpack_sharing_enabled":true,"_links":{"self":[{"href":"http:\/\/www.rtvnoticias.com.ar\/index.php?rest_route=\/wp\/v2\/posts\/25051"}],"collection":[{"href":"http:\/\/www.rtvnoticias.com.ar\/index.php?rest_route=\/wp\/v2\/posts"}],"about":[{"href":"http:\/\/www.rtvnoticias.com.ar\/index.php?rest_route=\/wp\/v2\/types\/post"}],"author":[{"embeddable":true,"href":"http:\/\/www.rtvnoticias.com.ar\/index.php?rest_route=\/wp\/v2\/users\/7"}],"replies":[{"embeddable":true,"href":"http:\/\/www.rtvnoticias.com.ar\/index.php?rest_route=%2Fwp%2Fv2%2Fcomments&post=25051"}],"version-history":[{"count":1,"href":"http:\/\/www.rtvnoticias.com.ar\/index.php?rest_route=\/wp\/v2\/posts\/25051\/revisions"}],"predecessor-version":[{"id":25053,"href":"http:\/\/www.rtvnoticias.com.ar\/index.php?rest_route=\/wp\/v2\/posts\/25051\/revisions\/25053"}],"wp:featuredmedia":[{"embeddable":true,"href":"http:\/\/www.rtvnoticias.com.ar\/index.php?rest_route=\/wp\/v2\/media\/25052"}],"wp:attachment":[{"href":"http:\/\/www.rtvnoticias.com.ar\/index.php?rest_route=%2Fwp%2Fv2%2Fmedia&parent=25051"}],"wp:term":[{"taxonomy":"category","embeddable":true,"href":"http:\/\/www.rtvnoticias.com.ar\/index.php?rest_route=%2Fwp%2Fv2%2Fcategories&post=25051"},{"taxonomy":"post_tag","embeddable":true,"href":"http:\/\/www.rtvnoticias.com.ar\/index.php?rest_route=%2Fwp%2Fv2%2Ftags&post=25051"}],"curies":[{"name":"wp","href":"https:\/\/api.w.org\/{rel}","templated":true}]}}