{"id":25054,"date":"2020-12-29T12:49:08","date_gmt":"2020-12-29T15:49:08","guid":{"rendered":"http:\/\/www.rtvnoticias.com.ar\/?p=25054"},"modified":"2020-12-29T12:49:13","modified_gmt":"2020-12-29T15:49:13","slug":"el-senado-trata-el-proyecto-de-ley-de-interrupcion-legal-del-embarazo","status":"publish","type":"post","link":"http:\/\/www.rtvnoticias.com.ar\/?p=25054","title":{"rendered":"El Senado trata el proyecto de Ley de Interrupci\u00f3n Legal del Embarazo"},"content":{"rendered":"\n<p style=\"text-align:center\"><strong>La sesi\u00f3n comenzar\u00e1 a las 16. Ser\u00e1 a trav\u00e9s de videoconferencia y s\u00f3lo se permitir\u00e1 a poco m\u00e1s de una docena de legisladores en el recinto.<\/strong><\/p>\n\n\n\n<p>La discusi\u00f3n del proyecto de Ley de Interrupci\u00f3n Voluntaria del Embarazo (IVE), junto con la iniciativa para acompa\u00f1ar los primeros meses de los ni\u00f1os -conocida como el Plan de los 1.000 D\u00edas- cerrar\u00e1n el a\u00f1o parlamentario del Senado con una sesi\u00f3n que comenzar\u00e1 este martes a la tarde y que se extender\u00eda hasta el d\u00eda siguiente.<\/p>\n\n\n\n<p>Ambos proyectos ya obtuvieron sanci\u00f3n de Diputados y, si el Senado los aprueba sin cambios, ser\u00e1n convertidos en ley antes de que finalice el a\u00f1o.<\/p>\n\n\n\n<p>El Plan de los 1.000 D\u00edas, para la atenci\u00f3n y el cuidado de la salud durante el embarazo y la primera Infancia, fue dictaminado esta semana y obtendr\u00e1 el aval de la C\u00e1mara alta ya que, durante su discusi\u00f3n en comisiones, obtuvo el apoyo de todos los bloques parlamentarios.<\/p>\n\n\n\n<p>El proyecto establece una nueva asignaci\u00f3n por Cuidado de Salud Integral, que consiste en el pago de una Asignaci\u00f3n Universal por Hijo (AUH) a concretarse una vez por a\u00f1o para ayudar al cuidado de cada ni\u00f1o o ni\u00f1a menor de tres a\u00f1os.<\/p>\n\n\n\n<p>Al mismo tiempo, extiende la Asignaci\u00f3n Universal por Embarazo (AUE), que pasar\u00e1 de tener seis mensualidades a nueve, para abarcar la totalidad de la gestaci\u00f3n.<\/p>\n\n\n\n<p>En tanto, el proyecto para legalizar el aborto en la Argentina cuenta casi con tantos apoyos como rechazos en el Senado, por lo que la definici\u00f3n se conocer\u00e1 ese mismo d\u00eda durante el debate.<\/p>\n\n\n\n<p><strong>C\u00f3mo ser\u00e1 el desarrollo de la jornada<\/strong><\/p>\n\n\n\n<p>La discusi\u00f3n, como durante todo el a\u00f1o desde que se declar\u00f3 la pandemia por coronavirus, volver\u00e1 a ser a trav\u00e9s de videoconferencia y s\u00f3lo se permitir\u00e1 a poco m\u00e1s de una docena de legisladores en el recinto: cuatro por cada uno de los dos bloques mayoritarios (el Frente de Todos y Juntos por el Cambio) y seis por las dem\u00e1s bancadas.<\/p>\n\n\n\n<p>El resto de los legisladores deber\u00e1n pronunciar sus discursos a trav\u00e9s de la plataforma Webex que viene utiliz\u00e1ndose desde mayo y que funcion\u00f3 sin mayores inconvenientes durante los meses de la pandemia de coronavirus.<\/p>\n\n\n\n<p><strong>\u00bfCambios al proyecto?<\/strong><\/p>\n\n\n\n<p>El proyecto sobre la legalizaci\u00f3n del aborto atraviesa los bloques de manera transversal, separando a quienes apoyan la interrupci\u00f3n voluntaria del embarazo y quienes se oponen, sin distinguir la bander\u00eda pol\u00edtica.<\/p>\n\n\n\n<p>Durante los \u00faltimos d\u00edas, la sanci\u00f3n de la iniciativa tal como lleg\u00f3 de Diputados fue puesta en duda luego de que uno de los senadores aliados del Frente de Todos, el rionegrino de Juntos Somos R\u00edo Negro Alberto Weretilneck, solicit\u00f3 algunos cambios al proyecto porque, de lo contrario, se abstendr\u00eda.<\/p>\n\n\n\n<p>La misma decisi\u00f3n tomar\u00edan, seg\u00fan dejaron trascender, algunos representantes de la coalici\u00f3n opositora Juntos por el Cambio.<\/p>\n\n\n\n<p>Si as\u00ed ocurriera, el proyecto deber\u00eda volver a Diputados en segunda revisi\u00f3n.<\/p>\n\n\n\n<p>Sin embargo, voceros del Frente de Todos aseguraron que no avalar\u00e1n ninguna modificaci\u00f3n en el expediente y que buscar\u00e1n consensuar el apoyo del Senado para que sea ley ese mismo d\u00eda.<\/p>\n\n\n\n<p>En ese sentido, la ministra de las Mujeres, G\u00e9neros y Diversidad, Elizabeth G\u00f3mez Alcorta, asegur\u00f3 en los \u00faltimos d\u00edas que \u00abno se est\u00e1 analizando introducir cambios en el texto\u00bb y endilg\u00f3 una \u00abmirada corta\u00bb a quienes atan la suerte de la iniciativa en la C\u00e1mara alta a una idea de victoria o derrota del Gobierno.<\/p>\n\n\n\n<p>\u00abEst\u00e1 bueno aclarar que, en principio, no se est\u00e1 analizando introducir cambios en el texto del proyecto\u00bb, respondi\u00f3 G\u00f3mez Alcorta al ser consultada sobre las versiones que circulaban en ese sentido.<\/p>\n\n\n\n<p>Adem\u00e1s de algunos legisladores que a\u00fan no comunicaron su decisi\u00f3n sobre el proyecto, como las opositoras Lucila Crexell y Stella Maris Olalla, est\u00e1 en duda la participaci\u00f3n del riojano Carlos Menem, quien permanece internado en una cl\u00ednica porte\u00f1a a ra\u00edz de una descompensaci\u00f3n que sufri\u00f3 a fines de la semana pasada.<\/p>\n\n\n\n<p>Menem, al igual que el tucumano Jos\u00e9 Alperovich (de licencia y denunciado por presunto abuso sexual), son fervientes opositores a la legalizaci\u00f3n de la interrupci\u00f3n voluntaria del embarazo.<\/p>\n<div class=\"sharedaddy sd-sharing-enabled\"><div class=\"robots-nocontent sd-block sd-social sd-social-icon sd-sharing\"><h3 class=\"sd-title\">Comparte esto:<\/h3><div class=\"sd-content\"><ul><li class=\"share-twitter\"><a rel=\"nofollow noopener noreferrer\" data-shared=\"sharing-twitter-25054\" class=\"share-twitter sd-button share-icon no-text\" href=\"http:\/\/www.rtvnoticias.com.ar\/?p=25054&amp;share=twitter\" target=\"_blank\" title=\"Haz clic para compartir en Twitter\"><span><\/span><span class=\"sharing-screen-reader-text\">Haz clic para compartir en Twitter (Se abre en una ventana nueva)<\/span><\/a><\/li><li class=\"share-facebook\"><a rel=\"nofollow noopener noreferrer\" data-shared=\"sharing-facebook-25054\" class=\"share-facebook sd-button share-icon no-text\" href=\"http:\/\/www.rtvnoticias.com.ar\/?p=25054&amp;share=facebook\" target=\"_blank\" title=\"Haz clic para compartir en Facebook\"><span><\/span><span class=\"sharing-screen-reader-text\">Haz clic para compartir en Facebook (Se abre en una ventana nueva)<\/span><\/a><\/li><li class=\"share-jetpack-whatsapp\"><a rel=\"nofollow noopener noreferrer\" data-shared=\"\" class=\"share-jetpack-whatsapp sd-button share-icon no-text\" href=\"http:\/\/www.rtvnoticias.com.ar\/?p=25054&amp;share=jetpack-whatsapp\" target=\"_blank\" title=\"Haz clic para compartir en WhatsApp\"><span><\/span><span class=\"sharing-screen-reader-text\">Haz clic para compartir en WhatsApp (Se abre en una ventana nueva)<\/span><\/a><\/li><li class=\"share-telegram\"><a rel=\"nofollow noopener noreferrer\" data-shared=\"\" class=\"share-telegram sd-button share-icon no-text\" href=\"http:\/\/www.rtvnoticias.com.ar\/?p=25054&amp;share=telegram\" target=\"_blank\" title=\"Haz clic para compartir en Telegram\"><span><\/span><span class=\"sharing-screen-reader-text\">Haz clic para compartir en Telegram (Se abre en una ventana nueva)<\/span><\/a><\/li><li class=\"share-end\"><\/li><\/ul><\/div><\/div><\/div>","protected":false},"excerpt":{"rendered":"<p>La sesi\u00f3n comenzar\u00e1 a las 16. Ser\u00e1 a trav\u00e9s de videoconferencia y s\u00f3lo se permitir\u00e1 a poco m\u00e1s de una docena de legisladores en el<\/p>\n<div class=\"sharedaddy sd-sharing-enabled\"><div class=\"robots-nocontent sd-block sd-social sd-social-icon sd-sharing\"><h3 class=\"sd-title\">Comparte esto:<\/h3><div class=\"sd-content\"><ul><li class=\"share-twitter\"><a rel=\"nofollow noopener noreferrer\" data-shared=\"sharing-twitter-25054\" class=\"share-twitter sd-button share-icon no-text\" href=\"http:\/\/www.rtvnoticias.com.ar\/?p=25054&amp;share=twitter\" target=\"_blank\" title=\"Haz clic para compartir en Twitter\"><span><\/span><span class=\"sharing-screen-reader-text\">Haz clic para compartir en Twitter (Se abre en una ventana nueva)<\/span><\/a><\/li><li class=\"share-facebook\"><a rel=\"nofollow noopener noreferrer\" data-shared=\"sharing-facebook-25054\" class=\"share-facebook sd-button share-icon no-text\" href=\"http:\/\/www.rtvnoticias.com.ar\/?p=25054&amp;share=facebook\" target=\"_blank\" title=\"Haz clic para compartir en Facebook\"><span><\/span><span class=\"sharing-screen-reader-text\">Haz clic para compartir en Facebook (Se abre en una ventana nueva)<\/span><\/a><\/li><li class=\"share-jetpack-whatsapp\"><a rel=\"nofollow noopener noreferrer\" data-shared=\"\" class=\"share-jetpack-whatsapp sd-button share-icon no-text\" href=\"http:\/\/www.rtvnoticias.com.ar\/?p=25054&amp;share=jetpack-whatsapp\" target=\"_blank\" title=\"Haz clic para compartir en WhatsApp\"><span><\/span><span class=\"sharing-screen-reader-text\">Haz clic para compartir en WhatsApp (Se abre en una ventana nueva)<\/span><\/a><\/li><li class=\"share-telegram\"><a rel=\"nofollow noopener noreferrer\" data-shared=\"\" class=\"share-telegram sd-button share-icon no-text\" href=\"http:\/\/www.rtvnoticias.com.ar\/?p=25054&amp;share=telegram\" target=\"_blank\" title=\"Haz clic para compartir en Telegram\"><span><\/span><span class=\"sharing-screen-reader-text\">Haz clic para compartir en Telegram (Se abre en una ventana nueva)<\/span><\/a><\/li><li class=\"share-end\"><\/li><\/ul><\/div><\/div><\/div>","protected":false},"author":7,"featured_media":0,"comment_status":"closed","ping_status":"closed","sticky":false,"template":"","format":"standard","meta":{"spay_email":"","jetpack_publicize_message":"","jetpack_is_tweetstorm":false,"jetpack_publicize_feature_enabled":true},"categories":[1],"tags":[],"jetpack_featured_media_url":"","jetpack_publicize_connections":[],"jetpack_sharing_enabled":true,"_links":{"self":[{"href":"http:\/\/www.rtvnoticias.com.ar\/index.php?rest_route=\/wp\/v2\/posts\/25054"}],"collection":[{"href":"http:\/\/www.rtvnoticias.com.ar\/index.php?rest_route=\/wp\/v2\/posts"}],"about":[{"href":"http:\/\/www.rtvnoticias.com.ar\/index.php?rest_route=\/wp\/v2\/types\/post"}],"author":[{"embeddable":true,"href":"http:\/\/www.rtvnoticias.com.ar\/index.php?rest_route=\/wp\/v2\/users\/7"}],"replies":[{"embeddable":true,"href":"http:\/\/www.rtvnoticias.com.ar\/index.php?rest_route=%2Fwp%2Fv2%2Fcomments&post=25054"}],"version-history":[{"count":1,"href":"http:\/\/www.rtvnoticias.com.ar\/index.php?rest_route=\/wp\/v2\/posts\/25054\/revisions"}],"predecessor-version":[{"id":25055,"href":"http:\/\/www.rtvnoticias.com.ar\/index.php?rest_route=\/wp\/v2\/posts\/25054\/revisions\/25055"}],"wp:attachment":[{"href":"http:\/\/www.rtvnoticias.com.ar\/index.php?rest_route=%2Fwp%2Fv2%2Fmedia&parent=25054"}],"wp:term":[{"taxonomy":"category","embeddable":true,"href":"http:\/\/www.rtvnoticias.com.ar\/index.php?rest_route=%2Fwp%2Fv2%2Fcategories&post=25054"},{"taxonomy":"post_tag","embeddable":true,"href":"http:\/\/www.rtvnoticias.com.ar\/index.php?rest_route=%2Fwp%2Fv2%2Ftags&post=25054"}],"curies":[{"name":"wp","href":"https:\/\/api.w.org\/{rel}","templated":true}]}}